{"id":261162,"date":"2025-07-20T13:30:15","date_gmt":"2025-07-20T13:30:15","guid":{"rendered":"https:\/\/www.europesays.com\/fr\/261162\/"},"modified":"2025-07-20T13:30:15","modified_gmt":"2025-07-20T13:30:15","slug":"je-suis-en-pleine-forme-a-80-ans-voici-lactivite-physique-ideale","status":"publish","type":"post","link":"https:\/\/www.europesays.com\/fr\/261162\/","title":{"rendered":"je suis en pleine forme \u00e0 80 ans, voici l&rsquo;activit\u00e9 physique id\u00e9ale"},"content":{"rendered":"<p class=\"post-excerpt\">Et si le secret de la forme \u00e0 80 ans ne r\u00e9sidait pas dans des s\u00e9ances de yoga sophistiqu\u00e9es ou des programmes de remise en forme complexes\u202f? Pour de nombreux seniors en pleine sant\u00e9, la cl\u00e9 est bien plus simple.<\/p>\n<p>Vieillir en restant actif, alerte et autonome est un objectif que partagent <strong>de plus en plus de personnes.<\/strong> Aujourd\u2019hui, \u00e0 80 ans, de nombreux seniors cassent les st\u00e9r\u00e9otypes li\u00e9s \u00e0 l\u2019\u00e2ge et entretiennent <a href=\"https:\/\/www.aufeminin.com\/societe\/je-suis-medecin-du-sport-et-marcher-10-000-pas-par-jour-cest-nimporte-quoi-voici-ce-qui-compte-vraiment-pour-la-sante-2631245.html\" target=\"_blank\" rel=\"noopener\">une forme physique<\/a> impressionnante, sans renoncer au plaisir et \u00e0 la simplicit\u00e9. Si l\u2019esp\u00e9rance de vie a augment\u00e9, c\u2019est surtout l\u2019esp\u00e9rance de vie en bonne sant\u00e9 qui devient essentielle. Se sentir bien dans son corps, mobile, ind\u00e9pendant et en harmonie avec soi-m\u00eame passe notamment par une hygi\u00e8ne de vie \u00e9quilibr\u00e9e, et en premier lieu, <a href=\"https:\/\/www.aufeminin.com\/sports-femme\/sport-apres-60-ans-voici-la-meilleure-activite-physique-pour-se-remettre-en-forme-selon-une-coach-sportive-s4091848.html\" target=\"_blank\" rel=\"noopener\">par l\u2019activit\u00e9 physique.<\/a><\/p>\n<p>On pense souvent, \u00e0 tort, que le sport pass\u00e9 un certain \u00e2ge est r\u00e9serv\u00e9 aux plus t\u00e9m\u00e9raires ou aux anciens sportifs. Pourtant, <strong>les bienfaits du mouvement<\/strong> ne concernent pas que les athl\u00e8tes du troisi\u00e8me \u00e2ge. Il n\u2019est pas n\u00e9cessaire de suivre des cours intensifs de yoga, de se lancer dans un marathon ou de soulever des poids <a href=\"https:\/\/www.aufeminin.com\/bienetre\/8-bienfaits-insoupconnes-de-la-marche-a-pied-apres-50-ans-s4044773.html\" target=\"_blank\" rel=\"noopener\">pour entretenir sa vitalit\u00e9<\/a>. \u00c0 cet \u00e2ge, l\u2019enjeu n\u2019est pas la performance, mais la r\u00e9gularit\u00e9. Bouger un peu chaque jour, \u00e0 son rythme, est plus b\u00e9n\u00e9fique qu\u2019un effort occasionnel intense. Et parmi toutes les activit\u00e9s possibles, une pratique simple et accessible fait l\u2019unanimit\u00e9 chez les professionnels de sant\u00e9 comme chez les seniors eux-m\u00eames. Il s\u00a0\u00bbagit de <strong>la marche.<\/strong> <\/p>\n<p> La marche, une alli\u00e9e sant\u00e9 pr\u00e9cieuse \u00e0 tout \u00e2ge <\/p>\n<p>Souvent sous-estim\u00e9e, la marche est en r\u00e9alit\u00e9 l\u2019une<strong> des activit\u00e9s physiques les plus compl\u00e8tes,<\/strong> particuli\u00e8rement adapt\u00e9e \u00e0 celles et ceux qui souhaitent rester actifs sans risquer de blessure ni trop solliciter leurs articulations. Elle fait travailler l\u2019ensemble du corps, am\u00e9liore la respiration, stimule la circulation sanguine, renforce les muscles, maintient les os en bonne sant\u00e9 et favorise l\u2019\u00e9quilibre. Ces effets combin\u00e9s permettent de r\u00e9duire consid\u00e9rablement le risque de chutes, de fractures, de maladies cardiovasculaires, de diab\u00e8te ou encore de d\u00e9clin cognitif. \u00c0 80 ans, marcher au quotidien peut suffire \u00e0 pr\u00e9server l\u2019autonomie et <strong>la forme de mani\u00e8re durable.<\/strong><\/p>\n<p>Mais au-del\u00e0 des bienfaits physiques, la marche a aussi <strong>un impact psychologique majeur.<\/strong> Elle favorise la clart\u00e9 mentale, r\u00e9duit le stress, am\u00e9liore la qualit\u00e9 du sommeil, stimule la bonne humeur et consolide le lien social. Sortir de chez soi, croiser des voisins, \u00e9changer un mot, respirer l\u2019air frais ou marcher dans la nature peut transformer une journ\u00e9e et rompre l\u2019isolement. La marche permet aussi de s\u2019ancrer dans une routine positive : c\u2019est un moment pour soi, simple, accessible, et gratifiant. Il n\u2019est pas rare de voir des seniors octog\u00e9naires t\u00e9moigner d\u2019un profond sentiment de satisfaction et de fiert\u00e9 \u00e0 l\u2019id\u00e9e de faire leurs 5\u202f000 pas quotidiens.<\/p>\n<p><img loading=\"lazy\" decoding=\"async\" itemprop=\"thumbnailUrl\" class=\"alignnone size-large wp-image-2641028 img-responsive  pinit-here\" src=\"https:\/\/www.europesays.com\/fr\/wp-content\/uploads\/2025\/07\/marche-femme-activite-physique-1024x683.jpg\" alt=\"Cette activit\u00e9 pour garder la forme \u00e0 80 ans\" width=\"1024\" height=\"683\" data-pin-media=\"https:\/\/sf1.afcdn.com\/wp-content\/uploads\/aufeminin\/2025\/07\/marche-femme-activite-physique-736x491.jpg\"\/> \u00a9  Shutterstock<\/p>\n<p> La forme apr\u00e8s 80 ans : bouger, le secret d\u2019une vitalit\u00e9 durable <\/p>\n<p>Les experts recommandent une moyenne <strong>de 20 \u00e0 30 minutes de marche rapide<\/strong> par jour, mais chacun peut adapter la dur\u00e9e et l\u2019intensit\u00e9 \u00e0 ses propres capacit\u00e9s. M\u00eame une courte promenade de 10 minutes, r\u00e9p\u00e9t\u00e9e dans la journ\u00e9e, est b\u00e9n\u00e9fique. Il est important de s\u2019\u00e9couter, de marcher sur terrain plat et stable si n\u00e9cessaire, de porter des chaussures adapt\u00e9es et, pour ceux qui en ont besoin, de s\u2019aider d\u2019une canne ou d\u2019un b\u00e2ton de marche. L\u2019objectif est de maintenir le corps en mouvement, sans forcer, et de conserver le plaisir, indispensable pour faire durer cette bonne habitude dans le temps.<\/p>\n<p>\u00c0 80 ans, pratiquer la marche chaque jour est non seulement <strong>une source de sant\u00e9,<\/strong> mais aussi un geste de libert\u00e9. Cela permet de rester acteur de sa vie, de prendre soin de soi et de montrer que le vieillissement ne signifie pas l\u2019immobilisme. Bien au contraire, bouger un peu chaque jour est l\u2019un des secrets de ceux qui vieillissent heureux&#8230; et debout.<\/p>\n","protected":false},"excerpt":{"rendered":"Et si le secret de la forme \u00e0 80 ans ne r\u00e9sidait pas dans des s\u00e9ances de yoga&hellip;\n","protected":false},"author":2,"featured_media":261163,"comment_status":"","ping_status":"","sticky":false,"template":"","format":"standard","meta":{"footnotes":""},"categories":[10],"tags":[33042,4988,1011,27,72,71],"class_list":{"0":"post-261162","1":"post","2":"type-post","3":"status-publish","4":"format-standard","5":"has-post-thumbnail","7":"category-sante","8":"tag-activite-sportive","9":"tag-forme","10":"tag-fr","11":"tag-france","12":"tag-health","13":"tag-sante"},"share_on_mastodon":{"url":"https:\/\/pubeurope.com\/@fr\/114885808871160513","error":""},"_links":{"self":[{"href":"https:\/\/www.europesays.com\/fr\/wp-json\/wp\/v2\/posts\/261162","targetHints":{"allow":["GET"]}}],"collection":[{"href":"https:\/\/www.europesays.com\/fr\/wp-json\/wp\/v2\/posts"}],"about":[{"href":"https:\/\/www.europesays.com\/fr\/wp-json\/wp\/v2\/types\/post"}],"author":[{"embeddable":true,"href":"https:\/\/www.europesays.com\/fr\/wp-json\/wp\/v2\/users\/2"}],"replies":[{"embeddable":true,"href":"https:\/\/www.europesays.com\/fr\/wp-json\/wp\/v2\/comments?post=261162"}],"version-history":[{"count":0,"href":"https:\/\/www.europesays.com\/fr\/wp-json\/wp\/v2\/posts\/261162\/revisions"}],"wp:featuredmedia":[{"embeddable":true,"href":"https:\/\/www.europesays.com\/fr\/wp-json\/wp\/v2\/media\/261163"}],"wp:attachment":[{"href":"https:\/\/www.europesays.com\/fr\/wp-json\/wp\/v2\/media?parent=261162"}],"wp:term":[{"taxonomy":"category","embeddable":true,"href":"https:\/\/www.europesays.com\/fr\/wp-json\/wp\/v2\/categories?post=261162"},{"taxonomy":"post_tag","embeddable":true,"href":"https:\/\/www.europesays.com\/fr\/wp-json\/wp\/v2\/tags?post=261162"}],"curies":[{"name":"wp","href":"https:\/\/api.w.org\/{rel}","templated":true}]}}