{"id":261165,"date":"2025-07-20T13:32:11","date_gmt":"2025-07-20T13:32:11","guid":{"rendered":"https:\/\/www.europesays.com\/fr\/261165\/"},"modified":"2025-07-20T13:32:11","modified_gmt":"2025-07-20T13:32:11","slug":"a-avignon-un-cri-dalerte-sur-les-enfants-places-actualites","status":"publish","type":"post","link":"https:\/\/www.europesays.com\/fr\/261165\/","title":{"rendered":"A Avignon, un cri d&rsquo;alerte sur les enfants plac\u00e9s : Actualit\u00e9s"},"content":{"rendered":"<p class=\"lead \">\u00ab\u00a0J&rsquo;ai la chance de pouvoir raconter des histoires qui peuvent visibiliser des personnes qui ne le sont pas. Je m&rsquo;en saisis\u00a0\u00bb: dans \u00ab\u00a0Taire\u00a0\u00bb, Tamara Al Saadi r\u00e9\u00e9crit le mythe d&rsquo;Antigone pour \u00e9voquer les trajectoires bris\u00e9es des quelque 400.000 enfants plac\u00e9s en France.<\/p>\n<p class=\"lead \">Dans ce spectacle pr\u00e9sent\u00e9 \u00e0 La FabricA au Festival d&rsquo;Avignon \u00e0 partir de lundi, la metteuse en sc\u00e8ne franco-irakienne a imagin\u00e9 un r\u00e9cit dans lequel deux adolescentes se font face.<\/p>\n<p class=\"lead \">D&rsquo;un c\u00f4t\u00e9, Antigone, figure de la r\u00e9volte, qui ici se refuse \u00e0 parler pour montrer son opposition au pouvoir royal. De l&rsquo;autre, Eden, enfant puis jeune adolescente, plac\u00e9e de familles d&rsquo;accueil en foyer, qui hurle sa col\u00e8re et sa d\u00e9tresse face au racisme et au travail forc\u00e9.<\/p>\n<p class=\"lead \">\u00ab\u00a0Taire\u00a0\u00bb montre aussi les violences dans les foyers, l&rsquo;absurdit\u00e9 de certaines d\u00e9cisions administratives, des professionnels d\u00e9munis qui croulent sous les dossiers.<\/p>\n<p class=\"lead \">\u00ab\u00a0Sensible \u00e0 l&rsquo;\u00e9tat psychique de la jeunesse\u00a0\u00bb d&rsquo;aujourd&rsquo;hui, il s&rsquo;agit, pour Tamara Al Saadi, de lancer un cri d&rsquo;alerte sur une politique publique \u00ab\u00a0compl\u00e8tement satur\u00e9e\u00a0\u00bb et sur \u00ab\u00a0l&rsquo;invisibilisation, sur le sol fran\u00e7ais, du sort de 400.000 enfants\u00a0\u00bb, t\u00e9moigne-t-elle \u00e0 l&rsquo;AFP lors de la pr\u00e9-tourn\u00e9e de sa pi\u00e8ce.<\/p>\n<p class=\"lead \">Le secteur de l&rsquo;Aide sociale \u00e0 l&rsquo;enfance (ASE, ex-Ddass) vacille depuis plusieurs ann\u00e9es, \u00e9branl\u00e9 par un manque de budget, une p\u00e9nurie de professionnels, un \u00e9puisement des acteurs de terrain et une justice satur\u00e9e. <\/p>\n<p class=\"lead \">Une commission d&rsquo;enqu\u00eate de l&rsquo;Assembl\u00e9e nationale a publi\u00e9 en avril un rapport, dans lequel elle \u00e9met plusieurs pr\u00e9conisations, dont une loi de programmation ou encore la cr\u00e9ation d&rsquo;une commission r\u00e9paration.<\/p>\n<p class=\"lead \">En 2022, pr\u00e8s de 380.000 enfants \u00e9taient concern\u00e9s par des mesures d&rsquo;ASE, dont 55% plac\u00e9s hors de leur famille.<\/p>\n<p class=\"lead \">&#8211; \u00ab\u00a0outil de r\u00e9flexion\u00a0\u00bb &#8211;<\/p>\n<p class=\"lead \">Sur le plateau, les deux histoires tragiques d&rsquo;Eden et d&rsquo;Antigone sont pos\u00e9es tout en d\u00e9licatesse par une sc\u00e9nographie m\u00ealant univers r\u00e9aliste ou fantastique. Une partition musicale compos\u00e9e de chants arabes et de bruitages, jou\u00e9e en live par trois performeurs, ponctue les diff\u00e9rents tableaux. <\/p>\n<p class=\"lead \">N\u00e9e \u00e0 Bagdad pendant la guerre Iran-Irak, arriv\u00e9e en France \u00e0 l&rsquo;\u00e2ge de cinq ans, Tamara Al Saadi a grandi \u00e0 Paris, \u00e9tudi\u00e9 les sciences sociales, s&rsquo;est form\u00e9e au m\u00e9tier de com\u00e9dienne avant de faire un master avec le philosophe et sociologue Bruno Latour \u00e0 Sciences Po Paris. Dans son travail, qu&rsquo;elle revendique comme du th\u00e9\u00e2tre \u00ab\u00a0document\u00e9\u00a0\u00bb fait \u00e0 partir d'\u00a0\u00bb\u00e9v\u00e9nements v\u00e9rifi\u00e9s\u00a0\u00bb, les sciences sociales ne sont jamais loin. <\/p>\n<p class=\"lead \">\u00ab\u00a0Le parcours d&rsquo;Eden, son enfance, est tr\u00e8s typique\u00a0\u00bb, raconte la trentenaire, qui \u00e9crit ou met en sc\u00e8ne en France depuis 2011. Elle a cr\u00e9\u00e9 en 2016 sa compagnie La Base, afin de \u00ab\u00a0faire du th\u00e9\u00e2tre un outil d&rsquo;expression et de r\u00e9flexion aupr\u00e8s des jeunes\u00a0\u00bb.<\/p>\n<p class=\"lead \">Pour \u00e9crire cette pi\u00e8ce, elle s&rsquo;est appuy\u00e9e sur plusieurs recherches, notamment sur des ateliers men\u00e9s dans les services de p\u00e9dopsychiatrie ainsi que sur des entretiens avec des enfants plac\u00e9s ou l&rsquo;ayant \u00e9t\u00e9, avec des \u00e9ducateurs sp\u00e9cialis\u00e9s et des responsables de l\u2019ASE de la Seine-Saint-Denis et du Gard.<\/p>\n<p class=\"lead \">Sa r\u00e9flexion a aussi \u00e9t\u00e9 nourrie par des ateliers de th\u00e9\u00e2tre men\u00e9s avec des adolescents de Paris et de la banlieue nord de la capitale. <\/p>\n<p class=\"small font-weight-bold text-gray3 \"> publi\u00e9 le 20 juillet \u00e0 12h41, AFP<\/p>\n<p>                             Partager<\/p>\n","protected":false},"excerpt":{"rendered":"\u00ab\u00a0J&rsquo;ai la chance de pouvoir raconter des histoires qui peuvent visibiliser des personnes qui ne le sont pas.&hellip;\n","protected":false},"author":2,"featured_media":261166,"comment_status":"","ping_status":"","sticky":false,"template":"","format":"standard","meta":{"footnotes":""},"categories":[8],"tags":[58,1719,59,849,1011,27,19232,20762],"class_list":{"0":"post-261165","1":"post","2":"type-post","3":"status-publish","4":"format-standard","5":"has-post-thumbnail","7":"category-divertissement","8":"tag-divertissement","9":"tag-enfants","10":"tag-entertainment","11":"tag-festival","12":"tag-fr","13":"tag-france","14":"tag-maltraitance","15":"tag-thtre"},"share_on_mastodon":{"url":"https:\/\/pubeurope.com\/@fr\/114885816735916164","error":""},"_links":{"self":[{"href":"https:\/\/www.europesays.com\/fr\/wp-json\/wp\/v2\/posts\/261165","targetHints":{"allow":["GET"]}}],"collection":[{"href":"https:\/\/www.europesays.com\/fr\/wp-json\/wp\/v2\/posts"}],"about":[{"href":"https:\/\/www.europesays.com\/fr\/wp-json\/wp\/v2\/types\/post"}],"author":[{"embeddable":true,"href":"https:\/\/www.europesays.com\/fr\/wp-json\/wp\/v2\/users\/2"}],"replies":[{"embeddable":true,"href":"https:\/\/www.europesays.com\/fr\/wp-json\/wp\/v2\/comments?post=261165"}],"version-history":[{"count":0,"href":"https:\/\/www.europesays.com\/fr\/wp-json\/wp\/v2\/posts\/261165\/revisions"}],"wp:featuredmedia":[{"embeddable":true,"href":"https:\/\/www.europesays.com\/fr\/wp-json\/wp\/v2\/media\/261166"}],"wp:attachment":[{"href":"https:\/\/www.europesays.com\/fr\/wp-json\/wp\/v2\/media?parent=261165"}],"wp:term":[{"taxonomy":"category","embeddable":true,"href":"https:\/\/www.europesays.com\/fr\/wp-json\/wp\/v2\/categories?post=261165"},{"taxonomy":"post_tag","embeddable":true,"href":"https:\/\/www.europesays.com\/fr\/wp-json\/wp\/v2\/tags?post=261165"}],"curies":[{"name":"wp","href":"https:\/\/api.w.org\/{rel}","templated":true}]}}