{"id":261171,"date":"2025-07-20T13:35:10","date_gmt":"2025-07-20T13:35:10","guid":{"rendered":"https:\/\/www.europesays.com\/fr\/261171\/"},"modified":"2025-07-20T13:35:10","modified_gmt":"2025-07-20T13:35:10","slug":"la-semaine-noire-des-medias-aux-etats-unis-mediapart","status":"publish","type":"post","link":"https:\/\/www.europesays.com\/fr\/261171\/","title":{"rendered":"La semaine noire des m\u00e9dias aux \u00c9tats-Unis &#8211; Mediapart"},"content":{"rendered":"<ol>\n<li><a href=\"https:\/\/news.google.com\/rss\/articles\/CBMinAFBVV95cUxPb1NCTXNPN2RuS2NZSzBjSmw5THhqLUlHM0NlcmNWaGh6Q0M2QnpMLThmUWZDUEd3ZVZneEtkUDB1dmxCcTNoaV9mcXdyWWlvZzZUV2tLZ2lGY1JYR3pqUVdvb3Q1X0FkeEdjdDlsUkFfRFNIR1pIaEFMYUVFbG56THZxd1lzZlNaalI3NFZmR2E5ME9RZWF0RFJHWks?oc=5\" target=\"_blank\" rel=\"noopener\">La semaine noire des m\u00e9dias aux \u00c9tats-Unis<\/a>&nbsp;&nbsp;Mediapart<\/li>\n<li><a href=\"https:\/\/news.google.com\/rss\/articles\/CBMi7gFBVV95cUxPeEN4R056RHY5X3VzTVkwc3J1azM2Q1J6bjFIc0NuZEpuWl9MY0RyR1ZpdlMwMWVEbExVWk00THhKV21aNWg5cERiNy1qbFVJdFhBSDZLeXEzUXd4bUY5ZlZURGQzMGtiZnVCZHNVLV9uWWhUdi12SmhoU21sM0tXRlpoaHg0VWpGYTk4OG9sdE05c2dEWXJjbFpBTVR1ZVhacEhTeFVwNExsSkNuaU82TUtiMEVFU1FyZlR0emxublRmLUIzaVRKVno0Y2JwN1J0YzYtc0ZhSTl2LVdSM0dhWjBNQXdnS2RmbHJkVXZn?oc=5\" target=\"_blank\" rel=\"noopener\">Des radios locales \u00abvont fermer\u00bb : Donald Trump fait supprimer 1,1 milliard de dollars de fonds pour l\u2019audiovisuel public<\/a>&nbsp;&nbsp;Le Figaro<\/li>\n<li><a href=\"https:\/\/news.google.com\/rss\/articles\/CBMiiwJBVV95cUxPTHB6ZlJkLXpwUTZJTC1MeWp6ZTZaMEhkTjctWUczQWhaRDNscUNmNDJNUHJlYTRHcXlmSVNMV3JjMnp3ZDZUTnJkTmE4SHFMZ0twRzlRUmdfejBqUlhfVGo1RnNaSi1jNmYtS2hpWnp0eC1uOUFPb3BjRFBXTTB2RS1xZnNXY2owUUdyZlRFNFRrZUlsZk5nNTF1MnpJWEdDb05XWHczby10ek9HSFYxVm1MbGdYTzJnVkNTaUZYd0o1ZHF3cU44TFdITU9qeVpJNXhkMnUzY2RBdnFWVWduSm1SaG4xVWF6a20zeTJNaWNHRlZ2cDhUdG41YXJxQVBEektpOGd2Tmc3WWc?oc=5\" target=\"_blank\" rel=\"noopener\">Le S\u00e9nat vote \u00e0 une tr\u00e8s courte majorit\u00e9 9 milliards de coupes budg\u00e9taires, principalement pour l&rsquo;aide humanitaire<\/a>&nbsp;&nbsp;BFMTV<\/li>\n<li><a href=\"https:\/\/news.google.com\/rss\/articles\/CBMi7wFBVV95cUxOOEJsYTZmdVYzQk54MlhTRlNUWVBCVnBaYkxvRURrMXBfZWlaTktmQkxqNFpuSUpLcjYzdVNvUHBTejFlajZ0MldfM29uOGtmVHV5QWVlc3Y3bm9pdDhnOS1oMDBBQUs1eTlKdjhYdF9meGpsMEp2T0hPV01LdFpEVzFOMkd0QW5FbHFLUW9wcG1hblNZUmVNOUowaFhpY2tXT2xIcEsxbFpQV1liY3N1X0t5QnJnM0Zhd2NxcnJONlZBUExHSmEyLUpVN0V6VkJ6b1drbmZ1ZVhaZVJJbFRVbmdFRTQ3SFZ6Mmppc3dfMA?oc=5\" target=\"_blank\" rel=\"noopener\">Donald Trump s\u2019attaque \u00e0 l\u2019audiovisuel public, les radios et t\u00e9l\u00e9s locales en danger<\/a>&nbsp;&nbsp;Sud Ouest<\/li>\n<li><a href=\"https:\/\/news.google.com\/rss\/articles\/CBMihgJBVV95cUxNMnl0R3JnZ2F4dTJZV2Nha1BQNFZ0akZtLTBkeFRaaDRBTjYxQUFaNkFQR182OGRoUWlyUVhyT0ktZ3ZTandYeTctbEs3dHcyaHB5V0NBYU5VU0NuN0FQY3NvaGQ4ZHV6aThIeHUtZWhaLURBY1poWEdLU0pOY3diel9xUDhXY1JhelU1U3QxTkVxT0xhbEVrSXFNWnh5WVZRMGY0TENwUXNHeGVVNlpaOGpZMzQ1MjB5UGtjVjlOSGdIRmNhdlZjMUg2LWJhbi1PRXg2NDZiT2tuNDFpbWVfWk12WEJsZHJsZVZybVF2YU1oVk9CQmRjZWpPZEhLMmpGSDZRVVpn?oc=5\" target=\"_blank\" rel=\"noopener\">\u00ab Ce sont des m\u00e9dias partisans de gauche financ\u00e9s par les contribuables \u00bb : Trump sabre le budget de l&rsquo;audiovisuel public am\u00e9ricain<\/a>&nbsp;&nbsp;Les Echos<\/li>\n<\/ol>\n","protected":false},"excerpt":{"rendered":"La semaine noire des m\u00e9dias aux \u00c9tats-Unis&nbsp;&nbsp;Mediapart Des radios locales \u00abvont fermer\u00bb : Donald Trump fait supprimer 1,1&hellip;\n","protected":false},"author":2,"featured_media":261172,"comment_status":"","ping_status":"","sticky":false,"template":"","format":"standard","meta":{"footnotes":""},"categories":[5],"tags":[11,782,75,73,1011,27,14,500,12,28],"class_list":{"0":"post-261171","1":"post","2":"type-post","3":"status-publish","4":"format-standard","5":"has-post-thumbnail","7":"category-international","8":"tag-actualites","9":"tag-ameriques","10":"tag-donald-trump","11":"tag-etats-unis","12":"tag-fr","13":"tag-france","14":"tag-international","15":"tag-medias","16":"tag-news","17":"tag-world"},"share_on_mastodon":{"url":"https:\/\/pubeurope.com\/@fr\/114885828544510419","error":""},"_links":{"self":[{"href":"https:\/\/www.europesays.com\/fr\/wp-json\/wp\/v2\/posts\/261171","targetHints":{"allow":["GET"]}}],"collection":[{"href":"https:\/\/www.europesays.com\/fr\/wp-json\/wp\/v2\/posts"}],"about":[{"href":"https:\/\/www.europesays.com\/fr\/wp-json\/wp\/v2\/types\/post"}],"author":[{"embeddable":true,"href":"https:\/\/www.europesays.com\/fr\/wp-json\/wp\/v2\/users\/2"}],"replies":[{"embeddable":true,"href":"https:\/\/www.europesays.com\/fr\/wp-json\/wp\/v2\/comments?post=261171"}],"version-history":[{"count":0,"href":"https:\/\/www.europesays.com\/fr\/wp-json\/wp\/v2\/posts\/261171\/revisions"}],"wp:featuredmedia":[{"embeddable":true,"href":"https:\/\/www.europesays.com\/fr\/wp-json\/wp\/v2\/media\/261172"}],"wp:attachment":[{"href":"https:\/\/www.europesays.com\/fr\/wp-json\/wp\/v2\/media?parent=261171"}],"wp:term":[{"taxonomy":"category","embeddable":true,"href":"https:\/\/www.europesays.com\/fr\/wp-json\/wp\/v2\/categories?post=261171"},{"taxonomy":"post_tag","embeddable":true,"href":"https:\/\/www.europesays.com\/fr\/wp-json\/wp\/v2\/tags?post=261171"}],"curies":[{"name":"wp","href":"https:\/\/api.w.org\/{rel}","templated":true}]}}