{"id":261174,"date":"2025-07-20T13:37:11","date_gmt":"2025-07-20T13:37:11","guid":{"rendered":"https:\/\/www.europesays.com\/fr\/261174\/"},"modified":"2025-07-20T13:37:11","modified_gmt":"2025-07-20T13:37:11","slug":"guerilla-urbaine-crs-deployes-blesses-que-sest-il-passe-ce-week-end-dans-la-ville","status":"publish","type":"post","link":"https:\/\/www.europesays.com\/fr\/261174\/","title":{"rendered":"\u00ab\u00a0Gu\u00e9rilla urbaine\u00a0\u00bb, CRS d\u00e9ploy\u00e9s, bless\u00e9s\u2026 Que s\u2019est-il pass\u00e9 ce week-end\u00a0dans la ville ?"},"content":{"rendered":"<p>Apr\u00e8s une nuit de heurts dans la nuit de vendredi \u00e0 samedi, le calme est revenu dans le quartier du Val de l\u2019Aurence \u00e0 <a href=\"https:\/\/www.20minutes.fr\/societe\/limoges\/\" class=\"color-ultramarine c-link\" target=\"_blank\" rel=\"noopener\">Limoges<\/a>. Des <a href=\"https:\/\/www.20minutes.fr\/dossier\/crs\" class=\"color-ultramarine c-link\" target=\"_blank\" rel=\"noopener\">CRS<\/a> avaient \u00e9t\u00e9 d\u00e9ploy\u00e9s la veille dans la ville de <a href=\"https:\/\/www.20minutes.fr\/dossier\/haute-vienne\" class=\"color-ultramarine c-link\" target=\"_blank\" rel=\"noopener\">Haute-Vienne<\/a>, 24 heures apr\u00e8s un \u00e9pisode de <a href=\"https:\/\/www.20minutes.fr\/dossier\/violences_urbaines\" class=\"color-ultramarine c-link\" target=\"_blank\" rel=\"noopener\">violences urbaines,<\/a> impliquant une centaine d\u2019individus cagoul\u00e9s. Une enqu\u00eate a \u00e9t\u00e9 ouverte pour participation avec arme \u00e0 un attroupement, violences sur fonctionnaires de police, extorsion aggrav\u00e9e et d\u00e9gradations en bande organis\u00e9e du bien d\u2019autrui. 20 Minutes fait le point sur la situation.<\/p>\n<\/p>\n<p>Que s\u2019est-il pass\u00e9\u00a0?<\/p>\n<p>La situation a d\u00e9g\u00e9n\u00e9r\u00e9 dans la nuit de vendredi \u00e0 samedi, aux alentours de 1 heure du matin. Selon la pr\u00e9fecture, une \u00ab\u00a0centaine de personnes\u00a0\u00bb ont bloqu\u00e9 la RN141 menant \u00e0 Angoul\u00eame et s\u2019en sont pris aux v\u00e9hicules \u00e0 coups de batte de baseball. \u00ab\u00a0Certains v\u00e9hicules \u00e9taient occup\u00e9s par des familles, en pr\u00e9sence d\u2019enfants mineurs\u00a0\u00bb, a soulign\u00e9 le parquet dans un communiqu\u00e9. Huit plaintes ont \u00e9t\u00e9 recens\u00e9es, portant sur une dizaine de victimes. \u00ab\u00a0Aucun des automobilistes n\u2019a \u00e9t\u00e9 violent\u00e9 physiquement. Pour autant, plusieurs sont particuli\u00e8rement choqu\u00e9s\u00a0\u00bb, indique l\u2019institution judiciaire.<\/p>\n<p>\u00ab\u00a0Une victime explique avoir \u00e9t\u00e9 forc\u00e9e de sortir de la voiture, de vider ses poches, ce qu\u2019il a fait, et (les suspects) sont ensuite partis avec le v\u00e9hicule\u00a0\u00bb, qui a \u00e9t\u00e9 retrouv\u00e9 plus tard incendi\u00e9, a notamment pr\u00e9cis\u00e9 \u00c9milie Abrantes, procureure de la R\u00e9publique \u00e0 Limoges.<\/p>\n<blockquote class=\"twitter-tweet\" align=\"center\" data-lang=\"fr_FR\">\n<p lang=\"fr\" dir=\"ltr\">Nouvelle nuit d\u2019\u00e9meutes  \u00e0 <a href=\"https:\/\/twitter.com\/hashtag\/Limoges?src=hash&amp;ref_src=twsrc%5Etfw\" target=\"_blank\" rel=\"noopener\">#Limoges<\/a> : guet-apens, voitures incendi\u00e9es, tirs de mortiers, cocktails Molotov. <br \/>Une centaine de voyous ont attaqu\u00e9 nos coll\u00e8gues, dix ont \u00e9t\u00e9 bless\u00e9s. <\/p>\n<p>Un de nos coll\u00e8gues a \u00e9t\u00e9 pris pour cible avec ses enfants. <\/p>\n<p>Jusqu\u2019o\u00f9 allons tomber sans r\u00e9agir ?\u2026 <a href=\"https:\/\/t.co\/Y1jZllhVMc\">pic.twitter.com\/Y1jZllhVMc<\/a><\/p>\n<p>\u2014 Officiers et Commissaires de police (@PoliceSCSI) <a href=\"https:\/\/twitter.com\/PoliceSCSI\/status\/1946602751456141577?ref_src=twsrc%5Etfw\" target=\"_blank\" rel=\"noopener\">July 19, 2025<\/a><\/p><\/blockquote>\n<p class=\"mb-xxl@xs color-ultramarine font-weight-semi-bold@xs font-source-serif-pro heading-s@xs\">L\u2019acc\u00e8s \u00e0 ce contenu a \u00e9t\u00e9 bloqu\u00e9 afin de respecter votre choix de consentement<\/p>\n<p class=\"mb-m@xs text-l@xs\">En cliquant sur\u00ab J\u2019accepte \u00bb, vous acceptez le d\u00e9p\u00f4t de cookies par des services externes et aurez ainsi acc\u00e8s aux contenus de nos partenaires.<\/p>\n<p class=\"mb-xl@xs text-s@xs\">Plus d\u2019informations sur la page<a href=\"https:\/\/www.20minutes.fr\/gestion-cookies\" class=\"mx-xxs@xs color-ultramarine\" target=\"_blank\" rel=\"noopener\">Politique de gestion des cookies<\/a><\/p>\n<p>J\u2019accepte<\/p>\n<p>Des affrontements ont \u00e9clat\u00e9 durant trois heures entre les forces de l\u2019ordre, munis<a href=\"https:\/\/www.20minutes.fr\/societe\/lbd\/\" class=\"color-ultramarine c-link\" target=\"_blank\" rel=\"noopener\"> de LBD<\/a> et de gaz lacrymog\u00e8ne, et ces individus masqu\u00e9s, \u00e9galement arm\u00e9s de mortier et de cocktails Molotov. Les \u00e9chauffour\u00e9es, qui ont cess\u00e9 vers 4 heures du matin, ont fait neuf bless\u00e9s parmi les policiers. Huit des neuf agents bless\u00e9s souffrent d\u2019acouph\u00e8nes et le neuvi\u00e8me d\u2019une blessure \u00e0 une main, selon le parquet de Limoges. Samedi soir, la compagnie de CRS 82, bas\u00e9e \u00e0 Saint-Herblain (Loire-Atlantique) et sp\u00e9cialis\u00e9e dans le maintien de l\u2019ordre s\u2019est d\u00e9ploy\u00e9e dans le quartier vers 22 heures, sur d\u00e9cision du minist\u00e8re de l\u2019Int\u00e9rieur.<\/p>\n<p>O\u00f9 en est la situation ce dimanche\u00a0?<\/p>\n<p>Dans la nuit de samedi \u00e0 dimanche, le calme est revenu. \u00ab\u00a0Rien d\u2019important\u00a0\u00bb ne s\u2019est produit dans la nuit et \u00ab\u00a0aucun renfort (n\u2019a \u00e9t\u00e9) d\u00e9p\u00each\u00e9 sur place\u00a0\u00bb, a d\u00e9clar\u00e9 une source polici\u00e8re \u00e0 un correspondant de l\u2019AFP. Quelques jets de projectile et des tirs de mortier d\u2019artifice lanc\u00e9s \u00e0 22h30 ont \u00e9t\u00e9 recens\u00e9s mais sans bless\u00e9s.<\/p>\n<p>La nuit a \u00e9t\u00e9 \u00ab\u00a0tr\u00e8s calme\u00a0\u00bb dans le quartier, a confirm\u00e9 \u00e0 l\u2019AFP Laurent Nadeau, secr\u00e9taire d\u00e9partemental du syndicat de police Alliance. Deux interpellations sont intervenues mais \u00ab\u00a0pour des affaires courantes de la vie nocturne limougeaude\u00a0\u00bb, a-t-il pr\u00e9cis\u00e9, confirmant des informations de la radio<a href=\"https:\/\/www.francebleu.fr\/infos\/faits-divers-justice\/limoges-nuit-plus-calme-au-val-de-l-aurence-mais-encore-quelques-jets-de-projectiles-et-deux-interpellations-4549012\" rel=\"nofollow noopener\" target=\"_blank\" class=\"color-ultramarine c-link\"> Ici Limousin<\/a>.<\/p>\n<p>Pourquoi cette explosion violence\u00a0?<\/p>\n<p>Le quartier du Val de l\u2019Aurence est \u00ab\u00a0connu\u00a0\u00bb pour des trafics de stup\u00e9fiants mais \u00ab\u00a0aucun \u00e9l\u00e9ment ne permet de relier les \u00e9v\u00e9nements de cette nuit avec une enqu\u00eate r\u00e9cente\u00a0\u00bb sur le narcotrafic, a par ailleurs pr\u00e9cis\u00e9 la procureure de la R\u00e9publique.<\/p>\n<p>Dans cette m\u00eame zone, d\u2019autres violences avaient \u00e9clat\u00e9 <a href=\"https:\/\/www.20minutes.fr\/societe\/4163549-20250714-14-juillet-176-personnes-interpellees-agglomeration-parisienne\" class=\"color-ultramarine c-link\" target=\"_blank\" rel=\"noopener\">dans la nuit du 14\u00a0juillet.<\/a> \u00c0 la suite de ces heurts, deux op\u00e9rations de s\u00e9curisation avaient \u00e9t\u00e9 men\u00e9es mardi et mercredi entra\u00eenant des inspections de halls d\u2019immeubles et des contr\u00f4les dans le quartier, rappelle <a href=\"https:\/\/france3-regions.franceinfo.fr\/nouvelle-aquitaine\/haute-vienne\/limoges\/ca-a-ete-infernal-nuit-de-violences-a-limoges-six-policiers-blesses-apres-trois-heures-d-affrontements-dans-le-quartier-du-val-de-l-aurence-3190230.html\" rel=\"nofollow noopener\" target=\"_blank\" class=\"color-ultramarine c-link\">France 3 Nouvelle-Aquitaine<\/a>.<\/p>\n<p>Le maire LR de Limoges, \u00c9mile Roger Lombertie, d\u00e9crit ce territoire comme un \u00ab\u00a0quartier de grande pauvret\u00e9 avec des jeunes issus d\u2019immigration\u00a0\u00bb devenu selon lui \u00ab\u00a0une zone de non-droit\u00a0\u00bb. Il a \u00e9galement d\u00e9nonc\u00e9 une \u00ab\u00a0gu\u00e9rilla urbaine\u00a0\u00bb.<\/p>\n<p><a href=\"https:\/\/www.20minutes.fr\/dossier\/violences_urbaines\" class=\"c-link c-btn c-btn--primary\" target=\"_blank\" rel=\"noopener\">Retrouvez ici tous nos articles sur les violences urbaines<\/a><\/p>\n<p>\u00ab\u00a0Ils sont organis\u00e9s, structur\u00e9s, c\u2019est programm\u00e9, il y a un plan, un armement, un guet-apens donn\u00e9 aux policiers et aux usagers de la route\u00a0\u00bb, a-t-il d\u00e9plor\u00e9. Et d\u2019ajouter\u00a0: \u00ab\u00a0Ce n\u2019est pas une manifestation spontan\u00e9e pour r\u00e2ler contre quelque chose. Il n\u2019y a pas de pr\u00e9texte. Rien. Il y a l\u2019envie de d\u00e9truire et de montrer que le territoire vous appartient\u00a0\u00bb.<\/p>\n<p><script async src=\"https:\/\/platform.twitter.com\/widgets.js\" charset=\"utf-8\"><\/script><\/p>\n","protected":false},"excerpt":{"rendered":"Apr\u00e8s une nuit de heurts dans la nuit de vendredi \u00e0 samedi, le calme est revenu dans le&hellip;\n","protected":false},"author":2,"featured_media":261175,"comment_status":"","ping_status":"","sticky":false,"template":"","format":"standard","meta":{"footnotes":""},"categories":[2],"tags":[47,11,12513,10643,118,1011,27,8528,2193,8529,12,2219,1072,7501],"class_list":{"0":"post-261174","1":"post","2":"type-post","3":"status-publish","4":"format-standard","5":"has-post-thumbnail","7":"category-actualites","8":"tag-actualite","9":"tag-actualites","10":"tag-crs","11":"tag-emeutes","12":"tag-faits-divers","13":"tag-fr","14":"tag-france","15":"tag-haute-vienne","16":"tag-limoges","17":"tag-limousin","18":"tag-news","19":"tag-nouvelle-aquitaine","20":"tag-police","21":"tag-violences-urbaines"},"share_on_mastodon":{"url":"https:\/\/pubeurope.com\/@fr\/114885836314836995","error":""},"_links":{"self":[{"href":"https:\/\/www.europesays.com\/fr\/wp-json\/wp\/v2\/posts\/261174","targetHints":{"allow":["GET"]}}],"collection":[{"href":"https:\/\/www.europesays.com\/fr\/wp-json\/wp\/v2\/posts"}],"about":[{"href":"https:\/\/www.europesays.com\/fr\/wp-json\/wp\/v2\/types\/post"}],"author":[{"embeddable":true,"href":"https:\/\/www.europesays.com\/fr\/wp-json\/wp\/v2\/users\/2"}],"replies":[{"embeddable":true,"href":"https:\/\/www.europesays.com\/fr\/wp-json\/wp\/v2\/comments?post=261174"}],"version-history":[{"count":0,"href":"https:\/\/www.europesays.com\/fr\/wp-json\/wp\/v2\/posts\/261174\/revisions"}],"wp:featuredmedia":[{"embeddable":true,"href":"https:\/\/www.europesays.com\/fr\/wp-json\/wp\/v2\/media\/261175"}],"wp:attachment":[{"href":"https:\/\/www.europesays.com\/fr\/wp-json\/wp\/v2\/media?parent=261174"}],"wp:term":[{"taxonomy":"category","embeddable":true,"href":"https:\/\/www.europesays.com\/fr\/wp-json\/wp\/v2\/categories?post=261174"},{"taxonomy":"post_tag","embeddable":true,"href":"https:\/\/www.europesays.com\/fr\/wp-json\/wp\/v2\/tags?post=261174"}],"curies":[{"name":"wp","href":"https:\/\/api.w.org\/{rel}","templated":true}]}}