{"id":261189,"date":"2025-07-20T13:49:54","date_gmt":"2025-07-20T13:49:54","guid":{"rendered":"https:\/\/www.europesays.com\/fr\/261189\/"},"modified":"2025-07-20T13:49:54","modified_gmt":"2025-07-20T13:49:54","slug":"14-juillet-a-grenoble-une-voiture-fonce-dans-un-bar-et-prend-feu-ce-quil-sest-passe","status":"publish","type":"post","link":"https:\/\/www.europesays.com\/fr\/261189\/","title":{"rendered":"14-Juillet \u00e0 Grenoble. Une voiture fonce dans un bar et prend feu : ce qu&rsquo;il s&rsquo;est pass\u00e9"},"content":{"rendered":"<p>            Par<br \/>\n        <strong><br \/>\n            <a href=\"https:\/\/actu.fr\/auteur\/lisa-rodrigues\" title=\"Consulter tous les articles de Lisa Rodrigues\" rel=\"nofollow noopener\" target=\"_blank\">Lisa Rodrigues<\/a><br \/>\n        <\/strong><\/p>\n<p>        Publi\u00e9 le<\/p>\n<p>            15 juil. 2025 \u00e0 9h01        <\/p>\n<p>Les faits se sont produits lundi 14 juillet, au petit matin. Il \u00e9tait environ 6 heures quand une <strong>voiture-b\u00e9lier a \u00e9t\u00e9 projet\u00e9e<\/strong> contre un bar, Le Bizertino, cours de la Lib\u00e9ration \u00e0 <a href=\"https:\/\/actu.fr\/auvergne-rhone-alpes\/grenoble_38185\" rel=\"nofollow noopener\" target=\"_blank\">Grenoble<\/a>.<\/p>\n<p>    <a href=\"https:\/\/www.google.com\/maps\/embed?pb=!1m18!1m12!1m3!1d351.57499808407056!2d5.714479018438569!3d45.17494958370261!2m3!1f0!2f0!3f0!3m2!1i1024!2i768!4f13.1!3m3!1m2!1s0x478af59983d52aeb%3A0x8897f9506bc45421!2sCaf%C3%A9%20BIZERTINO!5e0!3m2!1sfr!2sfr!4v1752561944952!5m2!1sfr!2sfr\" title=\"Ouvrie le lien\" rel=\"nofollow noopener\" target=\"_blank\">Cliquez ici pour visualiser le contenu<\/a><\/p>\n<p class=\" wall-content\">Le v\u00e9hicule a ensuite \u00e9t\u00e9 <strong>incendi\u00e9<\/strong>, d\u00e9truisant une partie de l\u2019\u00e9tablissement. Fort heureusement, aucun bless\u00e9 n\u2019est \u00e0 d\u00e9plorer.<\/p>\n<p class=\" wall-content\">Les pompiers, pr\u00e9venus par des riverains, sont rapidement arriv\u00e9s \u00e0 \u00e9teindre le sinistre.<\/p>\n<p>Une fusillade quelques jours auparavant<\/p>\n<p class=\" wall-content\">Une enqu\u00eate a \u00e9t\u00e9 ouverte et les forces de l\u2019ordre ont proc\u00e9d\u00e9 aux premi\u00e8res constations sur place.<\/p>\n<p>Vid\u00e9os : en ce moment sur Actu<\/p>\n<p class=\" wall-content\">Il est \u00e0 noter que moins d\u2019une semaine avant, mercredi 9 juillet, un jeune homme de 22 ans a \u00e9t\u00e9 <a href=\"https:\/\/actu.fr\/auvergne-rhone-alpes\/grenoble_38185\/grenoble-fusillade-en-pleine-rue-un-jeune-homme-de-22-ans-dans-un-etat-grave_62892695.html\" rel=\"nofollow noopener\" target=\"_blank\">gri\u00e8vement bless\u00e9<\/a> de quatre balles dans le dos \u00e0 quelques m\u00e8tres de ce m\u00eame bar. Les investigations devront d\u00e9terminer si les deux \u00e9v\u00e9nements sont li\u00e9s ou non.<\/p>\n<p class=\" wall-content\">Suivez toute l\u2019actualit\u00e9 de vos villes et m\u00e9dias favoris en vous inscrivant \u00e0 <a href=\"https:\/\/moncompte.actu.fr\" title=\"D\u00e9couvez Mon Actu\" rel=\"nofollow noopener\" data-trk=\"{&quot;cta&quot;:{&quot;action&quot;:&quot;https:\\\/\\\/moncompte.actu.fr&quot;,&quot;category&quot;:&quot;mon compte&quot;,&quot;from&quot;:&quot;article footer&quot;,&quot;name&quot;:&quot;Mon actu&quot;,&quot;type&quot;:&quot;cta&quot;}}\" target=\"_blank\">Mon Actu<\/a>.<\/p>\n","protected":false},"excerpt":{"rendered":"Par Lisa Rodrigues Publi\u00e9 le 15 juil. 2025 \u00e0 9h01 Les faits se sont produits lundi 14 juillet,&hellip;\n","protected":false},"author":2,"featured_media":261190,"comment_status":"","ping_status":"","sticky":false,"template":"","format":"standard","meta":{"footnotes":""},"categories":[9566],"tags":[1111,11,2430,1777,674,118,1011,27,2731,1310,12,1072,1311,25],"class_list":{"0":"post-261189","1":"post","2":"type-post","3":"status-publish","4":"format-standard","5":"has-post-thumbnail","7":"category-grenoble","8":"tag-actu","9":"tag-actualites","10":"tag-auvergne-rhone-alpes","11":"tag-eu","12":"tag-europe","13":"tag-faits-divers","14":"tag-fr","15":"tag-france","16":"tag-grenoble","17":"tag-incendie","18":"tag-news","19":"tag-police","20":"tag-pompiers","21":"tag-republique-francaise"},"share_on_mastodon":{"url":"https:\/\/pubeurope.com\/@fr\/114885887492208972","error":""},"_links":{"self":[{"href":"https:\/\/www.europesays.com\/fr\/wp-json\/wp\/v2\/posts\/261189","targetHints":{"allow":["GET"]}}],"collection":[{"href":"https:\/\/www.europesays.com\/fr\/wp-json\/wp\/v2\/posts"}],"about":[{"href":"https:\/\/www.europesays.com\/fr\/wp-json\/wp\/v2\/types\/post"}],"author":[{"embeddable":true,"href":"https:\/\/www.europesays.com\/fr\/wp-json\/wp\/v2\/users\/2"}],"replies":[{"embeddable":true,"href":"https:\/\/www.europesays.com\/fr\/wp-json\/wp\/v2\/comments?post=261189"}],"version-history":[{"count":0,"href":"https:\/\/www.europesays.com\/fr\/wp-json\/wp\/v2\/posts\/261189\/revisions"}],"wp:featuredmedia":[{"embeddable":true,"href":"https:\/\/www.europesays.com\/fr\/wp-json\/wp\/v2\/media\/261190"}],"wp:attachment":[{"href":"https:\/\/www.europesays.com\/fr\/wp-json\/wp\/v2\/media?parent=261189"}],"wp:term":[{"taxonomy":"category","embeddable":true,"href":"https:\/\/www.europesays.com\/fr\/wp-json\/wp\/v2\/categories?post=261189"},{"taxonomy":"post_tag","embeddable":true,"href":"https:\/\/www.europesays.com\/fr\/wp-json\/wp\/v2\/tags?post=261189"}],"curies":[{"name":"wp","href":"https:\/\/api.w.org\/{rel}","templated":true}]}}