{"id":261208,"date":"2025-07-20T14:01:12","date_gmt":"2025-07-20T14:01:12","guid":{"rendered":"https:\/\/www.europesays.com\/fr\/261208\/"},"modified":"2025-07-20T14:01:12","modified_gmt":"2025-07-20T14:01:12","slug":"entre-toulouse-et-castres-une-deviation-polemique-pas-assez-securisee-cette-commune-tranche-dans-le-vif","status":"publish","type":"post","link":"https:\/\/www.europesays.com\/fr\/261208\/","title":{"rendered":"Entre Toulouse et Castres, une d\u00e9viation pol\u00e9mique pas assez s\u00e9curis\u00e9e? Cette commune tranche dans le vif"},"content":{"rendered":"<p>            Par<br \/>\n        <strong><br \/>\n            <a href=\"https:\/\/actu.fr\/auteur\/david-saint-sernin\" title=\"Consulter tous les articles de David Saint-Sernin\" target=\"_blank\" rel=\"noopener\">David Saint-Sernin<\/a><br \/>\n        <\/strong><\/p>\n<p>        Publi\u00e9 le<\/p>\n<p>            20 juil. 2025 \u00e0 15h40        <\/p>\n<p>C\u2019est une d\u00e9viation qui <a href=\"https:\/\/actu.fr\/occitanie\/verfeil_31573\/pres-de-toulouse-les-riverains-excedes-esperent-une-securisation-de-la-deviation-controversee_62284699.html\" target=\"_blank\" rel=\"noopener\">fait pol\u00e9mique depuis des semaines<\/a>, et encore plus depuis quinze jours, <a href=\"https:\/\/actu.fr\/occitanie\/verfeil_31573\" target=\"_blank\" rel=\"noopener\">\u00e0 Verfeil,<\/a> pr\u00e8s de Toulouse. Depuis le 7\u00a0juillet 2025, le contournement routier de cette commune<a href=\"https:\/\/actu.fr\/occitanie\/verfeil_31573\/autoroute-a69-un-chantier-strategique-sur-le-point-de-reprendre-pres-toulouse-un-village-va-souffrir_62849273.html\" target=\"_blank\" rel=\"noopener\"> a \u00e9t\u00e9 ferm\u00e9 \u00e0 la circulation<\/a>. L\u2019ancienne route d\u00e9partementale qui faisait figure de rocade du village est en train d\u2019\u00eatre d\u00e9molie dans le cadre du chantier de l\u2019autoroute A 69 Toulouse-Castres. Dans quelques mois, c\u2019est en effet un tron\u00e7on de l\u2019autoroute, le seul tron\u00e7on qui sera accessible gratuitement entre Toulouse et Castres, qui remplacera cette rocade.<\/p>\n<p>Un trafic d\u00e9vi\u00e9 dans le village<\/p>\n<p class=\" wall-content\">Mais d\u2019ici-l\u00e0, les autorit\u00e9s ont d\u00e9cid\u00e9 de d\u00e9vier tout le trafic routier qui circule entre Toulouse et Castres par le village de Verfeil.<\/p>\n<p class=\" wall-content\">Environ 10\u2009000 v\u00e9hicules, selon les estimations du concessionnaire de l\u2019A69, Atosca, doivent se retrouver chaque jour sur la d\u00e9viation choisie, la route de Puymaurens, qui passe \u00e0 proximit\u00e9 de plusieurs quartiers r\u00e9sidentiels de la commune. Parmi ces 10\u2009000 v\u00e9hicules, Atosca estime \u00e0 2000 le nombre de camions qui vont y passer chaque jour ces prochains mois, notamment \u00e0 partir de la rentr\u00e9e de septembre.<\/p>\n<p>    <img   decoding=\"async\" loading=\"lazy\" src=\"https:\/\/www.europesays.com\/fr\/wp-content\/uploads\/2025\/07\/unnamed-5-960x640.jpg\" alt=\"Depuis la fermeture de la rocade de Verfeil, les v\u00e9hicules sont redirig\u00e9s vers le bas du village, via la route de Puylaurens.\" width=\"960\" height=\"640\"\/><br \/>\n    Depuis la fermeture de la rocade de Verfeil, les v\u00e9hicules sont redirig\u00e9s vers le bas du village, via la route de Puylaurens. (\u00a9ATOSCA)Des riverains en col\u00e8re<\/p>\n<p class=\" wall-content\">Beaucoup trop pour des riverains qui <a href=\"https:\/\/actu.fr\/occitanie\/verfeil_31573\/a69-verfeil-sera-victime-d-un-accident-pres-de-toulouse-la-fermeture-du-contournement-provoque-la-colere_62901306.html\" target=\"_blank\" rel=\"noopener\">estiment cette situation dangereuse<\/a>. Ils ont manifest\u00e9 le vendredi 11\u00a0juillet. Ils ont exprim\u00e9 ce jour-l\u00e0 leur col\u00e8re face \u00e0 cette situation.<\/p>\n<p class=\" wall-content\">\u00ab\u2009On a mesur\u00e9. Sur certains endroits, la route fait environ 5\u00a0m\u00e8tres de large. Un camion, c\u2019est en moyenne 2,55 m\u00e8tres. \u00c7a ne fonctionne pas. C\u2019est une mise en danger de la population de Verfeil\u2009\u00bb, estimaient-ils ce jour-l\u00e0.<\/p>\n<p>Des am\u00e9nagements pourtant effectu\u00e9s<\/p>\n<p class=\" wall-content\">Ces derni\u00e8res semaines,<strong> Atosca<\/strong> avait pourtant r\u00e9alis\u00e9 certains travaux d\u2019am\u00e9nagements en cr\u00e9ant<strong> des bas c\u00f4t\u00e9s en graviers pour permettre aux pi\u00e9tons de circuler<\/strong> sur environ un kilom\u00e8tre, en marquant des passages pi\u00e9tons en plusieurs endroits, et en renfor\u00e7ant la signal\u00e9tique. La route a \u00e9galement \u00e9t\u00e9 pass\u00e9e en zone 30.<\/p>\n<p>    <img   decoding=\"async\" loading=\"lazy\" src=\"https:\/\/www.europesays.com\/fr\/wp-content\/uploads\/2025\/07\/20250701-084652-1-960x640.jpg\" alt=\"Malgr\u00e9 des am\u00e9nagements r\u00e9alis\u00e9s pour les pi\u00e9tons, la d\u00e9viation mise en place par le concessionnaire de l'autoroute A69, Atosca, a \u00e9t\u00e9 jug\u00e9e pas assez s\u00e9curis\u00e9e pour le maire de Verfeil, qui a pris un arr\u00eat\u00e9 d'interdiction de circulation des poids lourds de plus 3,5 tonnes.\" width=\"960\" height=\"640\"\/><br \/>\n    Malgr\u00e9 des am\u00e9nagements r\u00e9alis\u00e9s pour les pi\u00e9tons, la d\u00e9viation mise en place par le concessionnaire de l\u2019autoroute A69, Atosca, a \u00e9t\u00e9 jug\u00e9e pas assez s\u00e9curis\u00e9e pour le maire de Verfeil, qui a pris un arr\u00eat\u00e9 d\u2019interdiction de circulation des poids lourds de plus 3,5 tonnes. (\u00a9David Saint-Sernin\/Archives Actu Toulouse)Le maire interdit la circulation des poids lourds<\/p>\n<p class=\" wall-content\">Encore insuffisant pour la mairie de Verfeil qui a pris, vendredi 18\u00a0juillet 2025, un arr\u00eat\u00e9 pour <strong>interdire la circulation aux V\u00e9hicules de plus de 3.5\u00a0tonnes sur la Route de Puylaurens.<\/strong> Elle explique\u2009:<\/p>\n<p class=\" wall-content\">\u00ab\u2009M\u00eame si des travaux de s\u00e9curisation ont \u00e9t\u00e9 r\u00e9alis\u00e9s par ATOSCA sur la route de Puylaurens, Monsieur le Maire consid\u00e8re <strong>qu\u2019il persiste toujours des risques pour la s\u00e9curit\u00e9 des pi\u00e9tons et des autres v\u00e9hicules<\/strong>. Aussi la circulation des v\u00e9hicules dont le poids total roulant autoris\u00e9 d\u00e9passe 3.5\u00a0tonnes est <strong>d\u00e9sormais interdite<\/strong>.\u00a0La circulation des engins agricoles et les v\u00e9hicules de service (transport de voyageurs, Direction des Routes, services techniques, etc.) ainsi que la desserte locale (sur justificatif de livraison) est autoris\u00e9e <strong>en attendant une solution de s\u00e9curit\u00e9 permanente pour cette route<\/strong>\u2009\u00bb, d\u00e9taille la mairie.<\/p>\n<p class=\" wall-content\">En cons\u00e9quence, d\u00e8s ce lundi 21 juillet, les poids lourds, mais aussi certains camions de livraisons, camions benne, qui transitent entre Toulouse et Castres, ne peuvent plus passer par la route de Puylaurens. Le trac\u00e9 le plus direct entre Castres et Toulouse est donc officiellement coup\u00e9 pour ces cat\u00e9gories de v\u00e9hicules. La mairie pr\u00e9vient : <strong>des contr\u00f4les pourront avoir lieu.<\/strong><\/p>\n<p>Les solutions alternatives<\/p>\n<p class=\" wall-content\">Les solutions alternatives n\u2019existent pas vraiment \u00e0 proximit\u00e9 pour les poids lourds, aucune autre route de la vall\u00e9e du Girou n\u2019\u00e9tant adapt\u00e9e \u00e0 de tels gabarits.<\/p>\n<p class=\" wall-content\">Pour eux, les itin\u00e9raires de replis sont simples\u2009:<\/p>\n<ul class=\" wall-content\">\n<li>Depuis Toulouse, passer par le centre-ville de Verfeil, puis rejoindre Lavaur, puis se diriger vers Castres.<\/li>\n<li>Depuis Toulouse, prendre l\u2019autoroute A 68, puis sortir \u00e0 l\u2019\u00e9changeur de Lavaur pour rejoindre cette ville, puis se diriger vers Castres.<\/li>\n<li>Depuis Toulouse, prendre la RD 126 par Quint-Fonsegrives, puis Dremil-Lafage.<\/li>\n<\/ul>\n<p class=\" wall-content\">Suivez toute l\u2019actualit\u00e9 de vos villes et m\u00e9dias favoris en vous inscrivant \u00e0 <a href=\"https:\/\/moncompte.actu.fr\" title=\"D\u00e9couvez Mon Actu\" rel=\"nofollow noopener\" data-trk=\"{&quot;cta&quot;:{&quot;action&quot;:&quot;https:\\\/\\\/moncompte.actu.fr&quot;,&quot;category&quot;:&quot;mon compte&quot;,&quot;from&quot;:&quot;article footer&quot;,&quot;name&quot;:&quot;Mon actu&quot;,&quot;type&quot;:&quot;cta&quot;}}\" target=\"_blank\">Mon Actu<\/a>.<\/p>\n<ul class=\"ac-article-tag wall-content\">\n<li><a href=\"https:\/\/actu.fr\/tag\/autoroute-castres-toulouse-a69\" data-trk=\"{&quot;cta&quot;:{&quot;action&quot;:&quot;Autoroute Castres-Toulouse (A69)&quot;,&quot;category&quot;:&quot;tag&quot;,&quot;from&quot;:&quot;article footer&quot;,&quot;name&quot;:&quot;Autoroute Castres-Toulouse (A69)&quot;,&quot;type&quot;:&quot;cta&quot;}}\" target=\"_blank\" rel=\"noopener\">#Autoroute Castres-Toulouse (A69)<\/a><\/li>\n<li><a href=\"https:\/\/actu.fr\/tag\/circulation\" data-trk=\"{&quot;cta&quot;:{&quot;action&quot;:&quot;Circulation&quot;,&quot;category&quot;:&quot;tag&quot;,&quot;from&quot;:&quot;article footer&quot;,&quot;name&quot;:&quot;Circulation&quot;,&quot;type&quot;:&quot;cta&quot;}}\" target=\"_blank\" rel=\"noopener\">#Circulation<\/a><\/li>\n<\/ul>\n","protected":false},"excerpt":{"rendered":"Par David Saint-Sernin Publi\u00e9 le 20 juil. 2025 \u00e0 15h40 C\u2019est une d\u00e9viation qui fait pol\u00e9mique depuis des&hellip;\n","protected":false},"author":2,"featured_media":261209,"comment_status":"","ping_status":"","sticky":false,"template":"","format":"standard","meta":{"footnotes":""},"categories":[2816],"tags":[1111,11,5728,3542,1777,674,1011,27,12,2680,25,104,2312],"class_list":{"0":"post-261208","1":"post","2":"type-post","3":"status-publish","4":"format-standard","5":"has-post-thumbnail","7":"category-toulouse","8":"tag-actu","9":"tag-actualites","10":"tag-autoroute-castres-toulouse-a69","11":"tag-circulation","12":"tag-eu","13":"tag-europe","14":"tag-fr","15":"tag-france","16":"tag-news","17":"tag-occitanie","18":"tag-republique-francaise","19":"tag-societe","20":"tag-toulouse"},"share_on_mastodon":{"url":"https:\/\/pubeurope.com\/@fr\/114885930794094033","error":""},"_links":{"self":[{"href":"https:\/\/www.europesays.com\/fr\/wp-json\/wp\/v2\/posts\/261208","targetHints":{"allow":["GET"]}}],"collection":[{"href":"https:\/\/www.europesays.com\/fr\/wp-json\/wp\/v2\/posts"}],"about":[{"href":"https:\/\/www.europesays.com\/fr\/wp-json\/wp\/v2\/types\/post"}],"author":[{"embeddable":true,"href":"https:\/\/www.europesays.com\/fr\/wp-json\/wp\/v2\/users\/2"}],"replies":[{"embeddable":true,"href":"https:\/\/www.europesays.com\/fr\/wp-json\/wp\/v2\/comments?post=261208"}],"version-history":[{"count":0,"href":"https:\/\/www.europesays.com\/fr\/wp-json\/wp\/v2\/posts\/261208\/revisions"}],"wp:featuredmedia":[{"embeddable":true,"href":"https:\/\/www.europesays.com\/fr\/wp-json\/wp\/v2\/media\/261209"}],"wp:attachment":[{"href":"https:\/\/www.europesays.com\/fr\/wp-json\/wp\/v2\/media?parent=261208"}],"wp:term":[{"taxonomy":"category","embeddable":true,"href":"https:\/\/www.europesays.com\/fr\/wp-json\/wp\/v2\/categories?post=261208"},{"taxonomy":"post_tag","embeddable":true,"href":"https:\/\/www.europesays.com\/fr\/wp-json\/wp\/v2\/tags?post=261208"}],"curies":[{"name":"wp","href":"https:\/\/api.w.org\/{rel}","templated":true}]}}