{"id":26121,"date":"2025-04-15T07:35:09","date_gmt":"2025-04-15T07:35:09","guid":{"rendered":"https:\/\/www.europesays.com\/fr\/26121\/"},"modified":"2025-04-15T07:35:09","modified_gmt":"2025-04-15T07:35:09","slug":"royaume-uni-londres-met-20-milliards-de-livres-en-soutien-a-ses-exportateurs","status":"publish","type":"post","link":"https:\/\/www.europesays.com\/fr\/26121\/","title":{"rendered":"Royaume-Uni : Londres met 20 milliards de livres en soutien \u00e0 ses exportateurs"},"content":{"rendered":"<p><strong>Pour faire face \u00e0 la hausse des droits de douane am\u00e9ricains, le gouvernement britanniques, qui tente d\u00e9sesp\u00e9r\u00e9ment de conclure un accord avec l\u2019administration Trump, a d\u00e9cid\u00e9 de d\u00e9bloquer une enveloppe de 20 milliards de livres en soutien aux exportateurs britanniques.<\/strong><\/p>\n<p>Bien que soulag\u00e9es par la <a href=\"https:\/\/www.lemoci.com\/actualites\/actualites\/etats-unis-donal-trump-suspend-les-droits-de-douane-reciproques-mais-pas-les-tarifs-sectoriels\/\" target=\"_blank\" rel=\"noopener nofollow\"><strong>\u00ab\u00a0pause\u00a0\u00bb de 90 jours<\/strong> <\/a>d\u00e9cr\u00e9t\u00e9e par <strong>Donald Trump<\/strong> le 9 avril et moins impact\u00e9es a priori que leurs voisins de l\u2019Union europ\u00e9enne (UE) par ses foudres tarifaires (les droits de douane \u00ab r\u00e9ciproques \u00bb suspendus devaient \u00eatre de 10 % au lieu de 20 % pour l\u2019UE), les entreprises britanniques n\u2019en souffrent pas moins de cette guerre commerciale.<\/p>\n<p>Elles subissent le tarif de 10 % g\u00e9n\u00e9ralis\u00e9 maintenu le 9 avril, et, surtout, les hausse des tarifs sectoriels sur les produits <strong>acier<\/strong>,<strong> aluminium<\/strong> et <strong>automobiles<\/strong>, port\u00e9s \u00e0 25 % par l\u2019administration Trump.<\/p>\n<p>Les \u00c9tats-Unis sont le <strong>premier partenaire commercial<\/strong> du Royaume-Uni (hors bloc de l\u2019Union europ\u00e9enne) -302 milliards de livres (Md GBP) en 2023 de biens et services \u00e9chang\u00e9s dans les deux sens-, avec un large exc\u00e9dent en faveur du second, de l\u2019ordre de + 72 Md GBP.<\/p>\n<p>Le gouvernement travailliste de <strong>Keir Starmer<\/strong> a donc d\u00e9cid\u00e9 de les aider financi\u00e8rement dans cette passe compliqu\u00e9e. Une enveloppe de <strong>20 Md GBP (environ 23,2 Md EUR)<\/strong> a \u00e9t\u00e9 annonc\u00e9e le 13 avril, dont <strong>la moiti\u00e9<\/strong>, 10 Md, sera d\u00e9di\u00e9e aux entreprises impact\u00e9es par les tarifs sectoriels.<\/p>\n<p>L\u2019enveloppe abondera les ressources de l\u2019agence d\u00e9di\u00e9e au soutien financier des exportateurs britanniques, <strong>UK Export Finance\u2019s (UKEF)<\/strong>, portant sa capacit\u00e9 \u00e0<strong> 80 Md GBP <\/strong>en pr\u00eats et garanties. Pour les <strong>PME<\/strong>, une aide sp\u00e9cifique sous la forme de pr\u00eats garanties pouvant atteindre jusqu\u2019\u00e0 <strong>2 M GBP<\/strong> (2,3 M EUR) sera mis en place dans le cadre d\u2019un m\u00e9canisme de garantie existant avec les banques britanniques, le \u00a0<strong>British Business Bank Growth Guarantee Scheme<\/strong>.<\/p>\n<p>\u00ab Le monde change, c\u2019est pourquoi il est plus important que jamais de soutenir nos entreprises de calibre mondial et de les aider \u00e0 relever les d\u00e9fis qui les attendent \u00bb, a justifi\u00e9 la ministre des Finances britanniques, <strong>Rachel Reeves<\/strong>. \u00ab L\u2019annonce d\u2019aujourd\u2019hui fera exactement cela, et des milliers d\u2019entreprises partout au pays devraient en b\u00e9n\u00e9ficier. \u00bb<\/p>\n<p>Cette initiative r\u00e9pond aux demandes de soutien \u00e9manant des milieux d\u2019affaires britanniques, qui ne souhaitent pas l\u2019escalade tarifaire avec les \u00c9tats-Unis.<\/p>\n<p>\u00ab\u00a0Dans notre sondage men\u00e9 aupr\u00e8s de plus de 600 entreprises la semaine derni\u00e8re, le message clair des entreprises est que la n\u00e9gociation, et non les repr\u00e9sailles, est la meilleure voie \u00e0 suivre, a comment\u00e9 dans un communiqu\u00e9 le 14 avril <strong>William Bain<\/strong>, chef de la politique commerciale \u00e0 la British Chambers of Commerce (BCC). Les entreprises nous ont \u00e9galement dit qu\u2019elles souhaitaient que le gouvernement obtienne un all\u00e9gement tarifaire avec les \u00c9tats-Unis, qu\u2019il supprime les barri\u00e8res commerciales inutiles dans nos relations commerciales avec l\u2019UE et qu\u2019il travaille avec nos partenaires de la r\u00e9gion indo-pacifique pour \u00e9largir les opportunit\u00e9s de commerce et d\u2019investissement du Royaume-Uni\u00a0\u00bb.<\/p>\n","protected":false},"excerpt":{"rendered":"Pour faire face \u00e0 la hausse des droits de douane am\u00e9ricains, le gouvernement britanniques, qui tente d\u00e9sesp\u00e9r\u00e9ment de&hellip;\n","protected":false},"author":2,"featured_media":26122,"comment_status":"","ping_status":"","sticky":false,"template":"","format":"standard","meta":{"footnotes":""},"categories":[1588],"tags":[11,9297,1777,674,9298,12,473,1853,1851,9299,9289,1850,1852],"class_list":{"0":"post-26121","1":"post","2":"type-post","3":"status-publish","4":"format-standard","5":"has-post-thumbnail","7":"category-royaume-uni","8":"tag-actualites","9":"tag-aides-a-lexport","10":"tag-eu","11":"tag-europe","12":"tag-exportateurs","13":"tag-news","14":"tag-royaume-uni","15":"tag-royaume-uni-de-grande-bretagne-et-dirlande-du-nord","16":"tag-uk","17":"tag-uk-export-finances","18":"tag-ukef","19":"tag-united-kingdom","20":"tag-united-kingdom-of-great-britain-and-northern-ireland"},"share_on_mastodon":{"url":"https:\/\/pubeurope.com\/@fr\/114340831175528112","error":""},"_links":{"self":[{"href":"https:\/\/www.europesays.com\/fr\/wp-json\/wp\/v2\/posts\/26121","targetHints":{"allow":["GET"]}}],"collection":[{"href":"https:\/\/www.europesays.com\/fr\/wp-json\/wp\/v2\/posts"}],"about":[{"href":"https:\/\/www.europesays.com\/fr\/wp-json\/wp\/v2\/types\/post"}],"author":[{"embeddable":true,"href":"https:\/\/www.europesays.com\/fr\/wp-json\/wp\/v2\/users\/2"}],"replies":[{"embeddable":true,"href":"https:\/\/www.europesays.com\/fr\/wp-json\/wp\/v2\/comments?post=26121"}],"version-history":[{"count":0,"href":"https:\/\/www.europesays.com\/fr\/wp-json\/wp\/v2\/posts\/26121\/revisions"}],"wp:featuredmedia":[{"embeddable":true,"href":"https:\/\/www.europesays.com\/fr\/wp-json\/wp\/v2\/media\/26122"}],"wp:attachment":[{"href":"https:\/\/www.europesays.com\/fr\/wp-json\/wp\/v2\/media?parent=26121"}],"wp:term":[{"taxonomy":"category","embeddable":true,"href":"https:\/\/www.europesays.com\/fr\/wp-json\/wp\/v2\/categories?post=26121"},{"taxonomy":"post_tag","embeddable":true,"href":"https:\/\/www.europesays.com\/fr\/wp-json\/wp\/v2\/tags?post=26121"}],"curies":[{"name":"wp","href":"https:\/\/api.w.org\/{rel}","templated":true}]}}