{"id":261212,"date":"2025-07-20T14:04:13","date_gmt":"2025-07-20T14:04:13","guid":{"rendered":"https:\/\/www.europesays.com\/fr\/261212\/"},"modified":"2025-07-20T14:04:13","modified_gmt":"2025-07-20T14:04:13","slug":"les-images-impressionnantes-du-foudroyage-de-la-tour-kennedy-a-proximite-de-lille","status":"publish","type":"post","link":"https:\/\/www.europesays.com\/fr\/261212\/","title":{"rendered":"Les images impressionnantes du foudroyage de la Tour Kennedy \u00e0 proximit\u00e9 de Lille"},"content":{"rendered":"<p>Un effondrement en quelques secondes. Dimanche matin \u00e0 Loos, ville de la m\u00e9tropole lilloise <a href=\"https:\/\/www.20minutes.fr\/dossier\/nord\" class=\"color-ultramarine c-link\" rel=\"nofollow noopener\" target=\"_blank\">dans le Nord<\/a>, la tour Kennedy, haute de 95 m\u00e8tres et comptant 28 \u00e9tages a \u00e9t\u00e9 <a href=\"https:\/\/www.20minutes.fr\/societe\/4118049-20241027-val-marne-destruction-spectaculaire-trois-tours-habitation-annees-1960\" class=\"color-ultramarine c-link\" rel=\"nofollow noopener\" target=\"_blank\">d\u00e9truite par foudroyage.<\/a> En quelques secondes, \u00e0 11h30, la plus haute tour d\u2019habitation au nord de Paris a disparu.<\/p>\n<p class=\"mb-xxl@xs color-ultramarine font-weight-semi-bold@xs font-source-serif-pro heading-s@xs\">L\u2019acc\u00e8s \u00e0 ce contenu a \u00e9t\u00e9 bloqu\u00e9 afin de respecter votre choix de consentement<\/p>\n<p class=\"mb-m@xs text-l@xs\">En cliquant sur\u00ab J\u2019accepte \u00bb, vous acceptez le d\u00e9p\u00f4t de cookies par des services externes et aurez ainsi acc\u00e8s aux contenus de nos partenaires.<\/p>\n<p class=\"mb-xl@xs text-s@xs\">Plus d\u2019informations sur la page<a href=\"https:\/\/www.20minutes.fr\/gestion-cookies\" class=\"mx-xxs@xs color-ultramarine\" rel=\"nofollow noopener\" target=\"_blank\">Politique de gestion des cookies<\/a><\/p>\n<p>J\u2019accepte<\/p>\n<p>Cet <a href=\"https:\/\/www.20minutes.fr\/dossier\/hlm\" class=\"color-ultramarine c-link\" rel=\"nofollow noopener\" target=\"_blank\">immeuble HLM,<\/a> imagin\u00e9 par l\u2019architecte brutaliste lillois Jean-Pierre Secq, va laisser place \u00e0 une nouvelle organisation au sein du quartier des Oliveaux, abritant entre 7.000\u00a0et 8.000\u00a0habitants, souffrant de paup\u00e9risation et d\u2019enclavement. Le co\u00fbt global du projet de r\u00e9novation urbaine s\u2019\u00e9l\u00e8ve \u00e0 170\u00a0millions d\u2019euros, dont 8,9\u00a0millions rien pour la d\u00e9molition de la tour.<\/p>\n<\/p>\n<p>\u00ab\u00a0Mal vieilli\u00a0\u00bb<\/p>\n<p>L\u2019immeuble HLM, achev\u00e9 en\u00a01969, avait \u00e9t\u00e9 r\u00e9habilit\u00e9 en\u00a01995, mais ne correspondait plus aux normes actuelles, avec des ascenseurs s\u2019arr\u00eatant aux demi-\u00e9tages, et avait des charges d\u2019exploitation tr\u00e8s lourdes. \u00ab\u00a0La Tour Kennedy a mal vieilli. C\u2019\u00e9tait un ensemble de logements [\u2026] apportant tout le confort qu\u2019on pouvait attendre \u00e0 l\u2019aube des Trente Glorieuses\u00a0\u00bb mais avec, notamment, une <a href=\"https:\/\/www.20minutes.fr\/economie\/4162225-20250715-isolation-phonique-peut-faire\" class=\"color-ultramarine c-link\" rel=\"nofollow noopener\" target=\"_blank\">mauvaise isolation phonique<\/a> et thermique, r\u00e9sume la maire de Loos, Anne Voituriez. Et de souligner\u00a0: \u00ab\u00a0Quand nous avons commenc\u00e9 le relogement des habitants en\u00a02020, 70 logements \u00e9taient vacants\u00a0\u00bb sur 220, synonyme de d\u00e9samour, a-t-elle soulign\u00e9.<\/p>\n<p>\u00ab\u00a0C\u2019est le symbole d\u2019une \u00e9poque r\u00e9volue qui dispara\u00eet\u00a0\u00bb, r\u00e9sumait \u00c9ric Cojon, Directeur G\u00e9n\u00e9ral de Partenord Habitat, le bailleur social, en amont de la d\u00e9molition.<\/p>\n<p>800\u00a0kg d\u2019explosifs<\/p>\n<p>Les 1.700 habitants des abords de la tour ont \u00e9t\u00e9 \u00e9vacu\u00e9s d\u00e8s 7h30 pour \u00e9tablir un p\u00e9rim\u00e8tre de s\u00e9curit\u00e9. Ils ont ensuite pu regagner leur domicile en d\u00e9but d\u2019apr\u00e8s-midi. Huit cents kilogrammes d\u2019explosifs ont \u00e9t\u00e9 n\u00e9cessaires \u00e0 la destruction du b\u00e2timent, rapporte<a href=\"https:\/\/france3-regions.franceinfo.fr\/hauts-de-france\/nord-0\/les-premieres-images-spectaculaires-du-foudroyage-de-la-plus-haute-tour-d-habitation-au-nord-de-paris-3190575.html\" rel=\"nofollow noopener\" target=\"_blank\" class=\"color-ultramarine c-link\"> France 3 Hauts-de-France<\/a>. La technique du foudroyage utilis\u00e9e permet de concentrer les nuisances sur un seul jour et d\u2019amener les 19.000 tonnes de gravats au niveau -2.<\/p>\n","protected":false},"excerpt":{"rendered":"Un effondrement en quelques secondes. Dimanche matin \u00e0 Loos, ville de la m\u00e9tropole lilloise dans le Nord, la&hellip;\n","protected":false},"author":2,"featured_media":261213,"comment_status":"","ping_status":"","sticky":false,"template":"","format":"standard","meta":{"footnotes":""},"categories":[2815],"tags":[1111,47,11,1777,674,1011,27,811,31649,1116,1307,12,1308,1309,25,104],"class_list":{"0":"post-261212","1":"post","2":"type-post","3":"status-publish","4":"format-standard","5":"has-post-thumbnail","7":"category-lille","8":"tag-actu","9":"tag-actualite","10":"tag-actualites","11":"tag-eu","12":"tag-europe","13":"tag-fr","14":"tag-france","15":"tag-hauts-de-france","16":"tag-hlm","17":"tag-immobilier","18":"tag-lille","19":"tag-news","20":"tag-nord","21":"tag-nord-pas-de-calais","22":"tag-republique-francaise","23":"tag-societe"},"share_on_mastodon":{"url":"https:\/\/pubeurope.com\/@fr\/114885942504555516","error":""},"_links":{"self":[{"href":"https:\/\/www.europesays.com\/fr\/wp-json\/wp\/v2\/posts\/261212","targetHints":{"allow":["GET"]}}],"collection":[{"href":"https:\/\/www.europesays.com\/fr\/wp-json\/wp\/v2\/posts"}],"about":[{"href":"https:\/\/www.europesays.com\/fr\/wp-json\/wp\/v2\/types\/post"}],"author":[{"embeddable":true,"href":"https:\/\/www.europesays.com\/fr\/wp-json\/wp\/v2\/users\/2"}],"replies":[{"embeddable":true,"href":"https:\/\/www.europesays.com\/fr\/wp-json\/wp\/v2\/comments?post=261212"}],"version-history":[{"count":0,"href":"https:\/\/www.europesays.com\/fr\/wp-json\/wp\/v2\/posts\/261212\/revisions"}],"wp:featuredmedia":[{"embeddable":true,"href":"https:\/\/www.europesays.com\/fr\/wp-json\/wp\/v2\/media\/261213"}],"wp:attachment":[{"href":"https:\/\/www.europesays.com\/fr\/wp-json\/wp\/v2\/media?parent=261212"}],"wp:term":[{"taxonomy":"category","embeddable":true,"href":"https:\/\/www.europesays.com\/fr\/wp-json\/wp\/v2\/categories?post=261212"},{"taxonomy":"post_tag","embeddable":true,"href":"https:\/\/www.europesays.com\/fr\/wp-json\/wp\/v2\/tags?post=261212"}],"curies":[{"name":"wp","href":"https:\/\/api.w.org\/{rel}","templated":true}]}}