{"id":261217,"date":"2025-07-20T14:07:09","date_gmt":"2025-07-20T14:07:09","guid":{"rendered":"https:\/\/www.europesays.com\/fr\/261217\/"},"modified":"2025-07-20T14:07:09","modified_gmt":"2025-07-20T14:07:09","slug":"un-catalogue-de-20-solutions-durables-devoile-pour-les-artisans-et-commercants-lyonnais","status":"publish","type":"post","link":"https:\/\/www.europesays.com\/fr\/261217\/","title":{"rendered":"un catalogue de 20 solutions durables d\u00e9voil\u00e9 pour les artisans et commer\u00e7ants lyonnais"},"content":{"rendered":"<p>Des solutions de logistique durable afin d\u2019accompagner les artisans et commer\u00e7ants vers une logistique \u00e0 la fois plus durable et plus \u00e9conome. C\u2019est ce que propose le Programme Marguerite, port\u00e9 par La Fabrique de la Logistique, en partenariat avec la M\u00e9tropole de Lyon et la Chambre de M\u00e9tiers et de l\u2019Artisanat Lyon-Rh\u00f4ne.<\/p>\n<p>Pour cela, un catalogue regroupant 20 solutions op\u00e9rationnelles est propos\u00e9. Ces derni\u00e8res ont \u00e9t\u00e9 s\u00e9lectionn\u00e9es \u00e0 travers un appel \u00e0 manifestation d\u2019int\u00e9r\u00eat. Le catalogue permet donc de r\u00e9pondre aux besoins sp\u00e9cifiques du territoire m\u00e9tropolitain lyonnais et couvre un \u00e9ventail de services, allant du cyclo-logistique aux livraisons mutualis\u00e9es, en passant par les tourn\u00e9es d\u2019approvisionnement, l\u2019\u00e9vacuation de d\u00e9chets, le stockage de proximit\u00e9 ou encore l\u2019autopartage.<\/p>\n<p>Parmi les entreprises retenues, se trouvent Baguette \u00e0 bycliclette, Log\u2019issimo, Agilenville, Fends la bise, Epilog, Izzy Town, ou encore Serfim Recyclage.<\/p>\n<p>Le programme Marguerite est d\u00e9j\u00e0 d\u00e9ploy\u00e9 sur six territoires en France, tels que la M\u00e9tropole du Grand Paris, la Ville de Lille, la M\u00e9tropole de Nantes, Bordeaux M\u00e9tropole, la M\u00e9tropole de Lyon, et enfin la M\u00e9tropole Aix-Marseille-Provence. Il se donne pour d\u00e9fi de transformer la logistique urbaine des artisans et commer\u00e7ants.<\/p>\n<p>\u00ab\u00a0Avec ce catalogue de solutions pratiques, le programme Marguerite tient ses promesses. Les artisans et commer\u00e7ants de la m\u00e9tropole de Lyon vont pouvoir y piocher des services qui r\u00e9duisent leur impact environnemental et peuvent leur faire gagner du temps. C\u2019est aussi l\u2019occasion de d\u00e9couvrir les entreprises fournisseuses, qui peuvent devenir autant de partenaires potentiels\u00a0\u00bb, explique <a href=\"https:\/\/www.lyonmag.com\/profil-personnalite-lyonnaise\/297\/jean-charles-kohlhaas\" target=\"_blank\" rel=\"noopener\">Jean-Charles Kohlhaas<\/a>, vice-pr\u00e9sident de la M\u00e9tropole de Lyon en charge des Mobilit\u00e9s.<\/p>\n<p><strong>Un dispositif port\u00e9 par La Fabrique de la Logistique<\/strong><\/p>\n<p>Et pour accompagner cette transformation, La Fabrique de la Logistique finance des postes de coordinateurs territoriaux au sein de la M\u00e9tropole de Lyon et de la CMA Lyon-Rh\u00f4ne. Les coordinateurs ont pour mission de travailler avec les acteurs \u00e9conomiques afin de mettre en \u0153uvre des outils, des dispositifs et des accompagnements adapt\u00e9s aux r\u00e9alit\u00e9s des TPE et artisans-commer\u00e7ants du territoire.<\/p>\n<p>\u00ab\u00a0En rassemblant des acteurs engag\u00e9s autour de dispositifs concrets et \u00e9prouv\u00e9s, nous offrons aux artisans et commer\u00e7ants l\u2019opportunit\u00e9 de tester de nouveaux mod\u00e8les logistiques, plus sobres et plus efficaces. Ce d\u00e9ploiement local marque une \u00e9tape cl\u00e9 pour d\u00e9montrer, sur le terrain, que des 16 alternatives existent pour concilier performance \u00e9conomique et r\u00e9duction de l\u2019impact environnemental\u00a0\u00bb, d\u00e9clare J\u00e9r\u00f4me Rouge, pr\u00e9sident de La Fabrique de la Logistique et du Programme Marguerite.<\/p>\n<p><strong>Des solutions diverses dans toute la M\u00e9tropole de Lyon<\/strong><\/p>\n<p>Sur le territoire m\u00e9tropolitain lyonnais, diverses solutions sont propos\u00e9es. Des solutions de livraisons avec les entreprises Baguette \u00e0 bicyclette, Agilenville, Fends la bise, Epilog ou encore Izzy Town qui proposent des livraisons 100% v\u00e9lo-cargo. Des solutions d\u2019\u00e9vacuation des d\u00e9chets avec Serfim Recyclage et Les Ripeurs pour la collecte et la revalorisation de d\u00e9chets de chantier, ainsi que l\u2019entreprise Elise pour la revalorisation de d\u00e9chets bureau. Des solutions d\u2019approvisionnement avec Le Fourgon pour une livraison durable de produits consign\u00e9s. Et enfin, des solutions d\u2019optimisation digitale avec Woop pour l\u2019optimisation de tourn\u00e9es en milieu urbain.<\/p>\n","protected":false},"excerpt":{"rendered":"Des solutions de logistique durable afin d\u2019accompagner les artisans et commer\u00e7ants vers une logistique \u00e0 la fois plus&hellip;\n","protected":false},"author":2,"featured_media":261218,"comment_status":"","ping_status":"","sticky":false,"template":"","format":"standard","meta":{"footnotes":""},"categories":[1889],"tags":[1111,11,2813,2190,2430,1109,251,1112,2811,1777,674,118,1011,27,1922,1110,1114,2428,2810,12,241,316,25,2812,517,800],"class_list":{"0":"post-261217","1":"post","2":"type-post","3":"status-publish","4":"format-standard","5":"has-post-thumbnail","7":"category-lyon","8":"tag-actu","9":"tag-actualites","10":"tag-article","11":"tag-asvel","12":"tag-auvergne-rhone-alpes","13":"tag-breves","14":"tag-culture","15":"tag-depeches","16":"tag-economique","17":"tag-eu","18":"tag-europe","19":"tag-faits-divers","20":"tag-fr","21":"tag-france","22":"tag-info","23":"tag-informations","24":"tag-infos","25":"tag-lyon","26":"tag-lyonmag","27":"tag-news","28":"tag-ol","29":"tag-politique","30":"tag-republique-francaise","31":"tag-sociale","32":"tag-sport","33":"tag-transports"},"share_on_mastodon":{"url":"https:\/\/pubeurope.com\/@fr\/114885954358507605","error":""},"_links":{"self":[{"href":"https:\/\/www.europesays.com\/fr\/wp-json\/wp\/v2\/posts\/261217","targetHints":{"allow":["GET"]}}],"collection":[{"href":"https:\/\/www.europesays.com\/fr\/wp-json\/wp\/v2\/posts"}],"about":[{"href":"https:\/\/www.europesays.com\/fr\/wp-json\/wp\/v2\/types\/post"}],"author":[{"embeddable":true,"href":"https:\/\/www.europesays.com\/fr\/wp-json\/wp\/v2\/users\/2"}],"replies":[{"embeddable":true,"href":"https:\/\/www.europesays.com\/fr\/wp-json\/wp\/v2\/comments?post=261217"}],"version-history":[{"count":0,"href":"https:\/\/www.europesays.com\/fr\/wp-json\/wp\/v2\/posts\/261217\/revisions"}],"wp:featuredmedia":[{"embeddable":true,"href":"https:\/\/www.europesays.com\/fr\/wp-json\/wp\/v2\/media\/261218"}],"wp:attachment":[{"href":"https:\/\/www.europesays.com\/fr\/wp-json\/wp\/v2\/media?parent=261217"}],"wp:term":[{"taxonomy":"category","embeddable":true,"href":"https:\/\/www.europesays.com\/fr\/wp-json\/wp\/v2\/categories?post=261217"},{"taxonomy":"post_tag","embeddable":true,"href":"https:\/\/www.europesays.com\/fr\/wp-json\/wp\/v2\/tags?post=261217"}],"curies":[{"name":"wp","href":"https:\/\/api.w.org\/{rel}","templated":true}]}}