{"id":261223,"date":"2025-07-20T14:10:13","date_gmt":"2025-07-20T14:10:13","guid":{"rendered":"https:\/\/www.europesays.com\/fr\/261223\/"},"modified":"2025-07-20T14:10:13","modified_gmt":"2025-07-20T14:10:13","slug":"a-4-h-de-train-de-paris-ce-joli-port-de-bretagne-sud-etait-le-premier-de-france-pour-la-sardine","status":"publish","type":"post","link":"https:\/\/www.europesays.com\/fr\/261223\/","title":{"rendered":"\u00c0 4 h de train de Paris, ce joli port de Bretagne sud \u00e9tait le premier de France pour la sardine"},"content":{"rendered":"<p>            Par<br \/>\n        <strong><br \/>\n            <a href=\"https:\/\/actu.fr\/auteur\/redaction-morbihan\" title=\"Consulter tous les articles de R\u00e9daction Morbihan\" target=\"_blank\" rel=\"noopener\">R\u00e9daction Morbihan<\/a><br \/>\n        <\/strong><\/p>\n<p>        Publi\u00e9 le<\/p>\n<p>            20 juil. 2025 \u00e0 14h30        <\/p>\n<p>Plus ancien port de p\u00eache de <b>Quiberon <\/b>(<a href=\"https:\/\/actu.fr\/morbihan\/\" target=\"_blank\" rel=\"noopener\">Morbihan<\/a>), <a href=\"https:\/\/actu.fr\/bretagne\/quiberon_56186\/photos-quiberon-30-millions-deuros-pour-moderniser-et-amenager-port-haliguen_52040180.html\" target=\"_blank\" rel=\"noopener\">Port Haliguen<\/a> est aujourd\u2019hui l\u2019un des plus grands du d\u00e9partement pour la plaisance.<\/p>\n<p>Pr\u00e9sentation de Quiberon<\/p>\n<p class=\" wall-content\">La presqu\u2019\u00eele de Quiberon \u00e9tait autrefois une <b>\u00eele habit\u00e9e au n\u00e9olithique<\/b>. Elle a \u00e9t\u00e9 rattach\u00e9e au continent, probablement vers l\u2019an mille, au niveau de l\u2019isthme de Penthi\u00e8vre, qui mesure 40m de large.<\/p>\n<p class=\" wall-content\">On y trouve Saint-Pierre-Quiberon, au nord, et Quiberon, au sud. Ce territoire a maintes fois fait la convoitise des <b>Anglais<\/b> qui y firent plusieurs <b>incursions<\/b>, notamment en <b>1746<\/b>. La presqu\u2019\u00eele fut \u00e9galement t\u00e9moin de la<b> bataille des Cardinaux en 1759<\/b> et du <b>d\u00e9barquement des Chouans en 1795.<\/b><\/p>\n<p>    <img   decoding=\"async\" loading=\"lazy\" class=\"size-large\" src=\"https:\/\/www.europesays.com\/fr\/wp-content\/uploads\/2025\/07\/5b384a11a878600484a11a87804484v-960x640.jpg\" alt=\"La partie ancienne de Port Haliguen \u00a9 H-Carlier\" width=\"960\" height=\"640\"\/><br \/>\n    La partie ancienne de Port Haliguen \u00a9 H-Carlier \u00a9hubert carlier<\/p>\n<p class=\" wall-content\">Ses abords, extr\u00eamement dangereux, comportent plusieurs <b>phares et ports <\/b>n\u00e9cessaires \u00e0 son \u00e9conomie maritime.<\/p>\n<p>Vid\u00e9os : en ce moment sur Actu<\/p>\n<p class=\" wall-content\">Le XIXe si\u00e8cle voit ainsi l\u2019explosion de la <b>p\u00eache sardini\u00e8re<\/b> qui fait de Quiberon (et de ses conserveries), le premier port de France de cette sp\u00e9cialit\u00e9.<\/p>\n<p class=\" wall-content\">Parall\u00e8lement au d\u00e9clin de cette activit\u00e9 au d\u00e9but du XXe si\u00e8cle, la presqu\u2019\u00eele d\u00e9veloppe progressivement une<b> activit\u00e9 touristique<\/b> li\u00e9e aux bains puis au nautisme qui ne se d\u00e9ment pas et fait le succ\u00e8s de la Presqu\u2019\u00eele.<\/p>\n<p>Port Haliguen<\/p>\n<p class=\" wall-content\">C\u2019est au sud-est de la presqu\u2019\u00eele, c\u00f4t\u00e9 baie, que se trouve Port Haliguen. Celui-ci a la particularit\u00e9 d\u2019\u00eatre le seul <b>refuge naturel pour les bateaux.<\/b><\/p>\n<p class=\" wall-content\">De ce fait, c\u2019est le plus ancien port de Quiberon, des traces romaines y ont \u00e9t\u00e9 d\u00e9couvertes. Originellement port d\u2019\u00e9chouage, Port Haliguen se dotera progressivement de jet\u00e9es en pierres s\u00e8ches afin de mieux accueillir les bateaux.<\/p>\n<p class=\" wall-content\">En <b>1840<\/b>, on y construit un quai et une jet\u00e9e puis un phare qui cessera de fonctionner en <b>1972<\/b>.<\/p>\n<p>    <img   decoding=\"async\" loading=\"lazy\" class=\"size-large\" src=\"https:\/\/www.europesays.com\/fr\/wp-content\/uploads\/2025\/07\/96db6941a8786dadb6941a878cedb6v-960x640.jpg\" alt=\"Le bassin avec les bateaux de p\u00eache \u00a9 H-Carlier\" width=\"960\" height=\"640\"\/><br \/>\n    Le bassin avec les bateaux de p\u00eache \u00a9 H-Carlier \u00a9hubert carlier<\/p>\n<p class=\" wall-content\">\u00c0 la fin du XIXe si\u00e8cle, Port Haliguen participe \u00e0 l\u2019essor de la <b>sardine<\/b> mais d\u00e9clinera au profit de Port-Maria, distant de quelques kilom\u00e8tres.<\/p>\n<p class=\" wall-content\">Ce dernier sera agrandi en <b>1960<\/b>, achevant l\u2019activit\u00e9 de Port Haliguen. C\u2019est la plaisance qui redonnera des couleurs au port \u00e0 la fin du XXe si\u00e8cle. Il est alors combl\u00e9 et deux bassins viennent s\u2019ajouter ainsi qu\u2019une zone technique et une partie d\u00e9di\u00e9e aux bateaux de p\u00eache.<\/p>\n<p class=\" wall-content\">Agrandi en <b>2022<\/b>, c\u2019est aujourd\u2019hui l\u2019un des plus grands du Morbihan.<\/p>\n<p>\u00c0 visiter autour du port<\/p>\n<p class=\" wall-content\">Les derniers travaux ont offert une nouvelle <b>capitainerie <\/b>et quelques commerces. Mais tout autour, l\u2019essentiel de l\u2019\u00e2me du port (XIXe) m\u00e9rite d\u2019y fl\u00e2ner ainsi que sur les diff\u00e9rentes jet\u00e9es, chacune accueillant diff\u00e9rents types de bateaux. Pour s\u2019y rendre, on vous conseille de prendre le<a href=\"https:\/\/actu.fr\/bretagne\/quiberon_56186\/tout-savoir-sur-le-tire-bouchon-le-train-des-vacances-en-bretagne-a-la-vue-panoramique-unique_62545185.html\" target=\"_blank\" rel=\"noopener\"> Tire-Bouchon<\/a>. En provenance de Paris, il vous faudra 4 h de train avec une correspondance \u00e0 Auray.<\/p>\n<p>    <img   decoding=\"async\" loading=\"lazy\" class=\"size-large\" src=\"https:\/\/www.europesays.com\/fr\/wp-content\/uploads\/2025\/07\/ae2e44f203066d23e44f20306a63e4v-960x640.jpg\" alt=\"Le Tire-Bouchon, train disponible en saison estivale entre Auray-Quiberon. Ici en gare d'Auray. TER BreizhGo morbihan\" width=\"960\" height=\"640\"\/><br \/>\n    Le Tire-Bouchon, train disponible en saison estivale entre Auray-Quiberon. Ici en gare d\u2019Auray.\u00a0 \u00a9Actu Morbihan<\/p>\n<p class=\" wall-content\">\u00c0 remarquer que l\u2019ancienne maison du gardien sert de salle d\u2019exposition et les deux statues de bronze repr\u00e9sentant la p\u00eache miraculeuse. Install\u00e9es en <b>1997<\/b>, le p\u00eacheur et l\u2019ondine se r\u00e9pondent symboliquement, d\u2019un quai \u00e0 l\u2019autre.<\/p>\n<p class=\" wall-content\">Tout pr\u00e8s, la jolie plage du Porigo m\u00e8ne vers le centre de Quiberon.<\/p>\n<p>    <img   decoding=\"async\" loading=\"lazy\" class=\"size-large\" src=\"https:\/\/www.europesays.com\/fr\/wp-content\/uploads\/2025\/07\/17599571a87861b599571a878fe599v-960x640.jpg\" alt=\"Le p\u00eacheur et l'ondine offert par l\u2019artiste berlinois Karsten Klingbeil \u00a9 H-Carlier\" width=\"960\" height=\"640\"\/><br \/>\n    Le p\u00eacheur et l\u2019ondine offert par l\u2019artiste berlinois Karsten Klingbeil \u00a9 H-Carlier \u00a9hubert carlier<\/p>\n<p class=\" wall-content\">Celui-ci, \u00e0 3 km de l\u00e0, m\u00e9rite d\u2019aller s\u2019y promener. Apr\u00e8s avoir contourn\u00e9 la pointe du Conguel, la thalassoth\u00e9rapie et le casino, on arrive sur la \u00ab\u00a0grande plage de Quiberon\u00a0\u00bb.<\/p>\n<p class=\" wall-content\">Ici, les demeures Belle \u00c9poque remplacent les maisons de p\u00eacheurs mais le charme op\u00e8re. On y trouve \u00e9galement <b>Port Maria <\/b>qui h\u00e9berge d\u2019autres bateaux de p\u00eache et une cri\u00e9e, mais aussi la gare maritime qui permet d\u2019embarquer vers les \u00eeles du large, \u00e0 moins d\u2019une heure : Belle-\u00cele-en-Mer, Houat et Ho\u00ebdic. Celles-ci m\u00e9ritent une croisi\u00e8re\u2026<\/p>\n<p class=\" wall-content\">Suivez toute l\u2019actualit\u00e9 de vos villes et m\u00e9dias favoris en vous inscrivant \u00e0 <a href=\"https:\/\/moncompte.actu.fr\" title=\"D\u00e9couvez Mon Actu\" rel=\"nofollow noopener\" data-trk=\"{&quot;cta&quot;:{&quot;action&quot;:&quot;https:\\\/\\\/moncompte.actu.fr&quot;,&quot;category&quot;:&quot;mon compte&quot;,&quot;from&quot;:&quot;article footer&quot;,&quot;name&quot;:&quot;Mon actu&quot;,&quot;type&quot;:&quot;cta&quot;}}\" target=\"_blank\">Mon Actu<\/a>.<\/p>\n","protected":false},"excerpt":{"rendered":"Par R\u00e9daction Morbihan Publi\u00e9 le 20 juil. 2025 \u00e0 14h30 Plus ancien port de p\u00eache de Quiberon (Morbihan),&hellip;\n","protected":false},"author":2,"featured_media":261224,"comment_status":"","ping_status":"","sticky":false,"template":"","format":"standard","meta":{"footnotes":""},"categories":[1592],"tags":[1111,11,40105,26972,1777,674,1011,27,662,1652,12,10424,626,25],"class_list":{"0":"post-261223","1":"post","2":"type-post","3":"status-publish","4":"format-standard","5":"has-post-thumbnail","7":"category-ile-de-france","8":"tag-actu","9":"tag-actualites","10":"tag-belle-ile-en-mer","11":"tag-bretagne-sud","12":"tag-eu","13":"tag-europe","14":"tag-fr","15":"tag-france","16":"tag-ile-de-france","17":"tag-loisirs-culture","18":"tag-news","19":"tag-ocean-atlantique","20":"tag-paris","21":"tag-republique-francaise"},"share_on_mastodon":{"url":"https:\/\/pubeurope.com\/@fr\/114885966614521884","error":""},"_links":{"self":[{"href":"https:\/\/www.europesays.com\/fr\/wp-json\/wp\/v2\/posts\/261223","targetHints":{"allow":["GET"]}}],"collection":[{"href":"https:\/\/www.europesays.com\/fr\/wp-json\/wp\/v2\/posts"}],"about":[{"href":"https:\/\/www.europesays.com\/fr\/wp-json\/wp\/v2\/types\/post"}],"author":[{"embeddable":true,"href":"https:\/\/www.europesays.com\/fr\/wp-json\/wp\/v2\/users\/2"}],"replies":[{"embeddable":true,"href":"https:\/\/www.europesays.com\/fr\/wp-json\/wp\/v2\/comments?post=261223"}],"version-history":[{"count":0,"href":"https:\/\/www.europesays.com\/fr\/wp-json\/wp\/v2\/posts\/261223\/revisions"}],"wp:featuredmedia":[{"embeddable":true,"href":"https:\/\/www.europesays.com\/fr\/wp-json\/wp\/v2\/media\/261224"}],"wp:attachment":[{"href":"https:\/\/www.europesays.com\/fr\/wp-json\/wp\/v2\/media?parent=261223"}],"wp:term":[{"taxonomy":"category","embeddable":true,"href":"https:\/\/www.europesays.com\/fr\/wp-json\/wp\/v2\/categories?post=261223"},{"taxonomy":"post_tag","embeddable":true,"href":"https:\/\/www.europesays.com\/fr\/wp-json\/wp\/v2\/tags?post=261223"}],"curies":[{"name":"wp","href":"https:\/\/api.w.org\/{rel}","templated":true}]}}