{"id":261225,"date":"2025-07-20T14:11:12","date_gmt":"2025-07-20T14:11:12","guid":{"rendered":"https:\/\/www.europesays.com\/fr\/261225\/"},"modified":"2025-07-20T14:11:12","modified_gmt":"2025-07-20T14:11:12","slug":"iran-paris-londres-et-berlin-vont-reprendre-les-discussions-sur-le-nucleaire-avec-teheran","status":"publish","type":"post","link":"https:\/\/www.europesays.com\/fr\/261225\/","title":{"rendered":"Iran : Paris, Londres et Berlin vont reprendre les discussions sur le nucl\u00e9aire avec T\u00e9h\u00e9ran"},"content":{"rendered":"<ul class=\"jsx-862013697 ArticleChapo__List\">\n<li class=\"jsx-862013697 ArticleChapo__List_Item flex\">L&rsquo;Iran va reprendre les discussions sur son programme nucl\u00e9aire avec la France, le Royaume-Uni et l&rsquo;Allemagne.<\/li>\n<li class=\"jsx-862013697 ArticleChapo__List_Item flex\">La date et le lieu des pourparlers n&rsquo;ont pas encore \u00e9t\u00e9 fix\u00e9s, mais c&rsquo;est attendu pour la semaine prochaine.<\/li>\n<\/ul>\n<p data-module=\"article-paragraph\" class=\"jsx-3046738180 Paragraph Paragraph__End\">Les discussions sur le programme nucl\u00e9aire reprennent entre T\u00e9h\u00e9ran et les E3, \u00e0 savoir la France, le Royaume-Uni et l&rsquo;Allemagne, selon une source diplomatique allemande \u00e0 l&rsquo;AFP. Ainsi, des pourparlers doivent se tenir la semaine prochaine, sans que de date ni de lieu n&rsquo;ait \u00e9t\u00e9 annonc\u00e9 officiellement. \u00ab\u00a0Les E3 sont en contact avec l&rsquo;Iran pour programmer de nouvelles discussions pour la semaine \u00e0 venir\u00a0\u00bb, a indiqu\u00e9 cette source, apr\u00e8s que les pays europ\u00e9ens <a href=\"https:\/\/www.lemonde.fr\/international\/article\/2025\/07\/18\/nucleaire-iranien-les-europeens-menacent-de-reactiver-des-sanctions-teheran-riposte_6622035_3210.html\" target=\"_blank\" rel=\"nofollow noopener\">ont menac\u00e9 (nouvelle fen\u00eatre)<\/a> de r\u00e9tablir les sanctions de l&rsquo;ONU si l&rsquo;Iran n&rsquo;acceptait pas de revenir \u00e0 la table des n\u00e9gociations.<\/p>\n<p><a href=\"https:\/\/www.tf1info.fr\/international\/les-frappes-americaines-ont-aneanti-les-sites-nucleaires-iraniens-malgre-les-nombreux-doutes-reaffirme-trump-2383917.html\" rel=\"noopener\" class=\"jsx-3308031228 Link flex\" target=\"_blank\"><img decoding=\"async\" src=\"https:\/\/www.europesays.com\/fr\/wp-content\/uploads\/2025\/07\/donald-trump-maison-blanche-7-juillet-2025-74f83d-0@1x.jpeg\" alt=\"Donald Trump lors d'un d\u00eener avec Benyamin Netanyahou \u00e0 la Maison Blanche le 7 juillet 2025.\" loading=\"lazy\" importance=\"low\" fetchpriority=\"low\" class=\"\" aria-hidden=\"true\"\/><\/p>\n<p class=\"jsx-3657663356 ReadMoreArticle__Title\">Lire aussi<\/p>\n<p class=\"jsx-3657663356\">Les frappes am\u00e9ricaines ont \u00ab\u00a0an\u00e9anti\u00a0\u00bb les sites nucl\u00e9aires iraniens malgr\u00e9 les nombreux doutes, r\u00e9affirme Trump<\/p>\n<p><\/a>Les Europ\u00e9ens font pression<\/p>\n<p data-module=\"article-paragraph\" class=\"jsx-3046738180 Paragraph\">Lors d&rsquo;un appel la semaine derni\u00e8re entre les quatre ministres des Affaires \u00e9trang\u00e8res, les Europ\u00e9ens ont fait part de \u00ab\u00a0leur d\u00e9termination \u00e0 utiliser le m\u00e9canisme de &lsquo;snap-back&rsquo;, en l&rsquo;absence de progr\u00e8s concrets\u00a0\u00bb. Int\u00e9gr\u00e9 \u00e0 l&rsquo;<a href=\"https:\/\/www.consilium.europa.eu\/fr\/policies\/jcpoa-iran-restrictive-measures\/\" target=\"_blank\" rel=\"nofollow noopener\">accord de 2015 (nouvelle fen\u00eatre)<\/a> sur le nucl\u00e9aire iranien, ce dispositif pr\u00e9voir de nouvelles sanctions automatiques de l&rsquo;ONU en cas de non-respect de l&rsquo;Iran de ses engagements. Bien que fragilis\u00e9 par le retrait des \u00c9tats-Unis en 2018 et notamment par la r\u00e9cente <a href=\"https:\/\/www.tf1info.fr\/actualite\/israel-frappe-l-iran-qui-promet-une-riposte-d-ampleur-operation-rising-lion-sites-civils-et-militaires-nucleaires-14305\/\" target=\"_blank\" rel=\"noopener\">guerre de 12 jours<\/a> entre l&rsquo;Iran et Isra\u00ebl, cet accord reste en vigueur pour les autres parties.<\/p>\n<p data-module=\"article-paragraph\" class=\"jsx-3046738180 Paragraph Paragraph__End\">\u00ab\u00a0L&rsquo;Iran ne doit jamais \u00eatre autoris\u00e9 \u00e0 acqu\u00e9rir une arme nucl\u00e9aire. C\u2019est pourquoi l\u2019Allemagne, la France et le Royaume-Uni continuent de travailler intensivement au sein du format E3 pour trouver une solution diplomatique durable et v\u00e9rifiable au programme nucl\u00e9aire iranien\u00a0\u00bb, a ajout\u00e9 cette source diplomatique allemande.<\/p>\n<p>C.Q  avec AFP<\/p>\n","protected":false},"excerpt":{"rendered":"L&rsquo;Iran va reprendre les discussions sur son programme nucl\u00e9aire avec la France, le Royaume-Uni et l&rsquo;Allemagne. La date&hellip;\n","protected":false},"author":2,"featured_media":261226,"comment_status":"","ping_status":"","sticky":false,"template":"","format":"standard","meta":{"footnotes":""},"categories":[1888],"tags":[1111,1928,11,1927,672,1921,1073,73,1777,674,1011,27,1922,3019,31267,34980,12,1926,5654,626,1925,2543,25,473,364,133,1920],"class_list":{"0":"post-261225","1":"post","2":"type-post","3":"status-publish","4":"format-standard","5":"has-post-thumbnail","7":"category-paris","8":"tag-actu","9":"tag-actu-paris","10":"tag-actualites","11":"tag-actualites-paris","12":"tag-allemagne","13":"tag-article-video","14":"tag-emmanuel-macron","15":"tag-etats-unis","16":"tag-eu","17":"tag-europe","18":"tag-fr","19":"tag-france","20":"tag-info","21":"tag-iran","22":"tag-israel-iran","23":"tag-la-fin-de-la-guerre-de-12-jours","24":"tag-news","25":"tag-news-paris","26":"tag-nucleaire","27":"tag-paris","28":"tag-paris-news","29":"tag-relations-internationales","30":"tag-republique-francaise","31":"tag-royaume-uni","32":"tag-union-europeenne","33":"tag-video","34":"tag-video-international"},"share_on_mastodon":{"url":"https:\/\/pubeurope.com\/@fr\/114885970246573347","error":""},"_links":{"self":[{"href":"https:\/\/www.europesays.com\/fr\/wp-json\/wp\/v2\/posts\/261225","targetHints":{"allow":["GET"]}}],"collection":[{"href":"https:\/\/www.europesays.com\/fr\/wp-json\/wp\/v2\/posts"}],"about":[{"href":"https:\/\/www.europesays.com\/fr\/wp-json\/wp\/v2\/types\/post"}],"author":[{"embeddable":true,"href":"https:\/\/www.europesays.com\/fr\/wp-json\/wp\/v2\/users\/2"}],"replies":[{"embeddable":true,"href":"https:\/\/www.europesays.com\/fr\/wp-json\/wp\/v2\/comments?post=261225"}],"version-history":[{"count":0,"href":"https:\/\/www.europesays.com\/fr\/wp-json\/wp\/v2\/posts\/261225\/revisions"}],"wp:featuredmedia":[{"embeddable":true,"href":"https:\/\/www.europesays.com\/fr\/wp-json\/wp\/v2\/media\/261226"}],"wp:attachment":[{"href":"https:\/\/www.europesays.com\/fr\/wp-json\/wp\/v2\/media?parent=261225"}],"wp:term":[{"taxonomy":"category","embeddable":true,"href":"https:\/\/www.europesays.com\/fr\/wp-json\/wp\/v2\/categories?post=261225"},{"taxonomy":"post_tag","embeddable":true,"href":"https:\/\/www.europesays.com\/fr\/wp-json\/wp\/v2\/tags?post=261225"}],"curies":[{"name":"wp","href":"https:\/\/api.w.org\/{rel}","templated":true}]}}