{"id":26123,"date":"2025-04-15T07:36:09","date_gmt":"2025-04-15T07:36:09","guid":{"rendered":"https:\/\/www.europesays.com\/fr\/26123\/"},"modified":"2025-04-15T07:36:09","modified_gmt":"2025-04-15T07:36:09","slug":"en-allemagne-le-premier-ministre-du-quebec-fait-la-promotion-de-lindustrie-militaire","status":"publish","type":"post","link":"https:\/\/www.europesays.com\/fr\/26123\/","title":{"rendered":"En Allemagne, le Premier ministre du Qu\u00e9bec fait la promotion de l\u2019industrie militaire"},"content":{"rendered":"<p>Au d\u00e9but du mois, le Premier ministre du Qu\u00e9bec Fran\u00e7ois Legault a fait de sa visite \u00e0 la foire industrielle de Hanovre en Allemagne une tourn\u00e9e de promotion pour l\u2019industrie de l\u2019armement qu\u00e9b\u00e9coise.<\/p>\n<p>D\u00e9clarant que le Qu\u00e9bec devait \u00abr\u00e9\u00e9valuer [sa] relation commerciale avec les \u00c9tats-Unis\u00bb et \u00abdiversifier nos march\u00e9s et renforcer nos liens avec des partenaires fiables\u00bb, Legault a sp\u00e9cifiquement mis de l\u2019avant le secteur de la d\u00e9fense.<\/p>\n<p>Il a pr\u00e9sent\u00e9 le r\u00e9armement massif que pr\u00e9parent plusieurs pays d\u2019Europe comme une \u00aboccasion de redessiner l\u2019\u00e9conomie du Qu\u00e9bec\u00bb. En r\u00e9f\u00e9rence aux investissements de 800 milliards d\u2019euros planifi\u00e9s, Legault a vant\u00e9 la \u00abcontribution\u00bb que le Qu\u00e9bec pourrait avoir \u00abdans la d\u00e9fense et le r\u00e9armement de l\u2019Europe\u00bb.<\/p>\n<p>Le voyage de Legault en Allemagne avait pour toile de fond les tarifs douaniers de grande ampleur mis en place par le pr\u00e9sident am\u00e9ricain Donald Trump contre tous les pays \u2013 particuli\u00e8rement la Chine, mais aussi le Canada et l\u2019Europe. De plus, les efforts de Washington pour conclure un \u00abcessez-le-feu\u00bb en Ukraine avec la Russie par-dessus la t\u00eate et contre les int\u00e9r\u00eats de ses partenaires de l\u2019OTAN ont provoqu\u00e9 l\u2019ire de ces derniers.<\/p>\n<p>Dans un contexte de renaissance des rivalit\u00e9s entre les puissances imp\u00e9rialistes, la guerre commerciale d\u00e9clench\u00e9e par Trump est l\u2019antichambre d\u2019une guerre militaire mondiale pour la redivision du monde et le contr\u00f4le des ressources, des r\u00e9seaux de production et des march\u00e9s.<\/p>\n<p>Tout en cherchant \u00e0 convaincre Trump de faire marche arri\u00e8re, les gouvernements europ\u00e9ens men\u00e9s par l\u2019Allemagne, la France et la Grande-Bretagne vont investir des centaines de milliards pour intensifier leur offensive contre la Russie et \u00e9tablir une politique militaire agressive ind\u00e9pendante des \u00c9tats-Unis.<\/p>\n<p>En r\u00e9ponse \u00e0 ces d\u00e9veloppements, la classe dirigeante qu\u00e9b\u00e9coise cherche \u00e0 profiter des retomb\u00e9es \u00e9conomiques de la course au r\u00e9armement. <\/p>\n<p><img decoding=\"async\" class=\"db relative center\" loading=\"lazy\" src=\"https:\/\/www.europesays.com\/fr\/wp-content\/uploads\/2025\/04\/e4e26e02-acbf-495b-bfb6-d03f9a84cb34\" style=\"max-height:100%\"\/>Le Premier ministre Legault a retweet\u00e9 une manchette du Journal de Montr\u00e9al en soulignant ces mots: \u00abLe Qu\u00e9bec est pr\u00eat pour l\u2019effort de guerre si Ottawa se r\u00e9veille\u00bb<\/p>\n<p>Non content de traiter le militarisme europ\u00e9en comme une occasion en or pour les capitalistes qu\u00e9b\u00e9cois, Legault a aussi profit\u00e9 de l\u2019occasion pour mettre de la pression sur le gouvernement f\u00e9d\u00e9ral pour qu\u2019il augmente les d\u00e9penses militaires du Canada (l\u2019arm\u00e9e est un domaine de comp\u00e9tence que la Constitution canadienne attribue exclusivement au niveau f\u00e9d\u00e9ral). <\/p>\n<p><a class=\"db avenir f6 lh-title pa1 br2 tc mw6 mw-75rem-m bg-black-05 mt3 center\" href=\"https:\/\/www.wsws.org\/fr\/special\/pages\/international-mayday-online-rally-2024.html\" rel=\"nofollow noopener\" target=\"_blank\"><img decoding=\"async\" class=\"dn db-m\" src=\"https:\/\/www.europesays.com\/fr\/wp-content\/uploads\/2025\/04\/a1ef3961-7b25-4cb1-80b9-da647fe170e6\"\/><img decoding=\"async\" class=\"db dn-m\" src=\"https:\/\/www.europesays.com\/fr\/wp-content\/uploads\/2025\/04\/7671446a-8e6a-40a7-87f6-7e28c2f29280\"\/><\/a><\/p>\n<p>Faisant r\u00e9f\u00e9rence \u00e0 une possible attaque \u00abdans l\u2019Arctique ou en Europe\u00bb, Legault a d\u00e9clar\u00e9 qu\u2019\u00abon n\u2019a pas le choix quand on voit ce qui se passe dans le monde: au Canada aussi, on va devoir investir\u00bb.<\/p>\n<p>Dans le cadre de la campagne \u00e9lectorale f\u00e9d\u00e9rale qui se d\u00e9roule en vue du vote du 28 avril prochain, les chefs des partis ont tous promis d\u2019augmenter les d\u00e9penses militaires et d\u2019atteindre d\u2019ici quelques ann\u00e9es au minimum l\u2019objectif de 2% du PIB fix\u00e9 par l\u2019OTAN. <\/p>\n<p>Les m\u00e9dias capitalistes et les associations du patronat r\u00e9clament avec insistance une augmentation encore plus importante \u00e0 3% ou m\u00eame 5% du PIB. Cela signifie que des dizaines de milliards de dollars additionnels devront \u00eatre consacr\u00e9s aux d\u00e9penses militaires.<\/p>\n<p>Dans un contexte o\u00f9 le Canada produit des d\u00e9ficits annuels en raison des baisses d\u2019imp\u00f4ts pour les riches et des autres mesures favorables aux banques et \u00e0 la grande entreprise, ces nouvelles d\u00e9penses militaires ne pourront \u00eatre pay\u00e9es que par des coupes drastiques dans les programmes sociaux.<\/p>\n<p>En Allemagne, Legault a \u00e9galement fait campagne pour une exploitation accrue des min\u00e9raux critiques qui se trouvent dans le sous-sol qu\u00e9b\u00e9cois. Ces min\u00e9raux sont essentiels \u00e0 l\u2019industrie de l\u2019armement, mais la Chine domine le march\u00e9 en produisant environ 70% des min\u00e9raux critiques utilis\u00e9s dans le monde. <\/p>\n<p>Alors que les puissances imp\u00e9rialistes se pr\u00e9parent \u00e0 une guerre contre la Chine, ils cherchent d\u00e9sesp\u00e9r\u00e9ment d\u2019autres sources d\u2019approvisionnement \u2013 ce que la bourgeoisie qu\u00e9b\u00e9coise voit comme une opportunit\u00e9 de d\u00e9velopper cette industrie et de s\u2019enrichir.<\/p>\n<p>Afin de s\u2019assurer que cette \u00aboccasion en or\u00bb se r\u00e9alise, le gouvernement Legault veut d\u00e9r\u00e9glementer le secteur pour attirer les entreprises. \u00abIl va falloir que les d\u00e9lais soient plus courts\u00bb, a d\u00e9clar\u00e9 le Premier ministre. \u00abDonc l\u2019obtention des permis, tout le travail, toute la bureaucratie, il faut en enlever\u00bb. <\/p>\n<p>Cette d\u00e9r\u00e9glementation, qui vise \u00e0 augmenter les profits, va se faire aux d\u00e9pens de l\u2019environnement, de la sant\u00e9 et de la s\u00e9curit\u00e9 des travailleurs et de la soci\u00e9t\u00e9 en g\u00e9n\u00e9ral.<\/p>\n<p>Le gouvernement Legault n\u2019a aucunement l\u2019intention de mettre en place les programmes de soutien qui seraient n\u00e9cessaires aux dizaines de milliers de travailleurs dont les emplois sont menac\u00e9s par les nouveaux tarifs douaniers. Au contraire, le dernier budget de la CAQ d\u00e9pos\u00e9 le 25 mars dernier, quelques jours avant le d\u00e9part de Legault pour l\u2019Allemagne, intensifie l\u2019aust\u00e9rit\u00e9 capitaliste.<\/p>\n<p>Sous le pr\u00e9texte habituel de faire face au d\u00e9ficit budg\u00e9taire, le ministre des Finances, le banquier Eric Girard, a limit\u00e9 l\u2019augmentation des d\u00e9penses du minist\u00e8re de la Sant\u00e9 et des Services sociaux \u00e0 3% pour 2025-2026 et \u00e0 2% pour 2026-2027. Pour le minist\u00e8re de l\u2019\u00c9ducation, ce sera respectivement 2,2% et 2%. Ces \u00abaugmentations\u00bb ne couvrent ni l\u2019inflation ni la hausse normale des co\u00fbts. Elles constituent en r\u00e9alit\u00e9 une coupure drastique des sommes allou\u00e9es \u00e0 ces minist\u00e8res qui offrent des services essentiels \u00e0 la population. <\/p>\n<p>Sans compter que les syst\u00e8mes publics d\u2019\u00e9ducation et de sant\u00e9 sont d\u00e9j\u00e0 dans un \u00e9tat lamentable apr\u00e8s avoir \u00e9t\u00e9 saign\u00e9s \u00e0 blanc dans les derni\u00e8res d\u00e9cennies par les gouvernements successifs du Parti qu\u00e9b\u00e9cois, du Parti lib\u00e9ral du Qu\u00e9bec (PLQ) et de la CAQ. Ils n\u00e9cessiteraient des investissements massifs, impossibles dans le syst\u00e8me capitaliste en crise.<\/p>\n<p>De fa\u00e7on g\u00e9n\u00e9rale, l\u2019augmentation des d\u00e9penses des minist\u00e8res est limit\u00e9e \u00e0 1,7% en moyenne sur cinq ans. Cette augmentation est bien en de\u00e7\u00e0 de l\u2019inflation et n\u00e9cessitera des coupes encore plus radicales que celles impos\u00e9es par le gouvernement du PLQ de Philippe Couillard entre 2014 et 2018 dans le cadre d\u2019une des pires vagues d\u2019aust\u00e9rit\u00e9 de l\u2019histoire du Qu\u00e9bec.<\/p>\n<p>Pendant ce temps, la CAQ canalise des milliards de dollars de fonds publics additionnels dans les coffres de la grande entreprise.<\/p>\n<p>Le budget a notamment confirm\u00e9 la cr\u00e9ation d\u2019un fonds de 1,6 milliard de dollars pour aider les entreprises touch\u00e9es par les tarifs douaniers. Ce programme s\u2019adresse uniquement \u00e0 la grande et \u00e0 la moyenne entreprise puisqu\u2019il faut avoir un chiffre d\u2019affaires annuel d\u2019au moins 3 millions de dollars pour y \u00eatre admissible. Aucune condition quant au maintien des emplois ou des salaires n\u2019est impos\u00e9e de sorte que les entreprises pourront empocher l\u2019aide allant jusqu\u2019\u00e0 250 millions de dollars et quand m\u00eame proc\u00e9der \u00e0 des mises \u00e0 pied.<\/p>\n<p>En lien avec les d\u00e9clarations de Legault sur les min\u00e9raux critiques, le budget augmente aussi de fa\u00e7on tr\u00e8s substantielle le cr\u00e9dit d\u2019imp\u00f4t relatif aux ressources qui vise \u00e0 favoriser le d\u00e9veloppement minier. Les entreprises pourront d\u00e9sormais d\u00e9duire 45% des frais d\u2019exploration et de mise en valeur. Autrement dit, le gouvernement du Qu\u00e9bec s\u2019engage \u00e0 payer pr\u00e8s de la moiti\u00e9 des co\u00fbts de prospection, sans garantie que cela ne d\u00e9bouche sur un projet concret d&rsquo;exploitation.<\/p>\n<p>L\u2019industrie militaire est d\u00e9j\u00e0 hautement subventionn\u00e9e par les gouvernements du Qu\u00e9bec et f\u00e9d\u00e9ral. Les exemples donn\u00e9s par Legault d\u2019entreprises qui pourraient b\u00e9n\u00e9ficier de la manne europ\u00e9enne, le fabricant d\u2019avions Bombardier et le chantier naval Davie, doivent leur survie aux milliards de dollars de fonds publics re\u00e7us au fil des ans.<\/p>\n","protected":false},"excerpt":{"rendered":"Au d\u00e9but du mois, le Premier ministre du Qu\u00e9bec Fran\u00e7ois Legault a fait de sa visite \u00e0 la&hellip;\n","protected":false},"author":2,"featured_media":26124,"comment_status":"","ping_status":"","sticky":false,"template":"","format":"standard","meta":{"footnotes":""},"categories":[1587],"tags":[11,672,1924,9301,1804,574,1805,1803,1777,674,1801,9300,12,7810,1802,8727],"class_list":{"0":"post-26123","1":"post","2":"type-post","3":"status-publish","4":"format-standard","5":"has-post-thumbnail","7":"category-allemagne","8":"tag-actualites","9":"tag-allemagne","10":"tag-armement","11":"tag-austerite","12":"tag-bundesrepublik-deutschland","13":"tag-canada","14":"tag-de","15":"tag-deutschland","16":"tag-eu","17":"tag-europe","18":"tag-germany","19":"tag-legault","20":"tag-news","21":"tag-quebec","22":"tag-republique-federale-dallemagne","23":"tag-tarifs"},"share_on_mastodon":{"url":"https:\/\/pubeurope.com\/@fr\/114340835109969152","error":""},"_links":{"self":[{"href":"https:\/\/www.europesays.com\/fr\/wp-json\/wp\/v2\/posts\/26123","targetHints":{"allow":["GET"]}}],"collection":[{"href":"https:\/\/www.europesays.com\/fr\/wp-json\/wp\/v2\/posts"}],"about":[{"href":"https:\/\/www.europesays.com\/fr\/wp-json\/wp\/v2\/types\/post"}],"author":[{"embeddable":true,"href":"https:\/\/www.europesays.com\/fr\/wp-json\/wp\/v2\/users\/2"}],"replies":[{"embeddable":true,"href":"https:\/\/www.europesays.com\/fr\/wp-json\/wp\/v2\/comments?post=26123"}],"version-history":[{"count":0,"href":"https:\/\/www.europesays.com\/fr\/wp-json\/wp\/v2\/posts\/26123\/revisions"}],"wp:featuredmedia":[{"embeddable":true,"href":"https:\/\/www.europesays.com\/fr\/wp-json\/wp\/v2\/media\/26124"}],"wp:attachment":[{"href":"https:\/\/www.europesays.com\/fr\/wp-json\/wp\/v2\/media?parent=26123"}],"wp:term":[{"taxonomy":"category","embeddable":true,"href":"https:\/\/www.europesays.com\/fr\/wp-json\/wp\/v2\/categories?post=26123"},{"taxonomy":"post_tag","embeddable":true,"href":"https:\/\/www.europesays.com\/fr\/wp-json\/wp\/v2\/tags?post=26123"}],"curies":[{"name":"wp","href":"https:\/\/api.w.org\/{rel}","templated":true}]}}