{"id":261233,"date":"2025-07-20T14:15:17","date_gmt":"2025-07-20T14:15:17","guid":{"rendered":"https:\/\/www.europesays.com\/fr\/261233\/"},"modified":"2025-07-20T14:15:17","modified_gmt":"2025-07-20T14:15:17","slug":"psg-un-transfert-a-20me-capote-a-cause-de-la-guerre","status":"publish","type":"post","link":"https:\/\/www.europesays.com\/fr\/261233\/","title":{"rendered":"PSG : Un transfert \u00e0 20M\u20ac capote \u00e0 cause de la guerre ?"},"content":{"rendered":"<p>                    Dan Marciano<br \/>\n                        &#8211;<\/p>\n<p>R\u00e9dacteur<\/p>\n<p>Titulaire d&rsquo;un Master de droit international, je me suis rendu compte au bout de mon parcours universitaire qu&rsquo;il \u00e9tait important d&rsquo;\u00e9voluer dans un domaine que l&rsquo;on appr\u00e9cie. Du jour au lendemain, j&rsquo;ai d\u00e9cid\u00e9 de mettre fin au r\u00eave de mes parents, qui voyaient en moi un futur avocat, pour vivre de ma passion : le sport. Depuis, je couvre les mercatos et l&rsquo;actualit\u00e9 sportive en essayant d&rsquo;informer au mieux les lecteurs.<\/p>\n<p class=\"heading\">Encore inconnu du grand public il y a peu, Manfred Ugalde est d\u00e9sormais dans le viseur de plusieurs clubs europ\u00e9ens, dont le PSG. \u00c0 23 ans, l\u2019attaquant costaricien attise les convoitises apr\u00e8s une saison prometteuse en Russie. Son agent a confirm\u00e9 l\u2019existence de n\u00e9gociations pouss\u00e9es avec le PSG, malgr\u00e9 un contexte d\u00e9licat li\u00e9 \u00e0 la guerre en Ukraine.<\/p>\n<p>Le <a href=\"https:\/\/le10sport.com\/football\/ligue1\/psg\/guerre-ukraine-russie-le-transfert-du-psg-qui-fait-parler-748968\" rel=\"nofollow noopener\" target=\"_blank\">PSG<\/a> poursuit sa politique de d\u00e9tection de jeunes talents \u00e0 fort potentiel, et <strong>Manfred Ugalde <\/strong>semble bien figurer sur les tablettes du club parisien. Sous contrat avec le <a href=\"https:\/\/le10sport.com\/football\/mercato\/mercato-psg-le-transfert-exige-en-russie-748230\" rel=\"nofollow noopener\" target=\"_blank\">Spartak Moscou,<\/a> l\u2019international costaricien a su se faire remarquer gr\u00e2ce \u00e0 sa mobilit\u00e9, sa vision du jeu et sa capacit\u00e9 \u00e0 faire jouer ses partenaires. Dans un entretien accord\u00e9 \u00e0 la presse russe, son agent <strong>Kurt Morsink<\/strong> a lev\u00e9 le voile sur les coulisses du mercato.<\/p>\n<p>                                            Le PSG bien int\u00e9ress\u00e9 par Ugalde<\/p>\n<p>A en croire le repr\u00e9sentant, le <strong>PSG <\/strong>est en bonne position pour recrute<strong>r Ugalde,<\/strong> mais les obstacles restent nombreux. \u00ab Il y a des \u00e9quipes qui s&rsquo;int\u00e9ressent \u00e0 Manfred, elles sont tr\u00e8s int\u00e9ress\u00e9es. Le PSG est l&rsquo;un des clubs avec lesquels nous avons men\u00e9 des n\u00e9gociations tr\u00e8s s\u00e9rieuses. C&rsquo;est l&rsquo;un des nombreux clubs avec lesquels nous avons eu des n\u00e9gociations tr\u00e8s s\u00e9rieuses. Le probl\u00e8me c&rsquo;est que les 20 millions d&rsquo;euros [n\u00e9cessaires], compte tenu de la question du fair-play et du facteur Russie, nous limitent un peu. Mais le PSG fait partie de ceux qui ont le feu vert pour n\u00e9gocier avec la Russie, ainsi qu&rsquo;avec Feyenoord. \u00bb a-t-il confi\u00e9 lors d&rsquo;un entretien \u00e0 Teletica.<\/p>\n<p>                                            La grande d\u00e9ception en Russie<\/p>\n<p>Selon l&rsquo;ancien international russe <strong>Andre\u00ef Kanchelkis,<\/strong> il est d\u00e9j\u00e0 trop tard pour <strong>Ugalde<\/strong>, bien parti pour rester en <strong>Russie.<\/strong> \u00ab Nous aurions d\u00fb l\u2019envoyer au PSG quand l\u2019occasion s\u2019est pr\u00e9sent\u00e9e. Peut-\u00eatre qu&rsquo;il a \u00e9t\u00e9 offens\u00e9 ou qu&rsquo;il y a d&rsquo;autres raisons \u00e0 ce refus. Bien s\u00fbr, ce qu&rsquo;il \u00e9tait avant et ce qu&rsquo;il est maintenant sont deux joueurs diff\u00e9rents \u00bb a-t-il confi\u00e9.<\/p>\n","protected":false},"excerpt":{"rendered":"Dan Marciano &#8211; R\u00e9dacteur Titulaire d&rsquo;un Master de droit international, je me suis rendu compte au bout de&hellip;\n","protected":false},"author":2,"featured_media":261234,"comment_status":"","ping_status":"","sticky":false,"template":"","format":"standard","meta":{"footnotes":""},"categories":[1591],"tags":[11,1887,12,1885,1886,132],"class_list":{"0":"post-261233","1":"post","2":"type-post","3":"status-publish","4":"format-standard","5":"has-post-thumbnail","7":"category-russie","8":"tag-actualites","9":"tag-federation-de-russie","10":"tag-news","11":"tag-russia","12":"tag-russian-federation","13":"tag-russie"},"share_on_mastodon":{"url":"https:\/\/pubeurope.com\/@fr\/114885985854372216","error":""},"_links":{"self":[{"href":"https:\/\/www.europesays.com\/fr\/wp-json\/wp\/v2\/posts\/261233","targetHints":{"allow":["GET"]}}],"collection":[{"href":"https:\/\/www.europesays.com\/fr\/wp-json\/wp\/v2\/posts"}],"about":[{"href":"https:\/\/www.europesays.com\/fr\/wp-json\/wp\/v2\/types\/post"}],"author":[{"embeddable":true,"href":"https:\/\/www.europesays.com\/fr\/wp-json\/wp\/v2\/users\/2"}],"replies":[{"embeddable":true,"href":"https:\/\/www.europesays.com\/fr\/wp-json\/wp\/v2\/comments?post=261233"}],"version-history":[{"count":0,"href":"https:\/\/www.europesays.com\/fr\/wp-json\/wp\/v2\/posts\/261233\/revisions"}],"wp:featuredmedia":[{"embeddable":true,"href":"https:\/\/www.europesays.com\/fr\/wp-json\/wp\/v2\/media\/261234"}],"wp:attachment":[{"href":"https:\/\/www.europesays.com\/fr\/wp-json\/wp\/v2\/media?parent=261233"}],"wp:term":[{"taxonomy":"category","embeddable":true,"href":"https:\/\/www.europesays.com\/fr\/wp-json\/wp\/v2\/categories?post=261233"},{"taxonomy":"post_tag","embeddable":true,"href":"https:\/\/www.europesays.com\/fr\/wp-json\/wp\/v2\/tags?post=261233"}],"curies":[{"name":"wp","href":"https:\/\/api.w.org\/{rel}","templated":true}]}}