{"id":261235,"date":"2025-07-20T14:16:17","date_gmt":"2025-07-20T14:16:17","guid":{"rendered":"https:\/\/www.europesays.com\/fr\/261235\/"},"modified":"2025-07-20T14:16:17","modified_gmt":"2025-07-20T14:16:17","slug":"pourquoi-livrer-des-armes-americaines-financees-par-lotan-sannonce-difficile","status":"publish","type":"post","link":"https:\/\/www.europesays.com\/fr\/261235\/","title":{"rendered":"pourquoi livrer des armes am\u00e9ricaines financ\u00e9es par l\u2019Otan s\u2019annonce difficile"},"content":{"rendered":"<p><strong>D\u00c9CRYPTAGE <\/strong>&#8211; Ce lundi, Donald Trump a annonc\u00e9, \u00e0 l\u2019issue d\u2019un entretien avec le secr\u00e9taire g\u00e9n\u00e9ral de l\u2019Otan, que des armes am\u00e9ricaines seront vendues aux membres de l\u2019Alliance qui les transf\u00e9reront ensuite \u00e0 Kiev.<\/p>\n<p class=\"fig-paragraph\">Les \u00c9tats-Unis, malgr\u00e9 les r\u00e9ticences de Donald Trump, continueront de\u00a0<a href=\"http:\/\/www.lefigaro.fr\/international\/guerre-en-ukraine-donald-trump-evoque-une-declaration-importante-sur-la-russie-qu-il-devrait-faire-lundi-20250711\" data-fig-type=\"NewsFlash\" data-gtm-custom-categorie=\"navigation\" data-gtm-custom-action=\"crossclick\" data-gtm-custom-label=\"Contextuel\" data-gtm-event=\"customEventSPE\" data-fig-domain=\"LEFIGARO\" rel=\"nofollow noopener\" target=\"_blank\">fournir du mat\u00e9riel militaire \u00e0 l\u2019Ukraine<\/a>. Mais le pr\u00e9sident am\u00e9ricain veut changer de m\u00e9thode. \u00abNous enverrons des armes \u00e0 l\u2019Otan, et l\u2019Otan payera pour ces armes, \u00e0 100%. (&#8230;) Puis l\u2019Otan va donner ces armes [\u00e0 l\u2019Ukraine]\u00a0\u00bb, a-t-il expliqu\u00e9 sur NBC News jeudi. Cette d\u00e9cision\u00a0<a href=\"http:\/\/www.lefigaro.fr\/international\/accord-entre-les-usa-et-l-otan-l-ukraine-va-recevoir-un-grand-nombre-d-armes-annonce-trump-20250714\" target=\"_blank\" data-fig-type=\"NewsFlash\" rel=\"noopener nofollow\" data-gtm-custom-categorie=\"navigation\" data-gtm-custom-action=\"crossclick\" data-gtm-custom-label=\"Contextuel\" data-gtm-event=\"customEventSPE\" data-fig-domain=\"LEFIGARO\">a \u00e9t\u00e9 confirm\u00e9e ce lundi, \u00e0 l\u2019issue d\u2019une entrevue avec le secr\u00e9taire g\u00e9n\u00e9ral de L\u2019Otan Mark Rutte<\/a>, dans le bureau ovale. \u00abNous allons fabriquer des armes haut de gamme, qui seront envoy\u00e9es \u00e0 l\u2019OTAN\u00bb, a d\u00e9clar\u00e9 le pr\u00e9sident am\u00e9ricain.<\/p>\n<p class=\"fig-paragraph\">Au cours de sa campagne \u00e9lectorale, Donald Trump avait promis de mettre fin \u00e0 la guerre d\u2019Ukraine en \u00abquarante-huit heures\u00bb, puis en cent jours. D\u00e8s son retour \u00e0 la Maison-Blanche, il a entam\u00e9 des n\u00e9gociations avec la Russie de Vladimir Poutine, sans d\u2019autres succ\u00e8s que des \u00e9changes de prisonniers. Il a m\u00eame, afin de pressuriser l\u2019Ukraine, coup\u00e9 l\u2019acc\u00e8s au renseignement am\u00e9ricain, suspendu des livraisons d\u2019armes\u2026<\/p>\n<p class=\"fig-premium-paywall__infos\">\n        Cet article est r\u00e9serv\u00e9 aux abonn\u00e9s.        Il vous reste 81% \u00e0 d\u00e9couvrir.\n    <\/p>\n<p>                <img  data- alt=\"Le Figaro\" class=\"fig-img--complete fig-img\"\/><\/p>\n<p class=\"fig-premium-paywall__title\">Vous avez envie de lire la suite ?<\/p>\n<p class=\"fig-premium-paywall__subtitle\">D\u00e9bloquez tous les articles imm\u00e9diatement.<\/p>\n<p class=\"fig-premium-paywall__connect\">\n                D\u00e9j\u00e0 abonn\u00e9\u00a0?                <a class=\"fig-premium-paywall__connect-link\" href=\"https:\/\/connect.lefigaro.fr\/login?client=horizon_web&amp;type=main&amp;redirect_uri=https%3A%2F%2Fwww.lefigaro.fr%2Finternational%2Fguerre-en-ukraine-pourquoi-financer-des-armes-via-l-otan-pose-probleme-20250711\" data-js-gtm=\"{&quot;customCategorie&quot;: &quot;conversion&quot;, &quot;customAction&quot;: &quot;before_Landing_Connexion_paywall_auto&quot;, &quot;customLabel&quot;: &quot;bGVmaWdhcm8uZnJfXzFmMDVlMzQ5LTRhZDItNjEwZS1iZDZhLTFmMTBkMDI1ODhjZV9fQXJ0aWNsZQ==_Guerre en Ukraine\u00a0: pourquoi livrer des armes am\u00e9ricaines financ\u00e9es par l\u2019Otan s\u2019annonce difficile_411&quot;, &quot;customIDSPE&quot;: &quot;bGVmaWdhcm8uZnJfXzFmMDVlMzQ5LTRhZDItNjEwZS1iZDZhLTFmMTBkMDI1ODhjZV9fQXJ0aWNsZQ==&quot;, &quot;event&quot;: &quot;customEventSPE&quot;}\" rel=\"nofollow noopener\" target=\"_blank\"><br \/>\n                    Connectez-vous<br \/>\n                <\/a>\n            <\/p>\n","protected":false},"excerpt":{"rendered":"D\u00c9CRYPTAGE &#8211; Ce lundi, Donald Trump a annonc\u00e9, \u00e0 l\u2019issue d\u2019un entretien avec le secr\u00e9taire g\u00e9n\u00e9ral de l\u2019Otan,&hellip;\n","protected":false},"author":2,"featured_media":261236,"comment_status":"","ping_status":"","sticky":false,"template":"","format":"standard","meta":{"footnotes":""},"categories":[1590],"tags":[11,75,1777,674,131,12,220],"class_list":{"0":"post-261235","1":"post","2":"type-post","3":"status-publish","4":"format-standard","5":"has-post-thumbnail","7":"category-ukraine","8":"tag-actualites","9":"tag-donald-trump","10":"tag-eu","11":"tag-europe","12":"tag-guerre-en-ukraine","13":"tag-news","14":"tag-ukraine"},"share_on_mastodon":{"url":"https:\/\/pubeurope.com\/@fr\/114885989698434740","error":""},"_links":{"self":[{"href":"https:\/\/www.europesays.com\/fr\/wp-json\/wp\/v2\/posts\/261235","targetHints":{"allow":["GET"]}}],"collection":[{"href":"https:\/\/www.europesays.com\/fr\/wp-json\/wp\/v2\/posts"}],"about":[{"href":"https:\/\/www.europesays.com\/fr\/wp-json\/wp\/v2\/types\/post"}],"author":[{"embeddable":true,"href":"https:\/\/www.europesays.com\/fr\/wp-json\/wp\/v2\/users\/2"}],"replies":[{"embeddable":true,"href":"https:\/\/www.europesays.com\/fr\/wp-json\/wp\/v2\/comments?post=261235"}],"version-history":[{"count":0,"href":"https:\/\/www.europesays.com\/fr\/wp-json\/wp\/v2\/posts\/261235\/revisions"}],"wp:featuredmedia":[{"embeddable":true,"href":"https:\/\/www.europesays.com\/fr\/wp-json\/wp\/v2\/media\/261236"}],"wp:attachment":[{"href":"https:\/\/www.europesays.com\/fr\/wp-json\/wp\/v2\/media?parent=261235"}],"wp:term":[{"taxonomy":"category","embeddable":true,"href":"https:\/\/www.europesays.com\/fr\/wp-json\/wp\/v2\/categories?post=261235"},{"taxonomy":"post_tag","embeddable":true,"href":"https:\/\/www.europesays.com\/fr\/wp-json\/wp\/v2\/tags?post=261235"}],"curies":[{"name":"wp","href":"https:\/\/api.w.org\/{rel}","templated":true}]}}