{"id":261239,"date":"2025-07-20T14:18:10","date_gmt":"2025-07-20T14:18:10","guid":{"rendered":"https:\/\/www.europesays.com\/fr\/261239\/"},"modified":"2025-07-20T14:18:10","modified_gmt":"2025-07-20T14:18:10","slug":"des-garde-cotes-francais-relevent-que-perforer-les-embarcations-de-migrants-ne-les-empechent-pas-de-tenter-la-traversee-liberation","status":"publish","type":"post","link":"https:\/\/www.europesays.com\/fr\/261239\/","title":{"rendered":"des garde-c\u00f4tes fran\u00e7ais rel\u00e8vent que perforer les embarcations de migrants ne les emp\u00eachent pas de tenter la travers\u00e9e \u2013 Lib\u00e9ration"},"content":{"rendered":"<p class=\"sc-ksZaOG ehjQrN text-element\">Une mesure inutile et dangereuse. La politique franco-britannique qui vise \u00e0 intercepter et perforer les canots de migrants en mer n\u2019emp\u00eache en rien les d\u00e9parts de ces fragiles embarcations, m\u00eame ab\u00eem\u00e9es, mettant en p\u00e9ril la vie de leurs passagers, r\u00e9v\u00e8lent des documents des garde-c\u00f4tes fran\u00e7ais <a href=\"https:\/\/www.theguardian.com\/uk-news\/2025\/jul\/20\/leaked-document-shows-boat-slashing-failed-to-stop-migrants-reaching-uk\" target=\"_blank\" rel=\"noreferrer noopener\" title=\"https:\/\/www.theguardian.com\/uk-news\/2025\/jul\/20\/leaked-document-shows-boat-slashing-failed-to-stop-migrants-reaching-uk\">divulgu\u00e9s par le Guardian<\/a>.<\/p>\n<p class=\"sc-ksZaOG ehjQrN text-element\">Le quotidien britannique, qui a pu consulter un rapport de situation des garde-c\u00f4tes du centre de coordination de sauvetage maritime Gris-Nez (Pas-de-Calais), r\u00e9v\u00e8le que dans la nuit du 9 au 10 juillet, la gendarmerie a perfor\u00e9 un canot pneumatique au d\u00e9part de Cayeux-sur-Mer. Pas de quoi arr\u00eater l\u2019embarcation de fortune, qui a tout de m\u00eame pris le large et a \u00e9t\u00e9 perdue de vue. Les garde-c\u00f4tes ont d\u00fb par la suite effectuer des recherches par voies a\u00e9rienne et maritime.<\/p>\n<p class=\"sc-ksZaOG ehjQrN text-element\">Ils ont finalement retrouv\u00e9 l\u2019embarcation aux premi\u00e8res heures du jeudi 10 juillet. Le canot, d\u00e9chiquet\u00e9, a malgr\u00e9 tout r\u00e9ussi \u00e0 r\u00e9cup\u00e9rer d\u2019autres passagers le long de la c\u00f4te et a accost\u00e9 au Royaume-Uni avec 55 passagers \u00e0 bord, apr\u00e8s avoir \u00e9t\u00e9 secouru par la Royal National Lifeboat Institution, une ONG de sauvetage en mer. Les donn\u00e9es du minist\u00e8re de l\u2019Int\u00e9rieur du Royaume-Uni montrent que dix embarcations sont arriv\u00e9es ce jour-l\u00e0, transportant 573 passagers.<\/p>\n<p class=\"sc-ksZaOG ehjQrN text-element\">Pour les garde-c\u00f4tes fran\u00e7ais, l\u2019incident prouve que si une embarcation reste \u00e0 flot, m\u00eame lac\u00e9r\u00e9e, les personnes \u00e0 bord ne sont pas dissuad\u00e9es de tenter de rejoindre le Royaume-Uni. Ils constatent \u00e9galement que cette tactique devrait n\u00e9cessiter des moyens suppl\u00e9mentaires de sauvetage en mer. D\u2019autant que, comme le souligne le Guardian, le nombre d\u2019arriv\u00e9es au Royaume-Uni sur de petits bateaux en 2025 a augment\u00e9 d\u2019environ 50 % par rapport \u00e0 la m\u00eame p\u00e9riode <a href=\"https:\/\/www.liberation.fr\/societe\/immigration\/ce-nest-pas-le-nombre-de-personnes-qui-veulent-traverser-qui-augmente-cest-la-prise-de-risque-les-sauvetages-dexiles-en-mer-en-forte-hausse-en-2024-20250214_T2IVIAY7P5ERXLIJT6K443D6TM\/\" target=\"_blank\" rel=\"noreferrer noopener\" title=\"https:\/\/www.liberation.fr\/societe\/immigration\/ce-nest-pas-le-nombre-de-personnes-qui-veulent-traverser-qui-augmente-cest-la-prise-de-risque-les-sauvetages-dexiles-en-mer-en-forte-hausse-en-2024-20250214_T2IVIAY7P5ERXLIJT6K443D6TM\/\">en 2024<\/a>, avec plus de 21 000 travers\u00e9es jusqu\u2019\u00e0 pr\u00e9sent.<\/p>\n<p class=\"sc-ksZaOG ehjQrN text-element\">Quelques heures seulement apr\u00e8s l\u2019incident enregistr\u00e9 par les garde-c\u00f4tes fran\u00e7ais, le Premier ministre britannique, Keir Starmer, et le pr\u00e9sident Emmanuel Macron ont conjointement trompet\u00e9 la signature d\u2019<a href=\"https:\/\/www.liberation.fr\/idees-et-debats\/editorial\/macron-et-starmer-contre-les-migrants-laccord-de-la-honte-20250710_TWSLOZ7EK5E2FJPEK7GMYEWKHM\/\" target=\"_blank\" rel=\"noreferrer noopener\" title=\"https:\/\/www.liberation.fr\/idees-et-debats\/editorial\/macron-et-starmer-contre-les-migrants-laccord-de-la-honte-20250710_TWSLOZ7EK5E2FJPEK7GMYEWKHM\/\">un accord entre leurs deux pays pour limiter l\u2019immigration ill\u00e9gale<\/a>.<\/p>\n<p class=\"sc-ksZaOG ehjQrN text-element\">Au-del\u00e0 de l\u2019annonce de la mise en place de la mesure dite d\u2019<a href=\"https:\/\/www.liberation.fr\/societe\/immigration\/accord-sur-limmigration-le-royaume-uni-et-la-france-actent-le-principe-une-entree-une-sortie-20250710_KRPATBGZ2FFBNFIVT5ZX6QACCI\/\" target=\"_blank\" rel=\"noreferrer noopener\" title=\"https:\/\/www.liberation.fr\/societe\/immigration\/accord-sur-limmigration-le-royaume-uni-et-la-france-actent-le-principe-une-entree-une-sortie-20250710_KRPATBGZ2FFBNFIVT5ZX6QACCI\/\">\u00abun entrant, un sortant\u00bb<\/a> \u2013 le fait d\u2019autoriser une personne \u00e0 se rendre l\u00e9galement au Royaume-Uni et \u00e0 y demander l\u2019asile en \u00e9change du retour en France d\u2019une autre arriv\u00e9e irr\u00e9guli\u00e8rement \u2013, Starmer pousse pour permettre des interceptions en mer jusqu\u2019\u00e0 300 m\u00e8tres au large de la Manche. La pratique, pourtant interdite, existe depuis au moins depuis 2022, <a href=\"https:\/\/www.lemonde.fr\/societe\/article\/2024\/03\/23\/dans-la-manche-les-techniques-agressives-de-la-police-pour-empecher-les-traversees-de-migrants_6223777_3224.html\" target=\"_blank\" rel=\"noopener\" title=\"https:\/\/www.lemonde.fr\/societe\/article\/2024\/03\/23\/dans-la-manche-les-techniques-agressives-de-la-police-pour-empecher-les-traversees-de-migrants_6223777_3224.html\">selon une enqu\u00eate<\/a> men\u00e9e en mars 2024 par un consortium de m\u00e9dias europ\u00e9ens.<\/p>\n<p class=\"sc-ksZaOG ehjQrN text-element\">Le Premier ministre britannique avait \u00e9galement salu\u00e9 un \u00abdurcissement\u00bb de la doctrine fran\u00e7aise apr\u00e8s la diffusion d\u00e9but juillet d\u2019un reportage de la BBC montrant des gendarmes en train de <a href=\"https:\/\/www.liberation.fr\/societe\/immigration\/pas-de-calais-des-gendarmes-francais-crevent-au-couteau-une-embarcation-gonflable-avec-des-migrants-a-bord-20250704_UHW2XST4E5FEPOJVAYNYESED7I\/?redirected=1\" target=\"_blank\" rel=\"noopener\" title=\"https:\/\/www.liberation.fr\/societe\/immigration\/pas-de-calais-des-gendarmes-francais-crevent-au-couteau-une-embarcation-gonflable-avec-des-migrants-a-bord-20250704_UHW2XST4E5FEPOJVAYNYESED7I\/?redirected=1\">lac\u00e9rer des embarcations pour en emp\u00eacher le d\u00e9part<\/a>.<\/p>\n<p class=\"sc-ksZaOG ehjQrN text-element\">Les mesures de dissuasion, aussi brutales soient-elles, sont inefficaces, conclut le Guardian. Pire, <a href=\"https:\/\/www.liberation.fr\/societe\/immigration\/ce-nest-pas-le-nombre-de-personnes-qui-veulent-traverser-qui-augmente-cest-la-prise-de-risque-les-sauvetages-dexiles-en-mer-en-forte-hausse-en-2024-20250214_T2IVIAY7P5ERXLIJT6K443D6TM\/\" target=\"_blank\" rel=\"noopener\" title=\"https:\/\/www.liberation.fr\/societe\/immigration\/ce-nest-pas-le-nombre-de-personnes-qui-veulent-traverser-qui-augmente-cest-la-prise-de-risque-les-sauvetages-dexiles-en-mer-en-forte-hausse-en-2024-20250214_T2IVIAY7P5ERXLIJT6K443D6TM\/\">elles incitent les gens \u00e0 entreprendre des voyages toujours plus p\u00e9rilleux<\/a>, assure encore le quotidien britannique, soulignant que la seule fa\u00e7on de mettre fin aux travers\u00e9es est de proposer des voies s\u00fbres pour les demandes d\u2019asile.<\/p>\n<p class=\"sc-ksZaOG ehjQrN text-element\">Dans une lettre ouverte adress\u00e9e au directeur national garde-c\u00f4tes des douanes et publi\u00e9e par <a href=\"https:\/\/france3-regions.franceinfo.fr\/hauts-de-france\/pas-calais\/touquet\/gardes-frontieres-pas-tortionnaires-quand-les-douaniers-denoncent-des-ordres-dangereux-pour-les-migrants-qui-traversent-la-manche-3176013.html\" target=\"_blank\" rel=\"noreferrer noopener\" title=\"https:\/\/france3-regions.franceinfo.fr\/hauts-de-france\/pas-calais\/touquet\/gardes-frontieres-pas-tortionnaires-quand-les-douaniers-denoncent-des-ordres-dangereux-pour-les-migrants-qui-traversent-la-manche-3176013.html\">France 3 Hauts-de-France<\/a> fin juin, le syndicat Solidaires Douanes avait \u00e9galement \u00e9mis des inqui\u00e9tudes quant au \u00abcontexte de maltraitance institutionnelle croissante, \u00e0 l\u2019encontre des personnes en exil\u00bb. Et de d\u00e9noncer une \u00abmise sous pression de la France par le Royaume-Uni, qui attend que toutes les mesures possibles soient prises par le minist\u00e8re de l\u2019Int\u00e9rieur afin d\u2019emp\u00eacher les travers\u00e9es de la Manche\u00bb.<\/p>\n<p class=\"sc-ksZaOG ehjQrN text-element\">La responsable britannique du plaidoyer et des affaires publiques du collectif Care4Calais, Charlotte Khan, s\u2019alarme aupr\u00e8s du Guardian : \u00abNous sommes habitu\u00e9s depuis de nombreuses ann\u00e9es aux brutalit\u00e9s polici\u00e8res contre la communaut\u00e9 r\u00e9fugi\u00e9e dans le nord de la France, mais nous assistons actuellement \u00e0 une augmentation rapide de cette violence financ\u00e9e par l\u2019Etat.\u00bb<\/p>\n","protected":false},"excerpt":{"rendered":"Une mesure inutile et dangereuse. La politique franco-britannique qui vise \u00e0 intercepter et perforer les canots de migrants&hellip;\n","protected":false},"author":2,"featured_media":261240,"comment_status":"","ping_status":"","sticky":false,"template":"","format":"standard","meta":{"footnotes":""},"categories":[1588],"tags":[11,1073,1777,674,1061,2581,1251,35286,12,473,1853,1851,1850,1852],"class_list":{"0":"post-261239","1":"post","2":"type-post","3":"status-publish","4":"format-standard","5":"has-post-thumbnail","7":"category-royaume-uni","8":"tag-actualites","9":"tag-emmanuel-macron","10":"tag-eu","11":"tag-europe","12":"tag-immigration","13":"tag-keir-starmer","14":"tag-migrants","15":"tag-migrants-files","16":"tag-news","17":"tag-royaume-uni","18":"tag-royaume-uni-de-grande-bretagne-et-dirlande-du-nord","19":"tag-uk","20":"tag-united-kingdom","21":"tag-united-kingdom-of-great-britain-and-northern-ireland"},"share_on_mastodon":{"url":"https:\/\/pubeurope.com\/@fr\/114885997586811440","error":""},"_links":{"self":[{"href":"https:\/\/www.europesays.com\/fr\/wp-json\/wp\/v2\/posts\/261239","targetHints":{"allow":["GET"]}}],"collection":[{"href":"https:\/\/www.europesays.com\/fr\/wp-json\/wp\/v2\/posts"}],"about":[{"href":"https:\/\/www.europesays.com\/fr\/wp-json\/wp\/v2\/types\/post"}],"author":[{"embeddable":true,"href":"https:\/\/www.europesays.com\/fr\/wp-json\/wp\/v2\/users\/2"}],"replies":[{"embeddable":true,"href":"https:\/\/www.europesays.com\/fr\/wp-json\/wp\/v2\/comments?post=261239"}],"version-history":[{"count":0,"href":"https:\/\/www.europesays.com\/fr\/wp-json\/wp\/v2\/posts\/261239\/revisions"}],"wp:featuredmedia":[{"embeddable":true,"href":"https:\/\/www.europesays.com\/fr\/wp-json\/wp\/v2\/media\/261240"}],"wp:attachment":[{"href":"https:\/\/www.europesays.com\/fr\/wp-json\/wp\/v2\/media?parent=261239"}],"wp:term":[{"taxonomy":"category","embeddable":true,"href":"https:\/\/www.europesays.com\/fr\/wp-json\/wp\/v2\/categories?post=261239"},{"taxonomy":"post_tag","embeddable":true,"href":"https:\/\/www.europesays.com\/fr\/wp-json\/wp\/v2\/tags?post=261239"}],"curies":[{"name":"wp","href":"https:\/\/api.w.org\/{rel}","templated":true}]}}