{"id":261241,"date":"2025-07-20T14:19:16","date_gmt":"2025-07-20T14:19:16","guid":{"rendered":"https:\/\/www.europesays.com\/fr\/261241\/"},"modified":"2025-07-20T14:19:16","modified_gmt":"2025-07-20T14:19:16","slug":"en-allemagne-81-condamnes-afghans-renvoyes-vers-leur-pays","status":"publish","type":"post","link":"https:\/\/www.europesays.com\/fr\/261241\/","title":{"rendered":"en Allemagne, 81 condamn\u00e9s afghans renvoy\u00e9s vers leur pays"},"content":{"rendered":"<p>C\u2019est la seconde op\u00e9ration de ce type depuis l\u2019\u00e9t\u00e9 dernier alors que Berlin affiche sa volont\u00e9 de durcir sa politique migratoire.<\/p>\n<p class=\"fig-paragraph\">Le<a href=\"http:\/\/www.lefigaro.fr\/conjoncture\/c-est-la-prochaine-generation-qui-devra-payer-premieres-dissensions-dans-le-gouvernement-allemand-sur-la-facture-d-electricite-20250701\" target=\"_blank\" data-fig-type=\"Article\" rel=\"noopener nofollow\" data-gtm-custom-categorie=\"navigation\" data-gtm-custom-action=\"crossclick\" data-gtm-custom-label=\"Contextuel\" data-gtm-event=\"customEventSPE\" data-fig-domain=\"LEFIGARO\">\u00a0gouvernement allemand<\/a>\u00a0a annonc\u00e9 vendredi avoir expuls\u00e9 81\u00a0<a href=\"http:\/\/www.lefigaro.fr\/flash-actu\/allemagne-prison-a-vie-pour-deux-freres-afghans-ayant-tue-leur-soeur-20230216\" data-fig-type=\"NewsFlash\" data-gtm-custom-categorie=\"navigation\" data-gtm-custom-action=\"crossclick\" data-gtm-custom-label=\"Contextuel\" data-gtm-event=\"customEventSPE\" data-fig-domain=\"LEFIGARO\" rel=\"nofollow noopener\" target=\"_blank\">Afghans<\/a>\u00a0condamn\u00e9s par la justice. C\u2019est la seconde op\u00e9ration de ce type depuis l&rsquo;\u00e9t\u00e9 dernier alors que Berlin affiche sa volont\u00e9 de durcir sa politique migratoire.<\/p>\n<p class=\"fig-paragraph\">\u00abUn vol d&rsquo;expulsion vient de d\u00e9coller, \u00e0 destination de l&rsquo;Afghanistan\u00bb, a annonc\u00e9 le ministre de l&rsquo;Int\u00e9rieur Alexander Dobrindt. Les expuls\u00e9s sont des \u00abhommes afghans soumis \u00e0 une d\u00e9cision d&rsquo;expulsion et qui ont d\u00e9j\u00e0 \u00e9t\u00e9 condamn\u00e9s par la justice p\u00e9nale\u00bb, pr\u00e9cise un communiqu\u00e9 du minist\u00e8re.<\/p>\n<p>                                    <a class=\"fig-a11y-skip a11y-hidden\" href=\"#fig-a11y-skip-main-inarticle\"><br \/>\n        Passer la publicit\u00e9<br \/>\n    <\/a><\/p>\n<p class=\"fig-paragraph\">Les expulsions vers l\u2019Afghanistan sont controvers\u00e9es en raison du retour au pouvoir dans ce pays des talibans en ao\u00fbt 2021, autorit\u00e9 que le gouvernement allemand ne reconna\u00eet pas et avec laquelle il n\u2019entretient pas de relations diplomatiques.<\/p>\n<p class=\"fig-body-link\">\n            \u00c0 lire aussi<br \/>\n        <a class=\"fig-body-link__link fig-premium-mark\" href=\"http:\/\/www.lefigaro.fr\/vox\/monde\/en-allemagne-ce-nouveau-parti-de-gauche-conservatrice-qui-fait-de-la-lutte-contre-l-immigration-sa-priorite-20240126\" data-fig-type=\"Article\" data-gtm-custom-categorie=\"navigation\" data-gtm-custom-action=\"crossclick\" data-gtm-custom-label=\"Contextuel\" data-gtm-event=\"customEventSPE\" data-fig-domain=\"LEFIGARO\" rel=\"nofollow noopener\" target=\"_blank\">En Allemagne, ce nouveau parti de \u00abgauche conservatrice\u00bb qui fait de la lutte contre l\u2019immigration sa priorit\u00e9<br \/>\n    <\/a>\n<\/p>\n<p><strong>Un projet similaire pourrait se mettre en place avec la Syrie<\/strong><\/p>\n<p class=\"fig-paragraph\">Le gouvernement du chancelier Friedrich Merz, en fonction depuis mai, veut renvoyer vers leur pays des demandeurs d\u2019asile afghans coupables de crimes en Allemagne. Le pr\u00e9c\u00e9dent gouvernement dirig\u00e9 par le social-d\u00e9mocrate Olaf Scholz avait expuls\u00e9, le 30 ao\u00fbt 2024, un groupe de 28 Afghans condamn\u00e9s pour crimes, une premi\u00e8re depuis le retour au pouvoir des talibans.<\/p>\n<p class=\"fig-paragraph\">L\u2019op\u00e9ration men\u00e9e vendredi a pu se d\u00e9rouler gr\u00e2ce \u00e0 l\u2019entremise du\u00a0<a href=\"http:\/\/www.lefigaro.fr\/flash-actu\/afghanistan-le-premier-avion-d-evacuation-depuis-le-retrait-americain-se-pose-au-qatar-20210909\" target=\"_blank\" data-fig-type=\"NewsFlash\" rel=\"noopener nofollow\" data-gtm-custom-categorie=\"navigation\" data-gtm-custom-action=\"crossclick\" data-gtm-custom-label=\"Contextuel\" data-gtm-event=\"customEventSPE\" data-fig-domain=\"LEFIGARO\">Qatar<\/a>, a pr\u00e9cis\u00e9 le minist\u00e8re de l\u2019Int\u00e9rieur. Mais Berlin avait indiqu\u00e9 r\u00e9cemment envisager de n\u00e9gocier directement avec les autorit\u00e9s talibanes pour faciliter l\u2019expulsion de d\u00e9linquants afghans. Ces expulsions \u00abdoivent pouvoir se poursuivre \u00e0 l\u2019avenir. Les auteurs d\u2019infractions graves n\u2019ont pas le droit de s\u00e9journer dans notre pays\u00bb, affirme le minist\u00e8re allemand dans son communiqu\u00e9.<\/p>\n<p class=\"fig-paragraph\">L\u2019Allemagne souhaite \u00e9galement revoir ses pratiques concernant les ressortissants syriens alors que la Syrie \u00e9tait jusqu\u2019\u00e0 pr\u00e9sent consid\u00e9r\u00e9e comme trop dangereuse pour autoriser des renvois et qu\u2019il n\u2019existait pas de relations diplomatiques avec le r\u00e9gime de l\u2019ancien dirigeant\u00a0<a href=\"http:\/\/www.lefigaro.fr\/international\/syrie-pour-la-premiere-fois-depuis-la-chute-de-bachar-al-assad-un-membre-du-congres-americain-recu-a-damas-20250419\" target=\"_blank\" data-fig-type=\"NewsFlash\" rel=\"noopener nofollow\" data-gtm-custom-categorie=\"navigation\" data-gtm-custom-action=\"crossclick\" data-gtm-custom-label=\"Contextuel\" data-gtm-event=\"customEventSPE\" data-fig-domain=\"LEFIGARO\">Bachar al-Assad<\/a>.<\/p>\n","protected":false},"excerpt":{"rendered":"C\u2019est la seconde op\u00e9ration de ce type depuis l\u2019\u00e9t\u00e9 dernier alors que Berlin affiche sa volont\u00e9 de durcir&hellip;\n","protected":false},"author":2,"featured_media":261242,"comment_status":"","ping_status":"","sticky":false,"template":"","format":"standard","meta":{"footnotes":""},"categories":[1587],"tags":[11,598,672,1804,1805,1803,1777,674,5341,1801,12,1802],"class_list":{"0":"post-261241","1":"post","2":"type-post","3":"status-publish","4":"format-standard","5":"has-post-thumbnail","7":"category-allemagne","8":"tag-actualites","9":"tag-afghanistan","10":"tag-allemagne","11":"tag-bundesrepublik-deutschland","12":"tag-de","13":"tag-deutschland","14":"tag-eu","15":"tag-europe","16":"tag-expulsions","17":"tag-germany","18":"tag-news","19":"tag-republique-federale-dallemagne"},"share_on_mastodon":{"url":"https:\/\/pubeurope.com\/@fr\/114886001579919792","error":""},"_links":{"self":[{"href":"https:\/\/www.europesays.com\/fr\/wp-json\/wp\/v2\/posts\/261241","targetHints":{"allow":["GET"]}}],"collection":[{"href":"https:\/\/www.europesays.com\/fr\/wp-json\/wp\/v2\/posts"}],"about":[{"href":"https:\/\/www.europesays.com\/fr\/wp-json\/wp\/v2\/types\/post"}],"author":[{"embeddable":true,"href":"https:\/\/www.europesays.com\/fr\/wp-json\/wp\/v2\/users\/2"}],"replies":[{"embeddable":true,"href":"https:\/\/www.europesays.com\/fr\/wp-json\/wp\/v2\/comments?post=261241"}],"version-history":[{"count":0,"href":"https:\/\/www.europesays.com\/fr\/wp-json\/wp\/v2\/posts\/261241\/revisions"}],"wp:featuredmedia":[{"embeddable":true,"href":"https:\/\/www.europesays.com\/fr\/wp-json\/wp\/v2\/media\/261242"}],"wp:attachment":[{"href":"https:\/\/www.europesays.com\/fr\/wp-json\/wp\/v2\/media?parent=261241"}],"wp:term":[{"taxonomy":"category","embeddable":true,"href":"https:\/\/www.europesays.com\/fr\/wp-json\/wp\/v2\/categories?post=261241"},{"taxonomy":"post_tag","embeddable":true,"href":"https:\/\/www.europesays.com\/fr\/wp-json\/wp\/v2\/tags?post=261241"}],"curies":[{"name":"wp","href":"https:\/\/api.w.org\/{rel}","templated":true}]}}