{"id":261245,"date":"2025-07-20T14:21:09","date_gmt":"2025-07-20T14:21:09","guid":{"rendered":"https:\/\/www.europesays.com\/fr\/261245\/"},"modified":"2025-07-20T14:21:09","modified_gmt":"2025-07-20T14:21:09","slug":"lage-de-la-retraite-dans-lue-continue-daugmenter-mais-qui-paiera-la-facture-plus-tard","status":"publish","type":"post","link":"https:\/\/www.europesays.com\/fr\/261245\/","title":{"rendered":"L&rsquo;\u00e2ge de la retraite dans l&rsquo;UE continue d&rsquo;augmenter, mais qui paiera la facture plus tard ?"},"content":{"rendered":"<p>Principaux renseingnements<\/p>\n<ul class=\"wp-block-list\">\n<li><strong>La dur\u00e9e moyenne de la vie professionnelle dans l\u2019UE devrait \u00eatre de 37,2 ans en 2024.<\/strong><\/li>\n<li><strong>Les hommes pr\u00e9voient une dur\u00e9e moyenne de vie active plus longue (39,2 ans) que les femmes (35,0 ans).<\/strong><\/li>\n<li><strong>Plusieurs pays de l\u2019UE rel\u00e8vent l\u2019\u00e2ge de la retraite pour faire face aux changements d\u00e9mographiques et assurer la viabilit\u00e9 des syst\u00e8mes de pension.<\/strong><\/li>\n<\/ul>\n<p>D\u2019ici 2024, les personnes \u00e2g\u00e9es de 15 ans et plus dans l\u2019UE devraient travailler en moyenne 37,2 ans. Toutefois, ce chiffre varie consid\u00e9rablement d\u2019un pays \u00e0 l\u2019autre. Six pays \u2013 les Pays-Bas, la Su\u00e8de, le Danemark, l\u2019Estonie, l\u2019Irlande et l\u2019Allemagne \u2013 affichent une dur\u00e9e moyenne de vie active de 40 ans ou plus. En revanche, c\u2019est en Roumanie que la dur\u00e9e de vie active est la plus courte (32,7 ans), suivie de pr\u00e8s par l\u2019Italie (32,8 ans) et la Croatie, la Gr\u00e8ce et la Bulgarie (34,8 ans chacune). Ceci est rapport\u00e9 par <a href=\"https:\/\/ec.europa.eu\/eurostat\/web\/products-eurostat-news\/w\/ddn-20250718-1\" target=\"_blank\" rel=\"noreferrer noopener\">Eurostat<\/a>.<\/p>\n<p>Dur\u00e9e de la vie professionnelle par sexe<\/p>\n<p>Les hommes de l\u2019UE pouvaient s\u2019attendre \u00e0 une dur\u00e9e moyenne de vie active de 39,2 ans. Les dur\u00e9es les plus longues \u00e9taient observ\u00e9es aux Pays-Bas (45,7 ans), au Danemark (44,2 ans) et en Su\u00e8de (40,0 ans). \u00c0 l\u2019inverse, la Roumanie affichait la dur\u00e9e la plus courte pour les hommes (35,9 ans), \u00e0 l\u2019instar de la Croatie et de la Bulgarie (36,0 ans chacune).<\/p>\n<p>Les femmes de l\u2019UE ont connu une dur\u00e9e de vie professionnelle moyenne de 35,0 ans. L\u2019Estonie arrive en t\u00eate avec la dur\u00e9e la plus longue (42,2 ans), suivie de la Su\u00e8de (42,0 ans) et des Pays-Bas (41,8 ans). L\u2019Italie avait la dur\u00e9e la plus courte pour les femmes (28,2 ans), suivie de la Roumanie (29,2 ans) et de la Gr\u00e8ce (31,1 ans).<\/p>\n<p>L\u2019\u00e2ge de la retraite augmente en raison des changements d\u00e9mographiques<\/p>\n<p>La tendance \u00e0 l\u2019augmentation de l\u2019\u00e2ge de la retraite est \u00e9vidente dans de nombreux pays de l\u2019UE. Cette tendance s\u2019explique par les changements d\u00e9mographiques, tels que la baisse du taux de natalit\u00e9 et le vieillissement de la population. Ces ajustements visent \u00e0 all\u00e9ger la pression sur les syst\u00e8mes de retraite et les budgets publics.<\/p>\n<p>Les Pays-Bas atteindront l\u2019\u00e2ge de la retraite \u00e0 67 ans d\u2019ici 2024, <a href=\"https:\/\/fr.businessam.be\/grandes-villes-belges-beneficieront-soutien-financier-supplementaire-pensions-personnel-municipal\/\" target=\"_blank\" rel=\"noopener\">la Belgique<\/a> pr\u00e9voit de le porter \u00e0 67 ans d\u2019ici 2030, l\u2019Allemagne l\u2019augmente progressivement jusqu\u2019\u00e0 67 ans d\u2019ici 2031, la France est r\u00e9cemment pass\u00e9e de 62 \u00e0 64 ans, et l\u2019Espagne vise 67 ans d\u2019ici 2027. Le Danemark se distingue par la r\u00e9forme la plus radicale : son \u00e2ge de d\u00e9part \u00e0 la retraite passera \u00e0 70 ans d\u2019ici \u00e0 2040.<\/p>\n<p>Ces changements refl\u00e8tent une \u00e9volution plus large de la soci\u00e9t\u00e9 vers l\u2019allongement de la vie professionnelle. Ils contribuent \u00e0 l\u2019augmentation constante de la dur\u00e9e moyenne de vie active pr\u00e9vue dans l\u2019UE, qui passera de 34,8 ans en 2014 \u00e0 37,2 ans en 2024. Toutefois, cette tendance suscite \u00e9galement des inqui\u00e9tudes quant \u00e0 la viabilit\u00e9 du financement des retraites, car la population en \u00e2ge de travailler continue de diminuer.<\/p>\n","protected":false},"excerpt":{"rendered":"Principaux renseingnements La dur\u00e9e moyenne de la vie professionnelle dans l\u2019UE devrait \u00eatre de 37,2 ans en 2024.&hellip;\n","protected":false},"author":2,"featured_media":261246,"comment_status":"","ping_status":"","sticky":false,"template":"","format":"standard","meta":{"footnotes":""},"categories":[1586],"tags":[11,24218,828,1777,674,1779,1011,27,12,25,3847,1778,364],"class_list":{"0":"post-261245","1":"post","2":"type-post","3":"status-publish","4":"format-standard","5":"has-post-thumbnail","7":"category-europe","8":"tag-actualites","9":"tag-age-de-la-retraite","10":"tag-belgique","11":"tag-eu","12":"tag-europe","13":"tag-european-union","14":"tag-fr","15":"tag-france","16":"tag-news","17":"tag-republique-francaise","18":"tag-travail","19":"tag-ue","20":"tag-union-europeenne"},"share_on_mastodon":{"url":"https:\/\/pubeurope.com\/@fr\/114886009428898403","error":""},"_links":{"self":[{"href":"https:\/\/www.europesays.com\/fr\/wp-json\/wp\/v2\/posts\/261245","targetHints":{"allow":["GET"]}}],"collection":[{"href":"https:\/\/www.europesays.com\/fr\/wp-json\/wp\/v2\/posts"}],"about":[{"href":"https:\/\/www.europesays.com\/fr\/wp-json\/wp\/v2\/types\/post"}],"author":[{"embeddable":true,"href":"https:\/\/www.europesays.com\/fr\/wp-json\/wp\/v2\/users\/2"}],"replies":[{"embeddable":true,"href":"https:\/\/www.europesays.com\/fr\/wp-json\/wp\/v2\/comments?post=261245"}],"version-history":[{"count":0,"href":"https:\/\/www.europesays.com\/fr\/wp-json\/wp\/v2\/posts\/261245\/revisions"}],"wp:featuredmedia":[{"embeddable":true,"href":"https:\/\/www.europesays.com\/fr\/wp-json\/wp\/v2\/media\/261246"}],"wp:attachment":[{"href":"https:\/\/www.europesays.com\/fr\/wp-json\/wp\/v2\/media?parent=261245"}],"wp:term":[{"taxonomy":"category","embeddable":true,"href":"https:\/\/www.europesays.com\/fr\/wp-json\/wp\/v2\/categories?post=261245"},{"taxonomy":"post_tag","embeddable":true,"href":"https:\/\/www.europesays.com\/fr\/wp-json\/wp\/v2\/tags?post=261245"}],"curies":[{"name":"wp","href":"https:\/\/api.w.org\/{rel}","templated":true}]}}