{"id":261247,"date":"2025-07-20T14:22:13","date_gmt":"2025-07-20T14:22:13","guid":{"rendered":"https:\/\/www.europesays.com\/fr\/261247\/"},"modified":"2025-07-20T14:22:13","modified_gmt":"2025-07-20T14:22:13","slug":"rennes-un-jeune-homme-de-20-ans-meurt-apres-avoir-ete-poignarde-dans-la-rue","status":"publish","type":"post","link":"https:\/\/www.europesays.com\/fr\/261247\/","title":{"rendered":"Rennes\u00a0: un jeune homme de 20\u00a0ans meurt, apr\u00e8s avoir \u00e9t\u00e9 poignard\u00e9 dans la rue"},"content":{"rendered":"<p class=\"paragraph text_align_left lp-f-body-02\">Nouvel \u00e9pisode de violences dans la capitale bretonne. Un homme de 20 ans a \u00e9t\u00e9 poignard\u00e9 samedi soir \u00e0 Rennes, avant de succomber \u00e0 ses blessures \u00e0 l\u2019h\u00f4pital, a indiqu\u00e9 dimanche une source polici\u00e8re.<\/p>\n<p class=\"paragraph text_align_left lp-f-body-02\">Samedi vers 20 heures, la victime, bless\u00e9e par arme blanche, a \u00e9t\u00e9 d\u00e9pos\u00e9e en voiture par trois personnes au service des urgences, o\u00f9 elle a succomb\u00e9 \u00e0 ses blessures malgr\u00e9 des tentatives de r\u00e9animation de l\u2019\u00e9quipe m\u00e9dicale.<\/p>\n<p>Cinq personnes en garde \u00e0 vue<\/p>\n<p class=\"paragraph text_align_left lp-f-body-02\">Les trois accompagnateurs de la victime, ainsi que deux autres personnes qui s\u2019\u00e9taient pr\u00e9sent\u00e9es \u00e0 l\u2019h\u00f4pital pour prendre des nouvelles du bless\u00e9, ont \u00e9t\u00e9 plac\u00e9s en garde \u00e0 vue. Le v\u00e9hicule qui a transport\u00e9 l\u2019individu de 20 ans a \u00e9t\u00e9 intercept\u00e9 par les forces de l\u2019ordre, pr\u00e9cise <a href=\"https:\/\/france3-regions.franceinfo.fr\/bretagne\/ille-et-vilaine\/rennes\/trafic-de-stupefiants-un-homme-de-20-ans-meurt-poignarde-en-pleine-rue-3190500.html\" target=\"_blank\" rel=\"noreferrer nofollow noopener\">France 3 Bretagne<\/a>.<\/p>\n<p class=\"paragraph text_align_left lp-f-body-02\">Selon une source proche de l\u2019enqu\u00eate, les faits se sont d\u00e9roul\u00e9s rue Ferdinand de Lesseps, dans un lieu connu pour abriter du <a href=\"https:\/\/www.leparisien.fr\/faits-divers\/a-rennes-un-trafiquant-de-drogue-international-voit-sa-detention-annulee-a-cause-dune-bourde-procedurale-16-05-2025-E7PLEKCBWZCIJBNLQDW7GLPVTE.php\" target=\"_blank\" rel=\"noreferrer nofollow noopener\">trafic de stup\u00e9fiants<\/a>, situ\u00e9 dans le quartier de Cleunay. Une enqu\u00eate a \u00e9t\u00e9 ouverte.<\/p>\n<p class=\"lp-card-podcast-highlighting__title  lp-f-subtitle-05\">[4\/4] L\u2019attentat du \u00ab\u00a0Rainbow Warrior\u00a0\u00bb\u00a0: un scandale d\u2019\u00c9tat<\/p>\n<p class=\"lp-card-podcast-highlighting__description lp-f-ui-05\">Crime story raconte chaque semaine les grandes affaires criminelles.<\/p>\n<p><a class=\"lp-card-podcast-highlighting__call-to-action\" data-page-type=\"HP\" data-block-name=\"podcast-highlight\">\u00c9couter<\/a><\/p>\n<p class=\"paragraph text_align_left lp-f-body-02\">Cet \u00e9pisode intervient dans un contexte marqu\u00e9 par le narcotrafic dans la ville bretonne. Face au regain de violences, la maire de Rennes, Nathalie App\u00e9r\u00e9, avait r\u00e9clam\u00e9 un renfort des forces de l\u2019ordre.<\/p>\n","protected":false},"excerpt":{"rendered":"Nouvel \u00e9pisode de violences dans la capitale bretonne. Un homme de 20 ans a \u00e9t\u00e9 poignard\u00e9 samedi soir&hellip;\n","protected":false},"author":2,"featured_media":261248,"comment_status":"","ping_status":"","sticky":false,"template":"","format":"standard","meta":{"footnotes":""},"categories":[2],"tags":[11,459,118,1011,27,12,25],"class_list":{"0":"post-261247","1":"post","2":"type-post","3":"status-publish","4":"format-standard","5":"has-post-thumbnail","7":"category-actualites","8":"tag-actualites","9":"tag-departements-horsidfo","10":"tag-faits-divers","11":"tag-fr","12":"tag-france","13":"tag-news","14":"tag-republique-francaise"},"share_on_mastodon":{"url":"https:\/\/pubeurope.com\/@fr\/114886013326899854","error":""},"_links":{"self":[{"href":"https:\/\/www.europesays.com\/fr\/wp-json\/wp\/v2\/posts\/261247","targetHints":{"allow":["GET"]}}],"collection":[{"href":"https:\/\/www.europesays.com\/fr\/wp-json\/wp\/v2\/posts"}],"about":[{"href":"https:\/\/www.europesays.com\/fr\/wp-json\/wp\/v2\/types\/post"}],"author":[{"embeddable":true,"href":"https:\/\/www.europesays.com\/fr\/wp-json\/wp\/v2\/users\/2"}],"replies":[{"embeddable":true,"href":"https:\/\/www.europesays.com\/fr\/wp-json\/wp\/v2\/comments?post=261247"}],"version-history":[{"count":0,"href":"https:\/\/www.europesays.com\/fr\/wp-json\/wp\/v2\/posts\/261247\/revisions"}],"wp:featuredmedia":[{"embeddable":true,"href":"https:\/\/www.europesays.com\/fr\/wp-json\/wp\/v2\/media\/261248"}],"wp:attachment":[{"href":"https:\/\/www.europesays.com\/fr\/wp-json\/wp\/v2\/media?parent=261247"}],"wp:term":[{"taxonomy":"category","embeddable":true,"href":"https:\/\/www.europesays.com\/fr\/wp-json\/wp\/v2\/categories?post=261247"},{"taxonomy":"post_tag","embeddable":true,"href":"https:\/\/www.europesays.com\/fr\/wp-json\/wp\/v2\/tags?post=261247"}],"curies":[{"name":"wp","href":"https:\/\/api.w.org\/{rel}","templated":true}]}}