{"id":26125,"date":"2025-04-15T07:37:19","date_gmt":"2025-04-15T07:37:19","guid":{"rendered":"https:\/\/www.europesays.com\/fr\/26125\/"},"modified":"2025-04-15T07:37:19","modified_gmt":"2025-04-15T07:37:19","slug":"en-europe-meta-va-utiliser-les-donnees-publiques-de-facebook-instagram-et-messenger-pour-entrainer-son-ia","status":"publish","type":"post","link":"https:\/\/www.europesays.com\/fr\/26125\/","title":{"rendered":"En Europe, Meta va utiliser les donn\u00e9es publiques de Facebook, Instagram et Messenger pour entra\u00eener son IA"},"content":{"rendered":"<p>Les utilisateurs fran\u00e7ais et europ\u00e9ens de Facebook, Instagram ou encore Messenger (tout le monde, finalement) vont recevoir, dans les prochains jours, une notification pour annoncer que leurs posts publics et leurs commentaires servent \u00e0 entra\u00eener Meta AI. Le bot a \u00e9t\u00e9 lanc\u00e9 dans l\u2019Union europ\u00e9enne le mois dernier. Qu\u2019on se rassure, il sera possible de refuser la collecte de donn\u00e9es.<\/p>\n<p><strong>Meta AI<\/strong>, <a href=\"https:\/\/www.01net.com\/actualites\/meta-ai-france-chatgpt-meta-debarque-facebook-messenger-whatsapp-instagram.html\" target=\"_blank\" rel=\"noopener\">lanc\u00e9 en Europe le 20 mars dernier<\/a>, s\u2019est trouv\u00e9 une petite place dans les services du g\u00e9ant des r\u00e9seaux sociaux\u00a0: Facebook, Messenger, Instagram et m\u00eame <a href=\"https:\/\/www.01net.com\/telecharger\/internet\/whatsapp-messenger.html\" target=\"_blank\" rel=\"noopener\">WhatsApp<\/a> ont int\u00e9gr\u00e9 le chatbot. Mais maintenant, Meta a besoin d\u2019entra\u00eener le mod\u00e8le de son intelligence artificielle et va moissonner les donn\u00e9es publiques des utilisateurs europ\u00e9ens de ses services (\u00e0 l\u2019exception de WahstApp).<\/p>\n<p> Meta lit vos posts publics pour entra\u00eener son IA <\/p>\n<p>Les commentaires et les posts publics vont donc servir \u00e0 alimenter Meta AI, \u00ab\u00a0afin de comprendre les nuances et les complexit\u00e9s incroyablement riches qui caract\u00e9risent les communaut\u00e9s europ\u00e9ennes\u00a0\u00bb, explique l\u2019entreprise. \u00ab\u00a0Cela inclut tout, des dialectes et expressions locales aux connaissances hyper-sp\u00e9cifiques, sans oublier les diff\u00e9rentes fa\u00e7ons dont chaque pays utilise l\u2019humour et le sarcasme dans nos produits\u00a0\u00bb.<\/p>\n<p> <img loading=\"lazy\" decoding=\"async\" class=\"size-full wp-image-1260867\" src=\"https:\/\/www.europesays.com\/fr\/wp-content\/uploads\/2025\/04\/meta-AI.jpg\" alt=\"Meta Ai\" width=\"920\" height=\"1800\"  \/>\u00a9 Meta <\/p>\n<p>Meta pr\u00e9cise que l\u2019entra\u00eenement du mod\u00e8le IA exclut les messages priv\u00e9s avec les amis et la famille, ainsi que les donn\u00e9es publiques des utilisateurs de moins de 18 ans. De m\u00eame, il sera possible de refuser la collecte (qui reste activ\u00e9e par d\u00e9faut). C\u2019est l\u2019objectif de la notification que recevront les utilisateurs des plateformes de Meta dans la semaine. Elle comprendra un lien vers un formulaire, et Meta s\u2019engage \u00e0 respecter la d\u00e9cision de l\u2019utilisateur, ce qui est bien le minimum.<\/p>\n<p>L\u2019entra\u00eenement r\u00e9alis\u00e9 par Meta sur ses mod\u00e8les IA n\u2019est pas propre \u00e0 l\u2019entreprise, ni exclusif \u00e0 l\u2019Europe, pr\u00e9cise le groupe. Ce dernier utilise la m\u00e9thode utilis\u00e9e depuis le d\u00e9but pour entra\u00eener son IA g\u00e9n\u00e9rative dans d\u2019autres r\u00e9gions du monde.\u00ab\u00a0Nous suivons l\u2019exemple d\u2019autres acteurs comme Google et OpenAI, qui ont d\u00e9j\u00e0 utilis\u00e9 des donn\u00e9es provenant d\u2019utilisateurs europ\u00e9ens pour entra\u00eener leurs propres mod\u00e8les.\u00a0\u00bb. Et Meta de tacler discr\u00e8tement\u00a0: \u00ab\u00a0Nous sommes fiers d\u2019adopter une d\u00e9marche plus transparente que bon nombre de nos concurrents dans l\u2019industrie\u00a0\u00bb.<\/p>\n<p>Meta avait \u00e9t\u00e9 oblig\u00e9 d\u2019arr\u00eater le moissonnage des donn\u00e9es publiques de ses utilisateurs europ\u00e9ens l\u2019an dernier, afin de laisser aux r\u00e9gulateurs le temps de clarifier la position de l\u2019EU. En d\u00e9cembre, Meta avait obtenu du Comit\u00e9 europ\u00e9en de la protection des donn\u00e9es (EDPB) la confirmation que son approche respectait les obligations l\u00e9gales.<\/p>\n<blockquote>\n<p class=\"text-base text-neutral-700 dark:text-neutral-300\">\ud83d\udd34 Pour ne manquer aucune actualit\u00e9 de 01net, suivez-nous sur <a href=\"https:\/\/news.google.com\/publications\/CAAqBwgKMJPsvAswoIfUAw?hl=fr&amp;gl=FR&amp;ceid=FR%3Afr\" target=\"_blank\" rel=\"noopener\">Google Actualit\u00e9s<\/a> et <a href=\"https:\/\/whatsapp.com\/channel\/0029VaH5gKg6xCSG9nQQhQ1Z\" target=\"_blank\" rel=\"noopener\">WhatsApp<\/a>.<\/p>\n<\/blockquote>\n<p class=\"post-source\">\n            Source :<br \/>\n            <a href=\"https:\/\/about.fb.com\/news\/2025\/04\/making-ai-work-harder-for-europeans\/\" target=\"_blank\" rel=\"noopener\"><br \/>\n              Meta<br \/>\n            <\/a>\n          <\/p>\n","protected":false},"excerpt":{"rendered":"Les utilisateurs fran\u00e7ais et europ\u00e9ens de Facebook, Instagram ou encore Messenger (tout le monde, finalement) vont recevoir, dans&hellip;\n","protected":false},"author":2,"featured_media":26126,"comment_status":"","ping_status":"","sticky":false,"template":"","format":"standard","meta":{"footnotes":""},"categories":[1586],"tags":[11,1777,674,1011,27,1016,9302,12,25],"class_list":{"0":"post-26125","1":"post","2":"type-post","3":"status-publish","4":"format-standard","5":"has-post-thumbnail","7":"category-europe","8":"tag-actualites","9":"tag-eu","10":"tag-europe","11":"tag-fr","12":"tag-france","13":"tag-meta","14":"tag-meta-ai","15":"tag-news","16":"tag-republique-francaise"},"share_on_mastodon":{"url":"https:\/\/pubeurope.com\/@fr\/114340839041548779","error":""},"_links":{"self":[{"href":"https:\/\/www.europesays.com\/fr\/wp-json\/wp\/v2\/posts\/26125","targetHints":{"allow":["GET"]}}],"collection":[{"href":"https:\/\/www.europesays.com\/fr\/wp-json\/wp\/v2\/posts"}],"about":[{"href":"https:\/\/www.europesays.com\/fr\/wp-json\/wp\/v2\/types\/post"}],"author":[{"embeddable":true,"href":"https:\/\/www.europesays.com\/fr\/wp-json\/wp\/v2\/users\/2"}],"replies":[{"embeddable":true,"href":"https:\/\/www.europesays.com\/fr\/wp-json\/wp\/v2\/comments?post=26125"}],"version-history":[{"count":0,"href":"https:\/\/www.europesays.com\/fr\/wp-json\/wp\/v2\/posts\/26125\/revisions"}],"wp:featuredmedia":[{"embeddable":true,"href":"https:\/\/www.europesays.com\/fr\/wp-json\/wp\/v2\/media\/26126"}],"wp:attachment":[{"href":"https:\/\/www.europesays.com\/fr\/wp-json\/wp\/v2\/media?parent=26125"}],"wp:term":[{"taxonomy":"category","embeddable":true,"href":"https:\/\/www.europesays.com\/fr\/wp-json\/wp\/v2\/categories?post=26125"},{"taxonomy":"post_tag","embeddable":true,"href":"https:\/\/www.europesays.com\/fr\/wp-json\/wp\/v2\/tags?post=26125"}],"curies":[{"name":"wp","href":"https:\/\/api.w.org\/{rel}","templated":true}]}}