{"id":261255,"date":"2025-07-20T14:27:10","date_gmt":"2025-07-20T14:27:10","guid":{"rendered":"https:\/\/www.europesays.com\/fr\/261255\/"},"modified":"2025-07-20T14:27:10","modified_gmt":"2025-07-20T14:27:10","slug":"international-argentine-marqueur-pour-sa-derniere-face-a-luruguay-santiago-cordero-dit-au-revoir-aux-pumas-et-au-rugby","status":"publish","type":"post","link":"https:\/\/www.europesays.com\/fr\/261255\/","title":{"rendered":"International \/ Argentine \u2013 Marqueur pour sa derni\u00e8re face \u00e0 l\u2019Uruguay, Santiago Cordero dit au revoir aux Pumas\u2026 et au rugby\u00a0?"},"content":{"rendered":"<p>\n                \u00c0 31 ans, l\u2019ailier des Pumas Santiago Cordero a annonc\u00e9 sa retraite internationale. L\u2019ancien joueur de l\u2019UBB aura disput\u00e9 56 matchs sous le maillot argentin.\n            <\/p>\n<p data-end=\"687\" data-start=\"86\">Santiago Cordero a annonc\u00e9 ce samedi la fin de sa carri\u00e8re internationale avec les Pumas. \u00c0 31 ans et apr\u00e8s 56 s\u00e9lections (17 essais), l\u2019ailier argentin a fait ses adieux \u00e0 l\u2019\u00e9quipe nationale lors de <strong><a href=\"https:\/\/www.rugbyrama.fr\/2025\/07\/20\/international-tests-matchs-langleterre-se-balade-aux-etats-unis-lecosse-termine-en-beaute-tous-les-resultats-des-matchs-internationaux-du-week-end-12835455.php\" target=\"_self\" rel=\"nofollow noopener\">la victoire des Argentins (52-17) contre l\u2019Uruguay \u00e0 Salta<\/a><\/strong>.\u00a0Rempla\u00e7ant au coup d\u2019envoi\u00a0pour sa derni\u00e8re apparition sous le maillot ciel et blanc, il est entr\u00e9 et l\u2019ancien joueur de l\u2019UBB (2019-2023) a marqu\u00e9, comme un symbole, le dernier essai des siens face aux Teros. Une r\u00e9alisation dans son style caract\u00e9ristique, \u00e0 savoir en faisant admirer sa pointe de vitesse.<\/p>\n<p>Deux victoires historiques face aux All Blacks<\/p>\n<p data-end=\"687\" data-start=\"86\">Form\u00e9 au Regatas de Bella Vista, petit club argentin bas\u00e9 \u00e0 Buenos Aires, \u00ab\u00a0Santi\u00a0\u00bb Cordero conna\u00eet sa premi\u00e8re s\u00e9lection chez les Pumas en 2013 lors d\u2019une tourn\u00e9e en Angleterre, au Pays de Galles et en Italie.\u00a0Le Pumas conna\u00eet en 2015, sa seule et unique Coupe du monde, disput\u00e9e en Angleterre. Une comp\u00e9tition qu\u2019il aura marqu\u00e9e de son empreinte en inscrivant trois essais, dont\u00a0un\u00a0splendide en phase de poule\u00a0face \u00e0 la G\u00e9orgie.<\/p>\n<p data-end=\"687\" data-start=\"86\">Santiago Cordera avait particip\u00e9\u00a0aux victoires historiques contre les All Blacks lors des \u00e9ditions\u00a02020 et\u00a02022 du Rugby Championship. Il restera\u00a0\u00e9galement comme celui ayant inscrit l\u2019essai de la <strong><a href=\"https:\/\/www.rugbyrama.fr\/2025\/06\/20\/lions-britanniques-argentine-largentine-cree-la-sensation-pour-la-premiere-des-lions-britanniques-12776190.php\" target=\"_self\" rel=\"nofollow noopener\">victoire historique face aux Lions britanniques et irlandais, le 20\u00a0juin dernier \u00e0 Dublin (28-24).<\/a><\/strong><\/p>\n<blockquote data-class=\"twitter-tweet\">\n<p lang=\"en\" dir=\"ltr\">Santiago Cordero might just remembered for this. But he was so, so fun. <\/p>\n<p>A Pumas pocket rocket. Will miss him in the blue and white hoops. \\ud83c\\udde6\\ud83c\\uddf7 <a href=\"https:\/\/t.co\/1kPoyumrb2\" rel=\"nofollow\">pic.twitter.com\/1kPoyumrb2<\/a><\/p>\n<p>\u2014 Jared Wright (@jaredwright17) <a href=\"https:\/\/twitter.com\/jaredwright17\/status\/1946268018293592249?ref_src=twsrc%5Etfw\" rel=\"nofollow noopener\" target=\"_blank\">July 18, 2025<\/a><\/p><\/blockquote>\n<p>Une retraite pas qu\u2019internationale\u00a0?<\/p>\n<p>Le joueur argentin a expliqu\u00e9 cette d\u00e9cision sur\u00a0ses r\u00e9seaux sociaux, laissant planer \u00e9galement le doute sur son avenir de carri\u00e8re plus global.\u00a0\u00ab\u00a0Apr\u00e8s tant d\u2019ann\u00e9es incroyables avec les Pumas, il est venu le temps pour moi de terminer cette \u00e9tape. J\u2019ai d\u00e9cid\u00e9 de me retirer de l\u2019\u00e9quipe nationale. L\u2019\u00e9loignement de ma femme et de mes enfants devient chaque jour de plus en plus difficile, et aujourd\u2019hui, ils sont ma priorit\u00e9\u00a0\u00bb, \u00e9crit Cordero. L\u2019ailier aux 56 s\u00e9lections figure, \u00e0 ce jour, sur la liste des d\u00e9parts du Connacht et sa destination future n\u2019est pas encore connue. Sachant que son contrat avec la province irlandaise s\u2019est termin\u00e9\u00a0le 30\u00a0juin dernier.<\/p>\n<p>                    <script async src=\"https:\/\/platform.twitter.com\/widgets.js\" charset=\"utf-8\"><\/script><\/p>\n","protected":false},"excerpt":{"rendered":"\u00c0 31 ans, l\u2019ailier des Pumas Santiago Cordero a annonc\u00e9 sa retraite internationale. L\u2019ancien joueur de l\u2019UBB aura&hellip;\n","protected":false},"author":2,"featured_media":261256,"comment_status":"","ping_status":"","sticky":false,"template":"","format":"standard","meta":{"footnotes":""},"categories":[1416],"tags":[1011,27,479,1468,60],"class_list":{"0":"post-261255","1":"post","2":"type-post","3":"status-publish","4":"format-standard","5":"has-post-thumbnail","7":"category-rugby","8":"tag-fr","9":"tag-france","10":"tag-rugby","11":"tag-rugby-football","12":"tag-sports"},"share_on_mastodon":{"url":"https:\/\/pubeurope.com\/@fr\/114886032985646964","error":""},"_links":{"self":[{"href":"https:\/\/www.europesays.com\/fr\/wp-json\/wp\/v2\/posts\/261255","targetHints":{"allow":["GET"]}}],"collection":[{"href":"https:\/\/www.europesays.com\/fr\/wp-json\/wp\/v2\/posts"}],"about":[{"href":"https:\/\/www.europesays.com\/fr\/wp-json\/wp\/v2\/types\/post"}],"author":[{"embeddable":true,"href":"https:\/\/www.europesays.com\/fr\/wp-json\/wp\/v2\/users\/2"}],"replies":[{"embeddable":true,"href":"https:\/\/www.europesays.com\/fr\/wp-json\/wp\/v2\/comments?post=261255"}],"version-history":[{"count":0,"href":"https:\/\/www.europesays.com\/fr\/wp-json\/wp\/v2\/posts\/261255\/revisions"}],"wp:featuredmedia":[{"embeddable":true,"href":"https:\/\/www.europesays.com\/fr\/wp-json\/wp\/v2\/media\/261256"}],"wp:attachment":[{"href":"https:\/\/www.europesays.com\/fr\/wp-json\/wp\/v2\/media?parent=261255"}],"wp:term":[{"taxonomy":"category","embeddable":true,"href":"https:\/\/www.europesays.com\/fr\/wp-json\/wp\/v2\/categories?post=261255"},{"taxonomy":"post_tag","embeddable":true,"href":"https:\/\/www.europesays.com\/fr\/wp-json\/wp\/v2\/tags?post=261255"}],"curies":[{"name":"wp","href":"https:\/\/api.w.org\/{rel}","templated":true}]}}