{"id":261261,"date":"2025-07-20T14:31:14","date_gmt":"2025-07-20T14:31:14","guid":{"rendered":"https:\/\/www.europesays.com\/fr\/261261\/"},"modified":"2025-07-20T14:31:14","modified_gmt":"2025-07-20T14:31:14","slug":"marc-marquez-ne-laisse-aucun-espoir-a-ses-rivaux","status":"publish","type":"post","link":"https:\/\/www.europesays.com\/fr\/261261\/","title":{"rendered":"Marc M\u00e1rquez ne laisse aucun espoir \u00e0 ses rivaux"},"content":{"rendered":"<p>Sans surprise, Marc M\u00e1rquez a facilement remport\u00e9 le Grand Prix de R\u00e9publique tch\u00e8que de MotoGP, malgr\u00e9 un Marco Bezzecchi agressif et leader en d\u00e9but d&rsquo;\u00e9preuve.<\/p>\n<p>Lire aussi :<\/p>\n<p>Bezzecchi surprend les Ducati<\/p>\n<p>Comme pr\u00e9vu, les conditions pour cette course sont les plus chaudes du week-end de Brno, avec 28\u00b0C dans l&rsquo;air et 44\u00b0C sur la piste au moment de d\u00e9marrer le tour de formation, devant 95 720 spectateurs, confirmant le succ\u00e8s populaire pour le retour de cette \u00e9preuve historique. C\u00f4t\u00e9 pneus, les pilotes font quasiment tous le choix du medium arri\u00e8re sauf&#8230;\u00a0Johann Zarco, dont la Honda LCR est \u00e9quip\u00e9e du soft.<\/p>\n<p>Au d\u00e9part, Pecco Bagnaia prend de nouveau un tr\u00e8s bon envol d\u00e9part et fait le holeshot. Mais, comme ce samedi \u00e9galement, Marc M\u00e1rquez l&rsquo;attaque tr\u00e8s vite et passe&#8230; provisoirement puisque l&rsquo;Italien r\u00e9plique pour conserver les commandes.<\/p>\n<p>Marco Bezzecchi surprend \u00e0 son tour le leader du championnat et parvient \u00e0 se hisser en seconde place. Le pilote Aprilia ne s&rsquo;arr\u00eate pas l\u00e0 et attaque Bagnaia pour prendre la t\u00eate d\u00e8s le d\u00e9but du second tour. Dans le m\u00eame temps, Pedro Acosta prend l&rsquo;avantage sur Fabio Quartararo en quatri\u00e8me place. Quelques instants apr\u00e8s la man\u0153uvre de Bezzecchi, M\u00e1rquez parvient \u00e0 prendre d\u00e9finitivement l&rsquo;avantage sur Bagnaia.<\/p>\n<p>\u00a0<\/p>\n<p>La situation se stabilise un temps dans le top 5, mais c&rsquo;est derri\u00e8re que les choses s&rsquo;animent : en tentant de le d\u00e9passer pour la sixi\u00e8me place, \u00c1lex M\u00e1rquez se manque et fauche Joan Mir. Les deux hommes sont au sol, indemnes, et vont passer plusieurs minutes \u00e0 s&rsquo;expliquer de fa\u00e7on v\u00e9h\u00e9mente sur le bord de piste. Pas de chance, d\u00e9cid\u00e9ment, <a href=\"https:\/\/fr.motorsport.com\/motogp\/news\/alex-marquez-patinage-depart-sprint\/10743596\/\" target=\"_self\" rel=\"noopener\">pour deux pilotes qui avaient d\u00e9j\u00e0 connu un d\u00e9but de sprint mouvement\u00e9<\/a>, samedi.<\/p>\n<p>Acosta profite d&rsquo;un temps faible de Bagnaia pour le d\u00e9passer et entrer dans le top 3. Quartararo conna\u00eet dans la quatri\u00e8me boucle une h\u00e9morragie de places puisqu&rsquo;Enea Bastianini puis Ra\u00fal Fern\u00e1ndez le doublent coup sur coup.<\/p>\n<p>M\u00e1rquez reprend son d\u00fb<\/p>\n<p>Dans le sixi\u00e8me tour, Bastianini cueille un Bagnaia d\u00e9cid\u00e9ment impuissant, avant de chuter \u00e0 l&rsquo;entame de la boucle suivante, au virage 3, sans gravit\u00e9. Aux avant-postes, M\u00e1rquez semble tr\u00e8s \u00e0 l&rsquo;aise derri\u00e8re Bezzecchi et ne tarde pas \u00e0 attaquer l&rsquo;Italien au virage 4 ; ce dernier tente bien de r\u00e9sister, ce qui permet \u00e0 Acosta de recoller au duo, mais ne peut rien faire pour emp\u00eacher le leader du championnat de retrouver sa position pr\u00e9f\u00e9rentielle.<\/p>\n<p>\u00a0<\/p>\n<p>Alors que M\u00e1rquez s&rsquo;\u00e9chappe progressivement en t\u00eate \u00e0 la mi-course, avec une avance de 1,3 seconde,\u00a0Fern\u00e1ndez se rapproche de la cinqui\u00e8me position tenue par Bagnaia. Derri\u00e8re eux, Quartararo pointe \u00e0 1&Prime;7 et Jorge Mart\u00edn \u00e0 1&Prime;5 du pilote Yamaha. Le champion du monde en titre emm\u00e8ne un trio compl\u00e9t\u00e9 par Jack Miller et Brad Binder.<\/p>\n<p>Dixi\u00e8me \u00e0 ce stade, Zarco est suivi par un train de pilotes et semble payer son choix du tendre. Il est d&rsquo;ailleurs d\u00e9pass\u00e9, quelques instants plus tard, par Ferm\u00edn Aldeguer et Luca Marini.<\/p>\n<p>La lutte la plus chaude du top 10 oppose alors Bezzecchi et Acosta pour la seconde position, 1&Prime;5 derri\u00e8re M\u00e1rquez. Zarco continue sa lente agonie, puisqu&rsquo;il est d\u00e9pass\u00e9 par le revenant Pol Espargar\u00f3 au 14e tour, tombant en 13e place. L&rsquo;Espagnol ne s&rsquo;arr\u00eate d&rsquo;ailleurs pas l\u00e0, car il surprend Marini pour aller chercher la 11e position deux tours plus tard.<\/p>\n<p>Bagnaia trop court pour le podium<\/p>\n<p>Alors que\u00a0M\u00e1rquez compte deux secondes d&rsquo;avance \u00e0 une demi-douzaine de boucles de l&rsquo;arriv\u00e9e, Acosta a d\u00e9croch\u00e9 par rapport \u00e0 Bezzecchi. \u00c0 tel point que le pilote KTM voit Bagnaia revenir. Plus loin, la lutte la plus chaude est celle entre Miller, huiti\u00e8me, et Binder, le tout sous le regard d&rsquo;un Aldeguer pr\u00eat \u00e0 en profiter. Le Sud-Africain, en deux temps, parvient \u00e0 passer au 18e tour, Miller perdant peu apr\u00e8s une nouvelle position face au pilote Gresini. Aldeguer ne s&rsquo;arr\u00eate pas en si bon chemin et prend l&rsquo;avantage sur la KTM au tour suivant pour se hisser au huiti\u00e8me rang.<\/p>\n<p>Bagnaia fait dans le m\u00eame temps l&rsquo;effort pour revenir \u00e0 moins d&rsquo;une demi-seconde d&rsquo;Acosta \u00e0 l&rsquo;entame du dernier tour. Toutefois cela ne sera suffisant pour emp\u00eacher l&rsquo;Espagnol de monter sur le podium \u00e0 nouveau, derri\u00e8re le vainqueur Marc\u00a0M\u00e1rquez et Marco Bezzecchi.\u00a0Ra\u00fal Fern\u00e1ndez confirme son excellent week-end avec la cinqui\u00e8me place, devant Fabio Quartararo et un\u00a0Jorge Mart\u00edn qui aura sans doute d\u00e9pass\u00e9 ses propres attentes avec la septi\u00e8me place pour son retour et sa premi\u00e8re arriv\u00e9e de la saison le dimanche\u00a0! Jack Miller a perdu une position de plus en toute fin de course, au profit de\u00a0Pol Espargar\u00f3, finalement neuvi\u00e8me, puisqu&rsquo;Aldeguer \u00e9copera apr\u00e8s la course d&rsquo;une p\u00e9nalit\u00e9 de trois secondes pour \u00ab\u00a0pilotage irresponsable\u00a0\u00bb, le faisant reculer au 11e rang.<\/p>\n<p>Lire aussi :<\/p>\n<p><img decoding=\"async\" class=\"ms-flag-img ms-flag-img_s2\" title=\"Czech Republic\" src=\"https:\/\/cdn-4.motorsport.com\/static\/img\/cf\/cz-3.svg\" alt=\"Czech Republic\" width=\"32\" loading=\"lazy\"\/>\u00a0GP de R\u00e9publique tch\u00e8que MotoGP<\/p>\n<\/p>\n<\/p>\n<\/p>\n<p>Dans cet article<\/p>\n<p>Soyez le premier inform\u00e9 et souscrivez aux alertes mails pour recevoir les infos en temps r\u00e9el<\/p>\n<p>    S&rsquo;abonner aux alertes de news<\/p>\n","protected":false},"excerpt":{"rendered":"Sans surprise, Marc M\u00e1rquez a facilement remport\u00e9 le Grand Prix de R\u00e9publique tch\u00e8que de MotoGP, malgr\u00e9 un Marco&hellip;\n","protected":false},"author":2,"featured_media":261262,"comment_status":"","ping_status":"","sticky":false,"template":"","format":"standard","meta":{"footnotes":""},"categories":[1412],"tags":[37813,1451,1452,1453,1454,1455,1011,27,37812,1458,60],"class_list":{"0":"post-261261","1":"post","2":"type-post","3":"status-publish","4":"format-standard","5":"has-post-thumbnail","7":"category-f1","8":"tag-brno-circuit","9":"tag-f1","10":"tag-formula-1","11":"tag-formula1","12":"tag-formule-1","13":"tag-formule1","14":"tag-fr","15":"tag-france","16":"tag-gp-de-ru00e9publique-tchu00e8que","17":"tag-motogp","18":"tag-sports"},"share_on_mastodon":{"url":"https:\/\/pubeurope.com\/@fr\/114886048771893558","error":""},"_links":{"self":[{"href":"https:\/\/www.europesays.com\/fr\/wp-json\/wp\/v2\/posts\/261261","targetHints":{"allow":["GET"]}}],"collection":[{"href":"https:\/\/www.europesays.com\/fr\/wp-json\/wp\/v2\/posts"}],"about":[{"href":"https:\/\/www.europesays.com\/fr\/wp-json\/wp\/v2\/types\/post"}],"author":[{"embeddable":true,"href":"https:\/\/www.europesays.com\/fr\/wp-json\/wp\/v2\/users\/2"}],"replies":[{"embeddable":true,"href":"https:\/\/www.europesays.com\/fr\/wp-json\/wp\/v2\/comments?post=261261"}],"version-history":[{"count":0,"href":"https:\/\/www.europesays.com\/fr\/wp-json\/wp\/v2\/posts\/261261\/revisions"}],"wp:featuredmedia":[{"embeddable":true,"href":"https:\/\/www.europesays.com\/fr\/wp-json\/wp\/v2\/media\/261262"}],"wp:attachment":[{"href":"https:\/\/www.europesays.com\/fr\/wp-json\/wp\/v2\/media?parent=261261"}],"wp:term":[{"taxonomy":"category","embeddable":true,"href":"https:\/\/www.europesays.com\/fr\/wp-json\/wp\/v2\/categories?post=261261"},{"taxonomy":"post_tag","embeddable":true,"href":"https:\/\/www.europesays.com\/fr\/wp-json\/wp\/v2\/tags?post=261261"}],"curies":[{"name":"wp","href":"https:\/\/api.w.org\/{rel}","templated":true}]}}