{"id":261269,"date":"2025-07-20T14:35:21","date_gmt":"2025-07-20T14:35:21","guid":{"rendered":"https:\/\/www.europesays.com\/fr\/261269\/"},"modified":"2025-07-20T14:35:21","modified_gmt":"2025-07-20T14:35:21","slug":"creuse-cette-commune-fait-revivre-la-tradition-des-peintres-en-plein-air-ce-samedi-19-juillet","status":"publish","type":"post","link":"https:\/\/www.europesays.com\/fr\/261269\/","title":{"rendered":"Creuse\u00a0: cette commune fait revivre la tradition des peintres en plein air ce samedi 19 juillet"},"content":{"rendered":"<p>La commune de Sermur, situ\u00e9e au sud-est de la Creuse organise ce samedi 19 juillet une journ\u00e9e peinture. Les artistes poseront leur chevalet devant le paysage de leur choix. Ils auront jusqu&rsquo;\u00e0 16 heures pour r\u00e9aliser leur \u0153uvre. Un jury offrira un prix \u00e0 la plus r\u00e9ussie.\n<\/p>\n<p>Les petites communes de Creuse ne manquent pas d&rsquo;id\u00e9es originales pour faire l&rsquo;animation. Tout \u00e0 fait au sud-est de la Creuse, Sermur organise ce samedi 19 juillet <strong>un concours de peinture<\/strong>.\u00a0Le bourg, c\u00e9l\u00e8bre pour sa tour en pierre, n&rsquo;en est pas \u00e0 son coup d&rsquo;essai. Depuis 2023 il fait revivre une vieille tradition\u00a0:\u00a0celle <strong>des peintres qui installent leur chevalet en pleine campagne<\/strong>, pour croquer les paysages.<\/p>\n<p>Sept heures pour peindre votre tableau<\/p>\n<p>Le concept est simple\u00a0: les peintres doivent se pr\u00e9senter \u00e0 9 heures, avec leur mat\u00e9riel, au jardin paysager de Sermur (pas besoin de s&rsquo;inscrire). Ils choisissent ensuite un lieu qui les inspire sur la commune, il peut se trouver dans le bourg, mais aussi dans les hameaux. <strong>\u00c0 16 heures, chaque artiste doit rendre son \u0153uvre<\/strong>. Elles sont toutes expos\u00e9es dans le jardin paysager, le temps que le jury d\u00e9lib\u00e8re. Le peintre prim\u00e9 recevra un panier garni offert par la mairie.<\/p>\n<p>L&rsquo;\u00e9v\u00e8nement est organis\u00e9 par la municipalit\u00e9. \u00ab\u00a0L&rsquo;id\u00e9e est venue d&rsquo;un habitant, de faire une journ\u00e9e aquarelle sur Sermur. Il s&rsquo;agit de mettre en valeur notre patrimoine, mais aussi de faire du lien social autour de chez nous\u00a0\u00bb, se r\u00e9jouit Brigitte Gerbe, la premi\u00e8re adjointe au maire de Sermur. Au d\u00e9but de la matin\u00e9e, l&rsquo;\u00e9lue pourra <strong>conduire les peintres dans des lieux insolites de Sermur<\/strong>\u00a0: les \u00e9tangs, les rochers du village de Chaupeyre, la fontaine Saint-Roch, la tour de Sermur, etc.<\/p>\n<p>\u00c0 noter par contre\u00a0: la journ\u00e9e ludique qui devait se tenir en parall\u00e8le ce samedi 19 juillet pour les enfants et les familles, est repouss\u00e9e \u00e0 une date ult\u00e9rieure.<\/p>\n<p> (function(w, d) {     if (w.FB &#038;&#038; w.FB.XFBML &#038;&#038; w.FB.XFBML.parse) {         if (&lsquo;undefined&rsquo; == typeof w.__fbTimeout) {             w.__fbTimeout = setTimeout(function() {                 w.FB.XFBML.parse();                 w.__fbTimeout = undefined;             }, 1000);         }     } else if (&lsquo;undefined&rsquo; == typeof w.__fbTimeout) {         if (d.querySelectorAll(&lsquo;#fb-root&rsquo;).length === 0) {             var fbRoot = d.createElement(&lsquo;div&rsquo;);             fbRoot.id = &lsquo;fb-root&rsquo;;             d.querySelector(&lsquo;body&rsquo;).append(fbRoot);         }         if (d.querySelectorAll(&lsquo;#facebook-jssdk&rsquo;).length === 0) {             var fbScript = d.createElement(&lsquo;script&rsquo;);             fbScript.id = &lsquo;facebook-jssdk&rsquo;;             fbScript.src=\u00a0\u00bb\/\/connect.facebook.net\/fr_FR\/sdk.js#xfbml=1&#038;version=v2.8&#038;appId=593991304071705&Prime;;             fbScript.async = 1;             d.querySelector(&lsquo;head&rsquo;).append(fbScript);         }     } })(window, window.document); \\u003C\/script>\\\u00a0\u00bb,\\\u00a0\u00bbprovider\\\u00a0\u00bb:\\\u00a0\u00bbfacebook\\\u00a0\u00bb,\\\u00a0\u00bbdidomiPurposes\\\u00a0\u00bb:\\\u00a0\u00bbPour afficher ce contenu Facebook, vous devez accepter les cookies \\u003Cb>R\u00e9seaux Sociaux\\u003C\/b>.\\u003Cbr>\\u003Cbr>Ces cookies permettent de partager ou r\u00e9agir directement sur les r\u00e9seaux sociaux auxquels vous \u00eates connect\u00e9s ou d&rsquo;int\u00e9grer du contenu initialement post\u00e9 sur ces r\u00e9seaux sociaux. Ils permettent aussi aux r\u00e9seaux sociaux d&rsquo;utiliser vos visites sur nos sites et applications \u00e0 des fins de personnalisation et de ciblage publicitaire.\\\u00a0\u00bb,\\\u00a0\u00bbdidomiVendorId\\\u00a0\u00bb:\\\u00a0\u00bbc:facebookc-rgacRMQm\\\u00a0\u00bb}},{\\\u00a0\u00bbtype\\\u00a0\u00bb:\\\u00a0\u00bbtext\\\u00a0\u00bb,\\\u00a0\u00bbchildren\\\u00a0\u00bb:[{\\\u00a0\u00bbtype\\\u00a0\u00bb:\\\u00a0\u00bbtext\\\u00a0\u00bb,\\\u00a0\u00bbvalue\\\u00a0\u00bb:\\\u00a0\u00bbL&rsquo;\u00e9v\u00e8nement est organis\u00e9 par la municipalit\u00e9. \\\\\\\u00a0\u00bb\\u003Cem>L&rsquo;id\u00e9e est venue d&rsquo;un habitant, de faire une journ\u00e9e aquarelle sur Sermur. Il s&rsquo;agit de mettre en valeur notre patrimoine, mais aussi de faire du lien social autour de chez nous\\u003C\/em>\\\\\\\u00a0\u00bb, se r\u00e9jouit Brigitte Gerbe, la premi\u00e8re adjointe au maire de Sermur. Au d\u00e9but de la matin\u00e9e, l&rsquo;\u00e9lue pourra \\u003Cstrong>conduire les peintres dans des lieux insolites de Sermur\\u003C\/strong>\u00a0: les \u00e9tangs, les rochers du village de Chaupeyre, la fontaine Saint-Roch, la tour de Sermur, etc.\\\u00a0\u00bb}]},{\\\u00a0\u00bbtype\\\u00a0\u00bb:\\\u00a0\u00bbtext\\\u00a0\u00bb,\\\u00a0\u00bbchildren\\\u00a0\u00bb:[{\\\u00a0\u00bbtype\\\u00a0\u00bb:\\\u00a0\u00bbtext\\\u00a0\u00bb,\\\u00a0\u00bbvalue\\\u00a0\u00bb:\\\u00a0\u00bb\u00c0 noter par contre\u00a0: la journ\u00e9e ludique qui devait se tenir en parall\u00e8le ce samedi 19 juillet pour les enfants et les familles, est repouss\u00e9e \u00e0 une date ult\u00e9rieure.\\\u00a0\u00bb}]}],\\\u00a0\u00bbauthors\\\u00a0\u00bb:[{\\\u00a0\u00bbname\\\u00a0\u00bb:\\\u00a0\u00bbCamille Andr\u00e9\\\u00a0\u00bb,\\\u00a0\u00bbpath\\\u00a0\u00bb:\\\u00a0\u00bbles-equipes\/camille-andre\\\u00a0\u00bb,\\\u00a0\u00bbvisualsq1x\\\u00a0\u00bb:{\\\u00a0\u00bburl\\\u00a0\u00bb:\\\u00a0\u00bbhttps:\/\/www.francebleu.fr\/s3\/cruiser-production\/2023\/08\/e760d730-f89c-4a83-84f1-c3b2f6a8a693\/120x120_sc_creuse_-_andre_camille_-_1300x1300.jpg\\\u00a0\u00bb,\\\u00a0\u00bburlWebp\\\u00a0\u00bb:\\\u00a0\u00bbhttps:\/\/www.francebleu.fr\/s3\/cruiser-production\/2023\/08\/e760d730-f89c-4a83-84f1-c3b2f6a8a693\/120x120_sc_creuse_-_andre_camille_-_1300x1300.webp\\\u00a0\u00bb,\\\u00a0\u00bbwidth\\\u00a0\u00bb:120},\\\u00a0\u00bbvisualsq2x\\\u00a0\u00bb:{\\\u00a0\u00bburl\\\u00a0\u00bb:\\\u00a0\u00bbhttps:\/\/www.francebleu.fr\/s3\/cruiser-production\/2023\/08\/e760d730-f89c-4a83-84f1-c3b2f6a8a693\/200x200_sc_creuse_-_andre_camille_-_1300x1300.jpg\\\u00a0\u00bb,\\\u00a0\u00bburlWebp\\\u00a0\u00bb:\\\u00a0\u00bbhttps:\/\/www.francebleu.fr\/s3\/cruiser-production\/2023\/08\/e760d730-f89c-4a83-84f1-c3b2f6a8a693\/200x200_sc_creuse_-_andre_camille_-_1300x1300.webp\\\u00a0\u00bb,\\\u00a0\u00bbwidth\\\u00a0\u00bb:200},\\\u00a0\u00bbvisualsq3x\\\u00a0\u00bb:{\\\u00a0\u00bburl\\\u00a0\u00bb:\\\u00a0\u00bbhttps:\/\/www.francebleu.fr\/s3\/cruiser-production-eu3\/2023\/08\/e760d730-f89c-4a83-84f1-c3b2f6a8a693\/400x400_sc_creuse_-_andre_camille_-_1300x1300.jpg\\\u00a0\u00bb,\\\u00a0\u00bburlWebp\\\u00a0\u00bb:\\\u00a0\u00bbhttps:\/\/www.francebleu.fr\/s3\/cruiser-production-eu3\/2023\/08\/e760d730-f89c-4a83-84f1-c3b2f6a8a693\/400x400_sc_creuse_-_andre_camille_-_1300x1300.webp\\\u00a0\u00bb,\\\u00a0\u00bbwidth\\\u00a0\u00bb:400,\\\u00a0\u00bbpreview\\\u00a0\u00bb:\\\u00a0\u00bb\/9j\/2wBDACgcHiMeGSgjISMtKygwPGRBPDc3PHtYXUlkkYCZlo+AjIqgtObDoKrarYqMyP\/L2u71\/\/\/\/m8H\/\/\/\/6\/+b9\/\/j\/2wBDASstLTw1PHZBQXb4pYyl+Pj4+Pj4+Pj4+Pj4+Pj4+Pj4+Pj4+Pj4+Pj4+Pj4+Pj4+Pj4+Pj4+Pj4+Pj4+Pj4+Pj\/wAARCAAqACoDASIAAhEBAxEB\/8QAGQABAQEBAQEAAAAAAAAAAAAAAwQCAQAF\/8QAGxABAQEBAQEBAQAAAAAAAAAAAAIBAxESIUH\/xAAWAQEBAQAAAAAAAAAAAAAAAAAAAgH\/xAAWEQEBAQAAAAAAAAAAAAAAAAAAARH\/2gAMAwEAAhEDEQA\/APrbrG0zViq0hvp3KTfbWWyinNe9FlO\/SdE92Gra6amulhfsk2kyixRYLJpr0MaRFgHpiTos6o+q4D9\/S89D\/TclCvmfwPI6R\/\/Z\\\u00a0\u00bb,\\\u00a0\u00bblegend\\\u00a0\u00bb:\\\u00a0\u00bbCamille Andr\u00e9, journaliste \u00e0 France Bleu Creuse\\\u00a0\u00bb}}],\\\u00a0\u00bbgeopoints\\\u00a0\u00bb:[{\\\u00a0\u00bbcity\\\u00a0\u00bb:\\\u00a0\u00bbSermur\\\u00a0\u00bb,\\\u00a0\u00bbregion\\\u00a0\u00bb:\\\u00a0\u00bbNouvelle-Aquitaine\\\u00a0\u00bb,\\\u00a0\u00bbdepartment\\\u00a0\u00bb:\\\u00a0\u00bbCreuse\\\u00a0\u00bb}],\\\u00a0\u00bbbody\\\u00a0\u00bb:[{\\\u00a0\u00bbtype\\\u00a0\u00bb:\\\u00a0\u00bbtext\\\u00a0\u00bb,\\\u00a0\u00bbchildren\\\u00a0\u00bb:[{\\\u00a0\u00bbtype\\\u00a0\u00bb:\\\u00a0\u00bbtext\\\u00a0\u00bb,\\\u00a0\u00bbvalue\\\u00a0\u00bb:\\\u00a0\u00bbLes petites communes de Creuse ne manquent pas d&rsquo;id\u00e9es originales pour faire l&rsquo;animation. Tout \u00e0 fait au sud-est de la Creuse, Sermur organise ce samedi 19 juillet \\u003Cstrong>un concours de peinture\\u003C\/strong>.\u00a0Le bourg, c\u00e9l\u00e8bre pour sa tour en pierre, n&rsquo;en est pas \u00e0 son coup d&rsquo;essai. Depuis 2023 il fait revivre une vieille tradition\u00a0:\u00a0celle \\u003Cstrong>des peintres qui installent leur chevalet en pleine campagne\\u003C\/strong>, pour croquer les paysages.\\\u00a0\u00bb}]},{\\\u00a0\u00bbtype\\\u00a0\u00bb:\\\u00a0\u00bbembed\\\u00a0\u00bb,\\\u00a0\u00bbdata\\\u00a0\u00bb:{\\\u00a0\u00bbhtml\\\u00a0\u00bb:\\\u00a0\u00bb\\\u00a0\u00bb,\\\u00a0\u00bbprovider\\\u00a0\u00bb:\\\u00a0\u00bbinread\\\u00a0\u00bb,\\\u00a0\u00bbforceDisplay\\\u00a0\u00bb:true}},{\\\u00a0\u00bbtype\\\u00a0\u00bb:\\\u00a0\u00bbheading\\\u00a0\u00bb,\\\u00a0\u00bblevel\\\u00a0\u00bb:2,\\\u00a0\u00bbvalue\\\u00a0\u00bb:\\\u00a0\u00bbSept heures pour peindre votre tableau\\\u00a0\u00bb},{\\\u00a0\u00bbtype\\\u00a0\u00bb:\\\u00a0\u00bbtext\\\u00a0\u00bb,\\\u00a0\u00bbchildren\\\u00a0\u00bb:[{\\\u00a0\u00bbtype\\\u00a0\u00bb:\\\u00a0\u00bbtext\\\u00a0\u00bb,\\\u00a0\u00bbvalue\\\u00a0\u00bb:\\\u00a0\u00bbLe concept est simple\u00a0: les peintres doivent se pr\u00e9senter \u00e0 9 heures, avec leur mat\u00e9riel, au jardin paysager de Sermur (pas besoin de s&rsquo;inscrire). Ils choisissent ensuite un lieu qui les inspire sur la commune, il peut se trouver dans le bourg, mais aussi dans les hameaux. \\u003Cstrong>\u00c0 16 heures, chaque artiste doit rendre son \u0153uvre\\u003C\/strong>. Elles sont toutes expos\u00e9es dans le jardin paysager, le temps que le jury d\u00e9lib\u00e8re. Le peintre prim\u00e9 recevra un panier garni offert par la mairie.\\\u00a0\u00bb}]},{\\\u00a0\u00bbtype\\\u00a0\u00bb:\\\u00a0\u00bbembed\\\u00a0\u00bb,\\\u00a0\u00bbdata\\\u00a0\u00bb:{\\\u00a0\u00bbhtml\\\u00a0\u00bb:\\\u00a0\u00bb\\u003Cdiv class=\\\\\\\u00a0\u00bbfb-post\\\\\\\u00a0\u00bb data-href=\\\\\\\u00a0\u00bbhttps:\/\/www.facebook.com\/photo\/?fbid=10232415042851582\\\\\\\u00a0\u00bb data-width=\\\\\\\u00a0\u00bb560\\\\\\\u00a0\u00bb data-show-text=\\\\\\\u00a0\u00bbtrue\\\\\\\u00a0\u00bb >\\u003C\/div> \\u003Cscript> (function(w, d) {     if (w.FB &#038;&#038; w.FB.XFBML &#038;&#038; w.FB.XFBML.parse) {         if (&lsquo;undefined&rsquo; == typeof w.__fbTimeout) {             w.__fbTimeout = setTimeout(function() {                 w.FB.XFBML.parse();                 w.__fbTimeout = undefined;             }, 1000);         }     } else if (&lsquo;undefined&rsquo; == typeof w.__fbTimeout) {         if (d.querySelectorAll(&lsquo;#fb-root&rsquo;).length === 0) {             var fbRoot = d.createElement(&lsquo;div&rsquo;);             fbRoot.id = &lsquo;fb-root&rsquo;;             d.querySelector(&lsquo;body&rsquo;).append(fbRoot);         }         if (d.querySelectorAll(&lsquo;#facebook-jssdk&rsquo;).length === 0) {             var fbScript = d.createElement(&lsquo;script&rsquo;);             fbScript.id = &lsquo;facebook-jssdk&rsquo;;             fbScript.src=\u00a0\u00bb\/\/connect.facebook.net\/fr_FR\/sdk.js#xfbml=1&#038;version=v2.8&#038;appId=593991304071705&Prime;;             fbScript.async = 1;             d.querySelector(&lsquo;head&rsquo;).append(fbScript);         }     } })(window, window.document); \\u003C\/script>\\\u00a0\u00bb,\\\u00a0\u00bbprovider\\\u00a0\u00bb:\\\u00a0\u00bbfacebook\\\u00a0\u00bb,\\\u00a0\u00bbdidomiPurposes\\\u00a0\u00bb:\\\u00a0\u00bbPour afficher ce contenu Facebook, vous devez accepter les cookies \\u003Cb>R\u00e9seaux Sociaux\\u003C\/b>.\\u003Cbr>\\u003Cbr>Ces cookies permettent de partager ou r\u00e9agir directement sur les r\u00e9seaux sociaux auxquels vous \u00eates connect\u00e9s ou d&rsquo;int\u00e9grer du contenu initialement post\u00e9 sur ces r\u00e9seaux sociaux. Ils permettent aussi aux r\u00e9seaux sociaux d&rsquo;utiliser vos visites sur nos sites et applications \u00e0 des fins de personnalisation et de ciblage publicitaire.\\\u00a0\u00bb,\\\u00a0\u00bbdidomiVendorId\\\u00a0\u00bb:\\\u00a0\u00bbc:facebookc-rgacRMQm\\\u00a0\u00bb}},{\\\u00a0\u00bbtype\\\u00a0\u00bb:\\\u00a0\u00bbtext\\\u00a0\u00bb,\\\u00a0\u00bbchildren\\\u00a0\u00bb:[{\\\u00a0\u00bbtype\\\u00a0\u00bb:\\\u00a0\u00bbtext\\\u00a0\u00bb,\\\u00a0\u00bbvalue\\\u00a0\u00bb:\\\u00a0\u00bbL&rsquo;\u00e9v\u00e8nement est organis\u00e9 par la municipalit\u00e9. \\\\\\\u00a0\u00bb\\u003Cem>L&rsquo;id\u00e9e est venue d&rsquo;un habitant, de faire une journ\u00e9e aquarelle sur Sermur. Il s&rsquo;agit de mettre en valeur notre patrimoine, mais aussi de faire du lien social autour de chez nous\\u003C\/em>\\\\\\\u00a0\u00bb, se r\u00e9jouit Brigitte Gerbe, la premi\u00e8re adjointe au maire de Sermur. Au d\u00e9but de la matin\u00e9e, l&rsquo;\u00e9lue pourra \\u003Cstrong>conduire les peintres dans des lieux insolites de Sermur\\u003C\/strong>\u00a0: les \u00e9tangs, les rochers du village de Chaupeyre, la fontaine Saint-Roch, la tour de Sermur, etc.\\\u00a0\u00bb}]},{\\\u00a0\u00bbtype\\\u00a0\u00bb:\\\u00a0\u00bbtext\\\u00a0\u00bb,\\\u00a0\u00bbchildren\\\u00a0\u00bb:[{\\\u00a0\u00bbtype\\\u00a0\u00bb:\\\u00a0\u00bbtext\\\u00a0\u00bb,\\\u00a0\u00bbvalue\\\u00a0\u00bb:\\\u00a0\u00bb\u00c0 noter par contre\u00a0: la journ\u00e9e ludique qui devait se tenir en parall\u00e8le ce samedi 19 juillet pour les enfants et les familles, est repouss\u00e9e \u00e0 une date ult\u00e9rieure.\\\u00a0\u00bb}]}],\\\u00a0\u00bbgeoInfos\\\u00a0\u00bb:[{\\\u00a0\u00bbregion\\\u00a0\u00bb:{\\\u00a0\u00bbslug\\\u00a0\u00bb:\\\u00a0\u00bbnouvelle-aquitaine\\\u00a0\u00bb,\\\u00a0\u00bbtitle\\\u00a0\u00bb:\\\u00a0\u00bbNouvelle-Aquitaine\\\u00a0\u00bb,\\\u00a0\u00bbcities\\\u00a0\u00bb:[{\\\u00a0\u00bbtitle\\\u00a0\u00bb:\\\u00a0\u00bbBayonne\\\u00a0\u00bb,\\\u00a0\u00bbpath\\\u00a0\u00bb:\\\u00a0\u00bb\/nouvelle-aquitaine\/pyrenees-atlantiques-64\/bayonne-64102\\\u00a0\u00bb},{\\\u00a0\u00bbtitle\\\u00a0\u00bb:\\\u00a0\u00bbBordeaux\\\u00a0\u00bb,\\\u00a0\u00bbpath\\\u00a0\u00bb:\\\u00a0\u00bb\/nouvelle-aquitaine\/gironde-33\/bordeaux-33063\\\u00a0\u00bb},{\\\u00a0\u00bbtitle\\\u00a0\u00bb:\\\u00a0\u00bbBrive-la-Gaillarde\\\u00a0\u00bb,\\\u00a0\u00bbpath\\\u00a0\u00bb:\\\u00a0\u00bb\/nouvelle-aquitaine\/correze-19\/brive-la-gaillarde-19031\\\u00a0\u00bb},{\\\u00a0\u00bbtitle\\\u00a0\u00bb:\\\u00a0\u00bbLimoges\\\u00a0\u00bb,\\\u00a0\u00bbpath\\\u00a0\u00bb:\\\u00a0\u00bb\/nouvelle-aquitaine\/haute-vienne-87\/limoges-87085\\\u00a0\u00bb},{\\\u00a0\u00bbtitle\\\u00a0\u00bb:\\\u00a0\u00bbM\u00e9rignac\\\u00a0\u00bb,\\\u00a0\u00bbpath\\\u00a0\u00bb:\\\u00a0\u00bb\/nouvelle-aquitaine\/gironde-33\/merignac-33281\\\u00a0\u00bb},{\\\u00a0\u00bbtitle\\\u00a0\u00bb:\\\u00a0\u00bbNiort\\\u00a0\u00bb,\\\u00a0\u00bbpath\\\u00a0\u00bb:\\\u00a0\u00bb\/nouvelle-aquitaine\/deux-sevres-79\/niort-79191\\\u00a0\u00bb},{\\\u00a0\u00bbtitle\\\u00a0\u00bb:\\\u00a0\u00bbPau\\\u00a0\u00bb,\\\u00a0\u00bbpath\\\u00a0\u00bb:\\\u00a0\u00bb\/nouvelle-aquitaine\/pyrenees-atlantiques-64\/pau-64445\\\u00a0\u00bb},{\\\u00a0\u00bbtitle\\\u00a0\u00bb:\\\u00a0\u00bbPessac\\\u00a0\u00bb,\\\u00a0\u00bbpath\\\u00a0\u00bb:\\\u00a0\u00bb\/nouvelle-aquitaine\/gironde-33\/pessac-33318\\\u00a0\u00bb},{\\\u00a0\u00bbtitle\\\u00a0\u00bb:\\\u00a0\u00bbPoitiers\\\u00a0\u00bb,\\\u00a0\u00bbpath\\\u00a0\u00bb:\\\u00a0\u00bb\/nouvelle-aquitaine\/vienne-86\/poitiers-86194\\\u00a0\u00bb},{\\\u00a0\u00bbtitle\\\u00a0\u00bb:\\\u00a0\u00bbLa Rochelle\\\u00a0\u00bb,\\\u00a0\u00bbpath\\\u00a0\u00bb:\\\u00a0\u00bb\/nouvelle-aquitaine\/charente-maritime-17\/rochelle-17300\\\u00a0\u00bb}],\\\u00a0\u00bbdepartments\\\u00a0\u00bb:[{\\\u00a0\u00bbslug\\\u00a0\u00bb:\\\u00a0\u00bbcharente-16\\\u00a0\u00bb,\\\u00a0\u00bbtitle\\\u00a0\u00bb:\\\u00a0\u00bbCharente\\\u00a0\u00bb,\\\u00a0\u00bbtitleArticle\\\u00a0\u00bb:\\\u00a0\u00bbde \\\u00a0\u00bb,\\\u00a0\u00bblocale\\\u00a0\u00bb:{\\\u00a0\u00bbnearest\\\u00a0\u00bb:[\\\u00a0\u00bbla-rochelle\\\u00a0\u00bb]},\\\u00a0\u00bbnearestDepartment\\\u00a0\u00bb:[\\\u00a0\u00bbdeux-sevres-79\\\u00a0\u00bb,\\\u00a0\u00bbvienne-86\\\u00a0\u00bb,\\\u00a0\u00bbhaute-vienne-87\\\u00a0\u00bb,\\\u00a0\u00bbdordogne-24\\\u00a0\u00bb,\\\u00a0\u00bbcharente-maritime-17\\\u00a0\u00bb],\\\u00a0\u00bbcities\\\u00a0\u00bb:[{\\\u00a0\u00bbpath\\\u00a0\u00bb:\\\u00a0\u00bb\/nouvelle-aquitaine\/charente-16\/angouleme-16015\\\u00a0\u00bb,\\\u00a0\u00bbtitle\\\u00a0\u00bb:\\\u00a0\u00bbAngoul\u00eame\\\u00a0\u00bb},{\\\u00a0\u00bbpath\\\u00a0\u00bb:\\\u00a0\u00bb\/nouvelle-aquitaine\/charente-16\/champniers-16078\\\u00a0\u00bb,\\\u00a0\u00bbtitle\\\u00a0\u00bb:\\\u00a0\u00bbChampniers\\\u00a0\u00bb},{\\\u00a0\u00bbpath\\\u00a0\u00bb:\\\u00a0\u00bb\/nouvelle-aquitaine\/charente-16\/cognac-16102\\\u00a0\u00bb,\\\u00a0\u00bbtitle\\\u00a0\u00bb:\\\u00a0\u00bbCognac\\\u00a0\u00bb},{\\\u00a0\u00bbpath\\\u00a0\u00bb:\\\u00a0\u00bb\/nouvelle-aquitaine\/charente-16\/gond-pontouvre-16154\\\u00a0\u00bb,\\\u00a0\u00bbtitle\\\u00a0\u00bb:\\\u00a0\u00bbGond-Pontouvre\\\u00a0\u00bb},{\\\u00a0\u00bbpath\\\u00a0\u00bb:\\\u00a0\u00bb\/nouvelle-aquitaine\/charente-16\/isle-despagnac-16166\\\u00a0\u00bb,\\\u00a0\u00bbtitle\\\u00a0\u00bb:\\\u00a0\u00bbL&rsquo;Isle-d&rsquo;Espagnac\\\u00a0\u00bb},{\\\u00a0\u00bbpath\\\u00a0\u00bb:\\\u00a0\u00bb\/nouvelle-aquitaine\/charente-16\/ruelle-sur-touvre-16291\\\u00a0\u00bb,\\\u00a0\u00bbtitle\\\u00a0\u00bb:\\\u00a0\u00bbRuelle-sur-Touvre\\\u00a0\u00bb},{\\\u00a0\u00bbpath\\\u00a0\u00bb:\\\u00a0\u00bb\/nouvelle-aquitaine\/charente-16\/saint-yrieix-sur-charente-16358\\\u00a0\u00bb,\\\u00a0\u00bbtitle\\\u00a0\u00bb:\\\u00a0\u00bbSaint-Yrieix-sur-Charente\\\u00a0\u00bb},{\\\u00a0\u00bbpath\\\u00a0\u00bb:\\\u00a0\u00bb\/nouvelle-aquitaine\/charente-16\/soyaux-16374\\\u00a0\u00bb,\\\u00a0\u00bbtitle\\\u00a0\u00bb:\\\u00a0\u00bbSoyaux\\\u00a0\u00bb},{\\\u00a0\u00bbpath\\\u00a0\u00bb:\\\u00a0\u00bb\/nouvelle-aquitaine\/charente-16\/barbezieux-saint-hilaire-16028\\\u00a0\u00bb,\\\u00a0\u00bbtitle\\\u00a0\u00bb:\\\u00a0\u00bbBarbezieux-Saint-Hilaire\\\u00a0\u00bb},{\\\u00a0\u00bbpath\\\u00a0\u00bb:\\\u00a0\u00bb\/nouvelle-aquitaine\/charente-16\/couronne-16113\\\u00a0\u00bb,\\\u00a0\u00bbtitle\\\u00a0\u00bb:\\\u00a0\u00bbLa Couronne\\\u00a0\u00bb}]},{\\\u00a0\u00bbslug\\\u00a0\u00bb:\\\u00a0\u00bbcharente-maritime-17\\\u00a0\u00bb,\\\u00a0\u00bbtitle\\\u00a0\u00bb:\\\u00a0\u00bbCharente-Maritime\\\u00a0\u00bb,\\\u00a0\u00bbtitleArticle\\\u00a0\u00bb:\\\u00a0\u00bbde \\\u00a0\u00bb,\\\u00a0\u00bblocale\\\u00a0\u00bb:{\\\u00a0\u00bbmain\\\u00a0\u00bb:\\\u00a0\u00bbla-rochelle\\\u00a0\u00bb,\\\u00a0\u00bbnearest\\\u00a0\u00bb:[]},\\\u00a0\u00bbnearestDepartment\\\u00a0\u00bb:[\\\u00a0\u00bbvendee-85\\\u00a0\u00bb,\\\u00a0\u00bbdeux-sevres-79\\\u00a0\u00bb,\\\u00a0\u00bbcharente-16\\\u00a0\u00bb,\\\u00a0\u00bbdordogne-24\\\u00a0\u00bb,\\\u00a0\u00bbgironde-33\\\u00a0\u00bb],\\\u00a0\u00bbcities\\\u00a0\u00bb:[{\\\u00a0\u00bbpath\\\u00a0\u00bb:\\\u00a0\u00bb\/nouvelle-aquitaine\/charente-maritime-17\/aytre-17028\\\u00a0\u00bb,\\\u00a0\u00bbtitle\\\u00a0\u00bb:\\\u00a0\u00bbAytr\u00e9\\\u00a0\u00bb},{\\\u00a0\u00bbpath\\\u00a0\u00bb:\\\u00a0\u00bb\/nouvelle-aquitaine\/charente-maritime-17\/lagord-17200\\\u00a0\u00bb,\\\u00a0\u00bbtitle\\\u00a0\u00bb:\\\u00a0\u00bbLagord\\\u00a0\u00bb},{\\\u00a0\u00bbpath\\\u00a0\u00bb:\\\u00a0\u00bb\/nouvelle-aquitaine\/charente-maritime-17\/perigny-17274\\\u00a0\u00bb,\\\u00a0\u00bbtitle\\\u00a0\u00bb:\\\u00a0\u00bbP\u00e9rigny\\\u00a0\u00bb},{\\\u00a0\u00bbpath\\\u00a0\u00bb:\\\u00a0\u00bb\/nouvelle-aquitaine\/charente-maritime-17\/rochefort-17299\\\u00a0\u00bb,\\\u00a0\u00bbtitle\\\u00a0\u00bb:\\\u00a0\u00bbRochefort\\\u00a0\u00bb},{\\\u00a0\u00bbpath\\\u00a0\u00bb:\\\u00a0\u00bb\/nouvelle-aquitaine\/charente-maritime-17\/royan-17306\\\u00a0\u00bb,\\\u00a0\u00bbtitle\\\u00a0\u00bb:\\\u00a0\u00bbRoyan\\\u00a0\u00bb},{\\\u00a0\u00bbpath\\\u00a0\u00bb:\\\u00a0\u00bb\/nouvelle-aquitaine\/charente-maritime-17\/saintes-17415\\\u00a0\u00bb,\\\u00a0\u00bbtitle\\\u00a0\u00bb:\\\u00a0\u00bbSaintes\\\u00a0\u00bb},{\\\u00a0\u00bbpath\\\u00a0\u00bb:\\\u00a0\u00bb\/nouvelle-aquitaine\/charente-maritime-17\/saujon-17421\\\u00a0\u00bb,\\\u00a0\u00bbtitle\\\u00a0\u00bb:\\\u00a0\u00bbSaujon\\\u00a0\u00bb},{\\\u00a0\u00bbpath\\\u00a0\u00bb:\\\u00a0\u00bb\/nouvelle-aquitaine\/charente-maritime-17\/tonnay-charente-17449\\\u00a0\u00bb,\\\u00a0\u00bbtitle\\\u00a0\u00bb:\\\u00a0\u00bbTonnay-Charente\\\u00a0\u00bb},{\\\u00a0\u00bbpath\\\u00a0\u00bb:\\\u00a0\u00bb\/nouvelle-aquitaine\/charente-maritime-17\/saint-jean-dangely-17347\\\u00a0\u00bb,\\\u00a0\u00bbtitle\\\u00a0\u00bb:\\\u00a0\u00bbSaint-Jean-d&rsquo;Ang\u00e9ly\\\u00a0\u00bb},{\\\u00a0\u00bbpath\\\u00a0\u00bb:\\\u00a0\u00bb\/nouvelle-aquitaine\/charente-maritime-17\/rochelle-17300\\\u00a0\u00bb,\\\u00a0\u00bbtitle\\\u00a0\u00bb:\\\u00a0\u00bbLa Rochelle\\\u00a0\u00bb}]},{\\\u00a0\u00bbslug\\\u00a0\u00bb:\\\u00a0\u00bbcorreze-19\\\u00a0\u00bb,\\\u00a0\u00bbtitle\\\u00a0\u00bb:\\\u00a0\u00bbCorr\u00e8ze\\\u00a0\u00bb,\\\u00a0\u00bbtitleArticle\\\u00a0\u00bb:\\\u00a0\u00bbde \\\u00a0\u00bb,\\\u00a0\u00bblocale\\\u00a0\u00bb:{\\\u00a0\u00bbnearest\\\u00a0\u00bb:[\\\u00a0\u00bbcreuse\\\u00a0\u00bb,\\\u00a0\u00bblimousin\\\u00a0\u00bb,\\\u00a0\u00bbpays-d-auvergne\\\u00a0\u00bb]},\\\u00a0\u00bbnearestDepartment\\\u00a0\u00bb:[\\\u00a0\u00bbhaute-vienne-87\\\u00a0\u00bb,\\\u00a0\u00bbcreuse-23\\\u00a0\u00bb,\\\u00a0\u00bbpuy-de-dome-63\\\u00a0\u00bb,\\\u00a0\u00bbcantal-15\\\u00a0\u00bb,\\\u00a0\u00bblot-46\\\u00a0\u00bb,\\\u00a0\u00bbdordogne-24\\\u00a0\u00bb],\\\u00a0\u00bbcities\\\u00a0\u00bb:[{\\\u00a0\u00bbpath\\\u00a0\u00bb:\\\u00a0\u00bb\/nouvelle-aquitaine\/correze-19\/allassac-19005\\\u00a0\u00bb,\\\u00a0\u00bbtitle\\\u00a0\u00bb:\\\u00a0\u00bbAllassac\\\u00a0\u00bb},{\\\u00a0\u00bbpath\\\u00a0\u00bb:\\\u00a0\u00bb\/nouvelle-aquitaine\/correze-19\/brive-la-gaillarde-19031\\\u00a0\u00bb,\\\u00a0\u00bbtitle\\\u00a0\u00bb:\\\u00a0\u00bbBrive-la-Gaillarde\\\u00a0\u00bb},{\\\u00a0\u00bbpath\\\u00a0\u00bb:\\\u00a0\u00bb\/nouvelle-aquitaine\/correze-19\/malemort-19123\\\u00a0\u00bb,\\\u00a0\u00bbtitle\\\u00a0\u00bb:\\\u00a0\u00bbMalemort\\\u00a0\u00bb},{\\\u00a0\u00bbpath\\\u00a0\u00bb:\\\u00a0\u00bb\/nouvelle-aquitaine\/correze-19\/objat-19153\\\u00a0\u00bb,\\\u00a0\u00bbtitle\\\u00a0\u00bb:\\\u00a0\u00bbObjat\\\u00a0\u00bb},{\\\u00a0\u00bbpath\\\u00a0\u00bb:\\\u00a0\u00bb\/nouvelle-aquitaine\/correze-19\/saint-pantaleon-de-larche-19229\\\u00a0\u00bb,\\\u00a0\u00bbtitle\\\u00a0\u00bb:\\\u00a0\u00bbSaint-Pantal\u00e9on-de-Larche\\\u00a0\u00bb},{\\\u00a0\u00bbpath\\\u00a0\u00bb:\\\u00a0\u00bb\/nouvelle-aquitaine\/correze-19\/tulle-19272\\\u00a0\u00bb,\\\u00a0\u00bbtitle\\\u00a0\u00bb:\\\u00a0\u00bbTulle\\\u00a0\u00bb},{\\\u00a0\u00bbpath\\\u00a0\u00bb:\\\u00a0\u00bb\/nouvelle-aquitaine\/correze-19\/ussac-19274\\\u00a0\u00bb,\\\u00a0\u00bbtitle\\\u00a0\u00bb:\\\u00a0\u00bbUssac\\\u00a0\u00bb},{\\\u00a0\u00bbpath\\\u00a0\u00bb:\\\u00a0\u00bb\/nouvelle-aquitaine\/correze-19\/ussel-19275\\\u00a0\u00bb,\\\u00a0\u00bbtitle\\\u00a0\u00bb:\\\u00a0\u00bbUssel\\\u00a0\u00bb},{\\\u00a0\u00bbpath\\\u00a0\u00bb:\\\u00a0\u00bb\/nouvelle-aquitaine\/correze-19\/egletons-19073\\\u00a0\u00bb,\\\u00a0\u00bbtitle\\\u00a0\u00bb:\\\u00a0\u00bb\u00c9gletons\\\u00a0\u00bb},{\\\u00a0\u00bbpath\\\u00a0\u00bb:\\\u00a0\u00bb\/nouvelle-aquitaine\/correze-19\/argentat-sur-dordogne-19010\\\u00a0\u00bb,\\\u00a0\u00bbtitle\\\u00a0\u00bb:\\\u00a0\u00bbArgentat-sur-Dordogne\\\u00a0\u00bb}]},{\\\u00a0\u00bbslug\\\u00a0\u00bb:\\\u00a0\u00bbcreuse-23\\\u00a0\u00bb,\\\u00a0\u00bbtitle\\\u00a0\u00bb:\\\u00a0\u00bbCreuse\\\u00a0\u00bb,\\\u00a0\u00bbtitleArticle\\\u00a0\u00bb:\\\u00a0\u00bbde \\\u00a0\u00bb,\\\u00a0\u00bblocale\\\u00a0\u00bb:{\\\u00a0\u00bbmain\\\u00a0\u00bb:\\\u00a0\u00bbcreuse\\\u00a0\u00bb,\\\u00a0\u00bbnearest\\\u00a0\u00bb:[]},\\\u00a0\u00bbnearestDepartment\\\u00a0\u00bb:[\\\u00a0\u00bbindre-36\\\u00a0\u00bb,\\\u00a0\u00bbcher-18\\\u00a0\u00bb,\\\u00a0\u00bballier-03\\\u00a0\u00bb,\\\u00a0\u00bbpuy-de-dome-63\\\u00a0\u00bb,\\\u00a0\u00bbcorreze-19\\\u00a0\u00bb,\\\u00a0\u00bbhaute-vienne-87\\\u00a0\u00bb],\\\u00a0\u00bbcities\\\u00a0\u00bb:[{\\\u00a0\u00bbpath\\\u00a0\u00bb:\\\u00a0\u00bb\/nouvelle-aquitaine\/creuse-23\/aubusson-23008\\\u00a0\u00bb,\\\u00a0\u00bbtitle\\\u00a0\u00bb:\\\u00a0\u00bbAubusson\\\u00a0\u00bb},{\\\u00a0\u00bbpath\\\u00a0\u00bb:\\\u00a0\u00bb\/nouvelle-aquitaine\/creuse-23\/bourganeuf-23030\\\u00a0\u00bb,\\\u00a0\u00bbtitle\\\u00a0\u00bb:\\\u00a0\u00bbBourganeuf\\\u00a0\u00bb},{\\\u00a0\u00bbpath\\\u00a0\u00bb:\\\u00a0\u00bb\/nouvelle-aquitaine\/creuse-23\/felletin-23079\\\u00a0\u00bb,\\\u00a0\u00bbtitle\\\u00a0\u00bb:\\\u00a0\u00bbFelletin\\\u00a0\u00bb},{\\\u00a0\u00bbpath\\\u00a0\u00bb:\\\u00a0\u00bb\/nouvelle-aquitaine\/creuse-23\/gouzon-23093\\\u00a0\u00bb,\\\u00a0\u00bbtitle\\\u00a0\u00bb:\\\u00a0\u00bbGouzon\\\u00a0\u00bb},{\\\u00a0\u00bbpath\\\u00a0\u00bb:\\\u00a0\u00bb\/nouvelle-aquitaine\/creuse-23\/gueret-23096\\\u00a0\u00bb,\\\u00a0\u00bbtitle\\\u00a0\u00bb:\\\u00a0\u00bbGu\u00e9ret\\\u00a0\u00bb},{\\\u00a0\u00bbpath\\\u00a0\u00bb:\\\u00a0\u00bb\/nouvelle-aquitaine\/creuse-23\/saint-sulpice-le-gueretois-23245\\\u00a0\u00bb,\\\u00a0\u00bbtitle\\\u00a0\u00bb:\\\u00a0\u00bbSaint-Sulpice-le-Gu\u00e9r\u00e9tois\\\u00a0\u00bb},{\\\u00a0\u00bbpath\\\u00a0\u00bb:\\\u00a0\u00bb\/nouvelle-aquitaine\/creuse-23\/saint-vaury-23247\\\u00a0\u00bb,\\\u00a0\u00bbtitle\\\u00a0\u00bb:\\\u00a0\u00bbSaint-Vaury\\\u00a0\u00bb},{\\\u00a0\u00bbpath\\\u00a0\u00bb:\\\u00a0\u00bb\/nouvelle-aquitaine\/creuse-23\/sainte-feyre-23193\\\u00a0\u00bb,\\\u00a0\u00bbtitle\\\u00a0\u00bb:\\\u00a0\u00bbSainte-Feyre\\\u00a0\u00bb},{\\\u00a0\u00bbpath\\\u00a0\u00bb:\\\u00a0\u00bb\/nouvelle-aquitaine\/creuse-23\/fursac-23192\\\u00a0\u00bb,\\\u00a0\u00bbtitle\\\u00a0\u00bb:\\\u00a0\u00bbFursac\\\u00a0\u00bb},{\\\u00a0\u00bbpath\\\u00a0\u00bb:\\\u00a0\u00bb\/nouvelle-aquitaine\/creuse-23\/souterraine-23176\\\u00a0\u00bb,\\\u00a0\u00bbtitle\\\u00a0\u00bb:\\\u00a0\u00bbLa Souterraine\\\u00a0\u00bb}]},{\\\u00a0\u00bbslug\\\u00a0\u00bb:\\\u00a0\u00bbdeux-sevres-79\\\u00a0\u00bb,\\\u00a0\u00bbtitle\\\u00a0\u00bb:\\\u00a0\u00bbDeux-S\u00e8vres\\\u00a0\u00bb,\\\u00a0\u00bbtitleArticle\\\u00a0\u00bb:\\\u00a0\u00bbdes \\\u00a0\u00bb,\\\u00a0\u00bblocale\\\u00a0\u00bb:{\\\u00a0\u00bbnearest\\\u00a0\u00bb:[\\\u00a0\u00bbpoitou\\\u00a0\u00bb]},\\\u00a0\u00bbnearestDepartment\\\u00a0\u00bb:[\\\u00a0\u00bbvendee-85\\\u00a0\u00bb,\\\u00a0\u00bbmaine-et-loire-49\\\u00a0\u00bb,\\\u00a0\u00bbindre-et-loire-37\\\u00a0\u00bb,\\\u00a0\u00bbvienne-86\\\u00a0\u00bb,\\\u00a0\u00bbcharente-16\\\u00a0\u00bb,\\\u00a0\u00bbcharente-maritime-17\\\u00a0\u00bb],\\\u00a0\u00bbcities\\\u00a0\u00bb:[{\\\u00a0\u00bbpath\\\u00a0\u00bb:\\\u00a0\u00bb\/nouvelle-aquitaine\/deux-sevres-79\/bressuire-79049\\\u00a0\u00bb,\\\u00a0\u00bbtitle\\\u00a0\u00bb:\\\u00a0\u00bbBressuire\\\u00a0\u00bb},{\\\u00a0\u00bbpath\\\u00a0\u00bb:\\\u00a0\u00bb\/nouvelle-aquitaine\/deux-sevres-79\/chauray-79081\\\u00a0\u00bb,\\\u00a0\u00bbtitle\\\u00a0\u00bb:\\\u00a0\u00bbChauray\\\u00a0\u00bb},{\\\u00a0\u00bbpath\\\u00a0\u00bb:\\\u00a0\u00bb\/nouvelle-aquitaine\/deux-sevres-79\/mauleon-79079\\\u00a0\u00bb,\\\u00a0\u00bbtitle\\\u00a0\u00bb:\\\u00a0\u00bbMaul\u00e9on\\\u00a0\u00bb},{\\\u00a0\u00bbpath\\\u00a0\u00bb:\\\u00a0\u00bb\/nouvelle-aquitaine\/deux-sevres-79\/aiffres-79003\\\u00a0\u00bb,\\\u00a0\u00bbtitle\\\u00a0\u00bb:\\\u00a0\u00bbAiffres\\\u00a0\u00bb},{\\\u00a0\u00bbpath\\\u00a0\u00bb:\\\u00a0\u00bb\/nouvelle-aquitaine\/deux-sevres-79\/niort-79191\\\u00a0\u00bb,\\\u00a0\u00bbtitle\\\u00a0\u00bb:\\\u00a0\u00bbNiort\\\u00a0\u00bb},{\\\u00a0\u00bbpath\\\u00a0\u00bb:\\\u00a0\u00bb\/nouvelle-aquitaine\/deux-sevres-79\/parthenay-79202\\\u00a0\u00bb,\\\u00a0\u00bbtitle\\\u00a0\u00bb:\\\u00a0\u00bbParthenay\\\u00a0\u00bb},{\\\u00a0\u00bbpath\\\u00a0\u00bb:\\\u00a0\u00bb\/nouvelle-aquitaine\/deux-sevres-79\/saint-maixent-lecole-79270\\\u00a0\u00bb,\\\u00a0\u00bbtitle\\\u00a0\u00bb:\\\u00a0\u00bbSaint-Maixent-l&rsquo;\u00c9cole\\\u00a0\u00bb},{\\\u00a0\u00bbpath\\\u00a0\u00bb:\\\u00a0\u00bb\/nouvelle-aquitaine\/deux-sevres-79\/thouars-79329\\\u00a0\u00bb,\\\u00a0\u00bbtitle\\\u00a0\u00bb:\\\u00a0\u00bbThouars\\\u00a0\u00bb},{\\\u00a0\u00bbpath\\\u00a0\u00bb:\\\u00a0\u00bb\/nouvelle-aquitaine\/deux-sevres-79\/nueil-les-aubiers-79195\\\u00a0\u00bb,\\\u00a0\u00bbtitle\\\u00a0\u00bb:\\\u00a0\u00bbNueil-les-Aubiers\\\u00a0\u00bb},{\\\u00a0\u00bbpath\\\u00a0\u00bb:\\\u00a0\u00bb\/nouvelle-aquitaine\/deux-sevres-79\/creche-79048\\\u00a0\u00bb,\\\u00a0\u00bbtitle\\\u00a0\u00bb:\\\u00a0\u00bbLa Cr\u00e8che\\\u00a0\u00bb}]},{\\\u00a0\u00bbslug\\\u00a0\u00bb:\\\u00a0\u00bbdordogne-24\\\u00a0\u00bb,\\\u00a0\u00bbtitle\\\u00a0\u00bb:\\\u00a0\u00bbDordogne\\\u00a0\u00bb,\\\u00a0\u00bbtitleArticle\\\u00a0\u00bb:\\\u00a0\u00bbde \\\u00a0\u00bb,\\\u00a0\u00bblocale\\\u00a0\u00bb:{\\\u00a0\u00bbmain\\\u00a0\u00bb:\\\u00a0\u00bbperigord\\\u00a0\u00bb,\\\u00a0\u00bbnearest\\\u00a0\u00bb:[]},\\\u00a0\u00bbnearestDepartment\\\u00a0\u00bb:[\\\u00a0\u00bbcharente-16\\\u00a0\u00bb,\\\u00a0\u00bbhaute-vienne-87\\\u00a0\u00bb,\\\u00a0\u00bbcorreze-19\\\u00a0\u00bb,\\\u00a0\u00bblot-46\\\u00a0\u00bb,\\\u00a0\u00bblot-et-garonne-47\\\u00a0\u00bb,\\\u00a0\u00bbgironde-33\\\u00a0\u00bb,\\\u00a0\u00bbcharente-maritime-17\\\u00a0\u00bb],\\\u00a0\u00bbcities\\\u00a0\u00bb:[{\\\u00a0\u00bbpath\\\u00a0\u00bb:\\\u00a0\u00bb\/nouvelle-aquitaine\/dordogne-24\/bergerac-24037\\\u00a0\u00bb,\\\u00a0\u00bbtitle\\\u00a0\u00bb:\\\u00a0\u00bbBergerac\\\u00a0\u00bb},{\\\u00a0\u00bbpath\\\u00a0\u00bb:\\\u00a0\u00bb\/nouvelle-aquitaine\/dordogne-24\/boulazac-isle-manoire-24053\\\u00a0\u00bb,\\\u00a0\u00bbtitle\\\u00a0\u00bb:\\\u00a0\u00bbBoulazac Isle Manoire\\\u00a0\u00bb},{\\\u00a0\u00bbpath\\\u00a0\u00bb:\\\u00a0\u00bb\/nouvelle-aquitaine\/dordogne-24\/coulounieix-chamiers-24138\\\u00a0\u00bb,\\\u00a0\u00bbtitle\\\u00a0\u00bb:\\\u00a0\u00bbCoulounieix-Chamiers\\\u00a0\u00bb},{\\\u00a0\u00bbpath\\\u00a0\u00bb:\\\u00a0\u00bb\/nouvelle-aquitaine\/dordogne-24\/montpon-menesterol-24294\\\u00a0\u00bb,\\\u00a0\u00bbtitle\\\u00a0\u00bb:\\\u00a0\u00bbMontpon-M\u00e9nest\u00e9rol\\\u00a0\u00bb},{\\\u00a0\u00bbpath\\\u00a0\u00bb:\\\u00a0\u00bb\/nouvelle-aquitaine\/dordogne-24\/perigueux-24322\\\u00a0\u00bb,\\\u00a0\u00bbtitle\\\u00a0\u00bb:\\\u00a0\u00bbP\u00e9rigueux\\\u00a0\u00bb},{\\\u00a0\u00bbpath\\\u00a0\u00bb:\\\u00a0\u00bb\/nouvelle-aquitaine\/dordogne-24\/saint-astier-24372\\\u00a0\u00bb,\\\u00a0\u00bbtitle\\\u00a0\u00bb:\\\u00a0\u00bbSaint-Astier\\\u00a0\u00bb},{\\\u00a0\u00bbpath\\\u00a0\u00bb:\\\u00a0\u00bb\/nouvelle-aquitaine\/dordogne-24\/sarlat-la-caneda-24520\\\u00a0\u00bb,\\\u00a0\u00bbtitle\\\u00a0\u00bb:\\\u00a0\u00bbSarlat-la-Can\u00e9da\\\u00a0\u00bb},{\\\u00a0\u00bbpath\\\u00a0\u00bb:\\\u00a0\u00bb\/nouvelle-aquitaine\/dordogne-24\/terrasson-lavilledieu-24547\\\u00a0\u00bb,\\\u00a0\u00bbtitle\\\u00a0\u00bb:\\\u00a0\u00bbTerrasson-Lavilledieu\\\u00a0\u00bb},{\\\u00a0\u00bbpath\\\u00a0\u00bb:\\\u00a0\u00bb\/nouvelle-aquitaine\/dordogne-24\/trelissac-24557\\\u00a0\u00bb,\\\u00a0\u00bbtitle\\\u00a0\u00bb:\\\u00a0\u00bbTr\u00e9lissac\\\u00a0\u00bb},{\\\u00a0\u00bbpath\\\u00a0\u00bb:\\\u00a0\u00bb\/nouvelle-aquitaine\/dordogne-24\/sanilhac-24312\\\u00a0\u00bb,\\\u00a0\u00bbtitle\\\u00a0\u00bb:\\\u00a0\u00bbSanilhac\\\u00a0\u00bb}]},{\\\u00a0\u00bbslug\\\u00a0\u00bb:\\\u00a0\u00bbgironde-33\\\u00a0\u00bb,\\\u00a0\u00bbtitle\\\u00a0\u00bb:\\\u00a0\u00bbGironde\\\u00a0\u00bb,\\\u00a0\u00bbtitleArticle\\\u00a0\u00bb:\\\u00a0\u00bbde \\\u00a0\u00bb,\\\u00a0\u00bblocale\\\u00a0\u00bb:{\\\u00a0\u00bbmain\\\u00a0\u00bb:\\\u00a0\u00bbgironde\\\u00a0\u00bb,\\\u00a0\u00bbnearest\\\u00a0\u00bb:[]},\\\u00a0\u00bbnearestDepartment\\\u00a0\u00bb:[\\\u00a0\u00bbcharente-maritime-17\\\u00a0\u00bb,\\\u00a0\u00bbdordogne-24\\\u00a0\u00bb,\\\u00a0\u00bblot-et-garonne-47\\\u00a0\u00bb,\\\u00a0\u00bblandes-40\\\u00a0\u00bb],\\\u00a0\u00bbcities\\\u00a0\u00bb:[{\\\u00a0\u00bbpath\\\u00a0\u00bb:\\\u00a0\u00bb\/nouvelle-aquitaine\/gironde-33\/bordeaux-33063\\\u00a0\u00bb,\\\u00a0\u00bbtitle\\\u00a0\u00bb:\\\u00a0\u00bbBordeaux\\\u00a0\u00bb},{\\\u00a0\u00bbpath\\\u00a0\u00bb:\\\u00a0\u00bb\/nouvelle-aquitaine\/gironde-33\/begles-33039\\\u00a0\u00bb,\\\u00a0\u00bbtitle\\\u00a0\u00bb:\\\u00a0\u00bbB\u00e8gles\\\u00a0\u00bb},{\\\u00a0\u00bbpath\\\u00a0\u00bb:\\\u00a0\u00bb\/nouvelle-aquitaine\/gironde-33\/gradignan-33192\\\u00a0\u00bb,\\\u00a0\u00bbtitle\\\u00a0\u00bb:\\\u00a0\u00bbGradignan\\\u00a0\u00bb},{\\\u00a0\u00bbpath\\\u00a0\u00bb:\\\u00a0\u00bb\/nouvelle-aquitaine\/gironde-33\/merignac-33281\\\u00a0\u00bb,\\\u00a0\u00bbtitle\\\u00a0\u00bb:\\\u00a0\u00bbM\u00e9rignac\\\u00a0\u00bb},{\\\u00a0\u00bbpath\\\u00a0\u00bb:\\\u00a0\u00bb\/nouvelle-aquitaine\/gironde-33\/pessac-33318\\\u00a0\u00bb,\\\u00a0\u00bbtitle\\\u00a0\u00bb:\\\u00a0\u00bbPessac\\\u00a0\u00bb},{\\\u00a0\u00bbpath\\\u00a0\u00bb:\\\u00a0\u00bb\/nouvelle-aquitaine\/gironde-33\/saint-medard-en-jalles-33449\\\u00a0\u00bb,\\\u00a0\u00bbtitle\\\u00a0\u00bb:\\\u00a0\u00bbSaint-M\u00e9dard-en-Jalles\\\u00a0\u00bb},{\\\u00a0\u00bbpath\\\u00a0\u00bb:\\\u00a0\u00bb\/nouvelle-aquitaine\/gironde-33\/talence-33522\\\u00a0\u00bb,\\\u00a0\u00bbtitle\\\u00a0\u00bb:\\\u00a0\u00bbTalence\\\u00a0\u00bb},{\\\u00a0\u00bbpath\\\u00a0\u00bb:\\\u00a0\u00bb\/nouvelle-aquitaine\/gironde-33\/villenave-dornon-33550\\\u00a0\u00bb,\\\u00a0\u00bbtitle\\\u00a0\u00bb:\\\u00a0\u00bbVillenave-d&rsquo;Ornon\\\u00a0\u00bb},{\\\u00a0\u00bbpath\\\u00a0\u00bb:\\\u00a0\u00bb\/nouvelle-aquitaine\/gironde-33\/libourne-33243\\\u00a0\u00bb,\\\u00a0\u00bbtitle\\\u00a0\u00bb:\\\u00a0\u00bbLibourne\\\u00a0\u00bb},{\\\u00a0\u00bbpath\\\u00a0\u00bb:\\\u00a0\u00bb\/nouvelle-aquitaine\/gironde-33\/teste-de-buch-33529\\\u00a0\u00bb,\\\u00a0\u00bbtitle\\\u00a0\u00bb:\\\u00a0\u00bbLa Teste-de-Buch\\\u00a0\u00bb}]},{\\\u00a0\u00bbslug\\\u00a0\u00bb:\\\u00a0\u00bbhaute-vienne-87\\\u00a0\u00bb,\\\u00a0\u00bbtitle\\\u00a0\u00bb:\\\u00a0\u00bbHaute-Vienne\\\u00a0\u00bb,\\\u00a0\u00bbtitleArticle\\\u00a0\u00bb:\\\u00a0\u00bbde \\\u00a0\u00bb,\\\u00a0\u00bblocale\\\u00a0\u00bb:{\\\u00a0\u00bbmain\\\u00a0\u00bb:\\\u00a0\u00bblimousin\\\u00a0\u00bb,\\\u00a0\u00bbnearest\\\u00a0\u00bb:[\\\u00a0\u00bbcreuse\\\u00a0\u00bb,\\\u00a0\u00bbpoitou\\\u00a0\u00bb]},\\\u00a0\u00bbnearestDepartment\\\u00a0\u00bb:[\\\u00a0\u00bbvienne-86\\\u00a0\u00bb,\\\u00a0\u00bbindre-36\\\u00a0\u00bb,\\\u00a0\u00bbcreuse-23\\\u00a0\u00bb,\\\u00a0\u00bbcorreze-19\\\u00a0\u00bb,\\\u00a0\u00bbdordogne-24\\\u00a0\u00bb,\\\u00a0\u00bbcharente-16\\\u00a0\u00bb],\\\u00a0\u00bbcities\\\u00a0\u00bb:[{\\\u00a0\u00bbpath\\\u00a0\u00bb:\\\u00a0\u00bb\/nouvelle-aquitaine\/haute-vienne-87\/aixe-sur-vienne-87001\\\u00a0\u00bb,\\\u00a0\u00bbtitle\\\u00a0\u00bb:\\\u00a0\u00bbAixe-sur-Vienne\\\u00a0\u00bb},{\\\u00a0\u00bbpath\\\u00a0\u00bb:\\\u00a0\u00bb\/nouvelle-aquitaine\/haute-vienne-87\/couzeix-87050\\\u00a0\u00bb,\\\u00a0\u00bbtitle\\\u00a0\u00bb:\\\u00a0\u00bbCouzeix\\\u00a0\u00bb},{\\\u00a0\u00bbpath\\\u00a0\u00bb:\\\u00a0\u00bb\/nouvelle-aquitaine\/haute-vienne-87\/feytiat-87065\\\u00a0\u00bb,\\\u00a0\u00bbtitle\\\u00a0\u00bb:\\\u00a0\u00bbFeytiat\\\u00a0\u00bb},{\\\u00a0\u00bbpath\\\u00a0\u00bb:\\\u00a0\u00bb\/nouvelle-aquitaine\/haute-vienne-87\/isle-87075\\\u00a0\u00bb,\\\u00a0\u00bbtitle\\\u00a0\u00bb:\\\u00a0\u00bbIsle\\\u00a0\u00bb},{\\\u00a0\u00bbpath\\\u00a0\u00bb:\\\u00a0\u00bb\/nouvelle-aquitaine\/haute-vienne-87\/limoges-87085\\\u00a0\u00bb,\\\u00a0\u00bbtitle\\\u00a0\u00bb:\\\u00a0\u00bbLimoges\\\u00a0\u00bb},{\\\u00a0\u00bbpath\\\u00a0\u00bb:\\\u00a0\u00bb\/nouvelle-aquitaine\/haute-vienne-87\/panazol-87114\\\u00a0\u00bb,\\\u00a0\u00bbtitle\\\u00a0\u00bb:\\\u00a0\u00bbPanazol\\\u00a0\u00bb},{\\\u00a0\u00bbpath\\\u00a0\u00bb:\\\u00a0\u00bb\/nouvelle-aquitaine\/haute-vienne-87\/saint-junien-87154\\\u00a0\u00bb,\\\u00a0\u00bbtitle\\\u00a0\u00bb:\\\u00a0\u00bbSaint-Junien\\\u00a0\u00bb},{\\\u00a0\u00bbpath\\\u00a0\u00bb:\\\u00a0\u00bb\/nouvelle-aquitaine\/haute-vienne-87\/saint-yrieix-la-perche-87187\\\u00a0\u00bb,\\\u00a0\u00bbtitle\\\u00a0\u00bb:\\\u00a0\u00bbSaint-Yrieix-la-Perche\\\u00a0\u00bb},{\\\u00a0\u00bbpath\\\u00a0\u00bb:\\\u00a0\u00bb\/nouvelle-aquitaine\/haute-vienne-87\/ambazac-87002\\\u00a0\u00bb,\\\u00a0\u00bbtitle\\\u00a0\u00bb:\\\u00a0\u00bbAmbazac\\\u00a0\u00bb},{\\\u00a0\u00bbpath\\\u00a0\u00bb:\\\u00a0\u00bb\/nouvelle-aquitaine\/haute-vienne-87\/palais-sur-vienne-87113\\\u00a0\u00bb,\\\u00a0\u00bbtitle\\\u00a0\u00bb:\\\u00a0\u00bbLe Palais-sur-Vienne\\\u00a0\u00bb}]},{\\\u00a0\u00bbslug\\\u00a0\u00bb:\\\u00a0\u00bblandes-40\\\u00a0\u00bb,\\\u00a0\u00bbtitle\\\u00a0\u00bb:\\\u00a0\u00bbLandes\\\u00a0\u00bb,\\\u00a0\u00bbtitleArticle\\\u00a0\u00bb:\\\u00a0\u00bbdes \\\u00a0\u00bb,\\\u00a0\u00bblocale\\\u00a0\u00bb:{\\\u00a0\u00bbmain\\\u00a0\u00bb:\\\u00a0\u00bbgascogne\\\u00a0\u00bb,\\\u00a0\u00bbnearest\\\u00a0\u00bb:[]},\\\u00a0\u00bbnearestDepartment\\\u00a0\u00bb:[\\\u00a0\u00bbgironde-33\\\u00a0\u00bb,\\\u00a0\u00bblot-et-garonne-47\\\u00a0\u00bb,\\\u00a0\u00bbgers-32\\\u00a0\u00bb,\\\u00a0\u00bbpyrenees-atlantiques-64\\\u00a0\u00bb],\\\u00a0\u00bbcities\\\u00a0\u00bb:[{\\\u00a0\u00bbpath\\\u00a0\u00bb:\\\u00a0\u00bb\/nouvelle-aquitaine\/landes-40\/biscarrosse-40046\\\u00a0\u00bb,\\\u00a0\u00bbtitle\\\u00a0\u00bb:\\\u00a0\u00bbBiscarrosse\\\u00a0\u00bb},{\\\u00a0\u00bbpath\\\u00a0\u00bb:\\\u00a0\u00bb\/nouvelle-aquitaine\/landes-40\/capbreton-40065\\\u00a0\u00bb,\\\u00a0\u00bbtitle\\\u00a0\u00bb:\\\u00a0\u00bbCapbreton\\\u00a0\u00bb},{\\\u00a0\u00bbpath\\\u00a0\u00bb:\\\u00a0\u00bb\/nouvelle-aquitaine\/landes-40\/dax-40088\\\u00a0\u00bb,\\\u00a0\u00bbtitle\\\u00a0\u00bb:\\\u00a0\u00bbDax\\\u00a0\u00bb},{\\\u00a0\u00bbpath\\\u00a0\u00bb:\\\u00a0\u00bb\/nouvelle-aquitaine\/landes-40\/mont-de-marsan-40192\\\u00a0\u00bb,\\\u00a0\u00bbtitle\\\u00a0\u00bb:\\\u00a0\u00bbMont-de-Marsan\\\u00a0\u00bb},{\\\u00a0\u00bbpath\\\u00a0\u00bb:\\\u00a0\u00bb\/nouvelle-aquitaine\/landes-40\/saint-paul-les-dax-40279\\\u00a0\u00bb,\\\u00a0\u00bbtitle\\\u00a0\u00bb:\\\u00a0\u00bbSaint-Paul-l\u00e8s-Dax\\\u00a0\u00bb},{\\\u00a0\u00bbpath\\\u00a0\u00bb:\\\u00a0\u00bb\/nouvelle-aquitaine\/landes-40\/saint-pierre-du-mont-40281\\\u00a0\u00bb,\\\u00a0\u00bbtitle\\\u00a0\u00bb:\\\u00a0\u00bbSaint-Pierre-du-Mont\\\u00a0\u00bb},{\\\u00a0\u00bbpath\\\u00a0\u00bb:\\\u00a0\u00bb\/nouvelle-aquitaine\/landes-40\/saint-vincent-de-tyrosse-40284\\\u00a0\u00bb,\\\u00a0\u00bbtitle\\\u00a0\u00bb:\\\u00a0\u00bbSaint-Vincent-de-Tyrosse\\\u00a0\u00bb},{\\\u00a0\u00bbpath\\\u00a0\u00bb:\\\u00a0\u00bb\/nouvelle-aquitaine\/landes-40\/soustons-40310\\\u00a0\u00bb,\\\u00a0\u00bbtitle\\\u00a0\u00bb:\\\u00a0\u00bbSoustons\\\u00a0\u00bb},{\\\u00a0\u00bbpath\\\u00a0\u00bb:\\\u00a0\u00bb\/nouvelle-aquitaine\/landes-40\/tarnos-40312\\\u00a0\u00bb,\\\u00a0\u00bbtitle\\\u00a0\u00bb:\\\u00a0\u00bbTarnos\\\u00a0\u00bb},{\\\u00a0\u00bbpath\\\u00a0\u00bb:\\\u00a0\u00bb\/nouvelle-aquitaine\/landes-40\/mimizan-40184\\\u00a0\u00bb,\\\u00a0\u00bbtitle\\\u00a0\u00bb:\\\u00a0\u00bbMimizan\\\u00a0\u00bb}]},{\\\u00a0\u00bbslug\\\u00a0\u00bb:\\\u00a0\u00bblot-et-garonne-47\\\u00a0\u00bb,\\\u00a0\u00bbtitle\\\u00a0\u00bb:\\\u00a0\u00bbLot-et-Garonne\\\u00a0\u00bb,\\\u00a0\u00bbtitleArticle\\\u00a0\u00bb:\\\u00a0\u00bbdu \\\u00a0\u00bb,\\\u00a0\u00bbtitleHtml\\\u00a0\u00bb:\\\u00a0\u00bbLot-et\u2011Garonne\\\u00a0\u00bb,\\\u00a0\u00bblocale\\\u00a0\u00bb:{\\\u00a0\u00bbnearest\\\u00a0\u00bb:[\\\u00a0\u00bbgironde\\\u00a0\u00bb,\\\u00a0\u00bbtoulouse\\\u00a0\u00bb]},\\\u00a0\u00bbnearestDepartment\\\u00a0\u00bb:[\\\u00a0\u00bbgironde-33\\\u00a0\u00bb,\\\u00a0\u00bbdordogne-24\\\u00a0\u00bb,\\\u00a0\u00bblot-46\\\u00a0\u00bb,\\\u00a0\u00bbtarn-et-garonne-82\\\u00a0\u00bb,\\\u00a0\u00bbgers-32\\\u00a0\u00bb,\\\u00a0\u00bblandes-40\\\u00a0\u00bb],\\\u00a0\u00bbcities\\\u00a0\u00bb:[{\\\u00a0\u00bbpath\\\u00a0\u00bb:\\\u00a0\u00bb\/nouvelle-aquitaine\/lot-et-garonne-47\/agen-47001\\\u00a0\u00bb,\\\u00a0\u00bbtitle\\\u00a0\u00bb:\\\u00a0\u00bbAgen\\\u00a0\u00bb},{\\\u00a0\u00bbpath\\\u00a0\u00bb:\\\u00a0\u00bb\/nouvelle-aquitaine\/lot-et-garonne-47\/bon-encontre-47032\\\u00a0\u00bb,\\\u00a0\u00bbtitle\\\u00a0\u00bb:\\\u00a0\u00bbBon-Encontre\\\u00a0\u00bb},{\\\u00a0\u00bbpath\\\u00a0\u00bb:\\\u00a0\u00bb\/nouvelle-aquitaine\/lot-et-garonne-47\/boe-47031\\\u00a0\u00bb,\\\u00a0\u00bbtitle\\\u00a0\u00bb:\\\u00a0\u00bbBo\u00e9\\\u00a0\u00bb},{\\\u00a0\u00bbpath\\\u00a0\u00bb:\\\u00a0\u00bb\/nouvelle-aquitaine\/lot-et-garonne-47\/marmande-47157\\\u00a0\u00bb,\\\u00a0\u00bbtitle\\\u00a0\u00bb:\\\u00a0\u00bbMarmande\\\u00a0\u00bb},{\\\u00a0\u00bbpath\\\u00a0\u00bb:\\\u00a0\u00bb\/nouvelle-aquitaine\/lot-et-garonne-47\/nerac-47195\\\u00a0\u00bb,\\\u00a0\u00bbtitle\\\u00a0\u00bb:\\\u00a0\u00bbN\u00e9rac\\\u00a0\u00bb},{\\\u00a0\u00bbpath\\\u00a0\u00bb:\\\u00a0\u00bb\/nouvelle-aquitaine\/lot-et-garonne-47\/sainte-livrade-sur-lot-47252\\\u00a0\u00bb,\\\u00a0\u00bbtitle\\\u00a0\u00bb:\\\u00a0\u00bbSainte-Livrade-sur-Lot\\\u00a0\u00bb},{\\\u00a0\u00bbpath\\\u00a0\u00bb:\\\u00a0\u00bb\/nouvelle-aquitaine\/lot-et-garonne-47\/tonneins-47310\\\u00a0\u00bb,\\\u00a0\u00bbtitle\\\u00a0\u00bb:\\\u00a0\u00bbTonneins\\\u00a0\u00bb},{\\\u00a0\u00bbpath\\\u00a0\u00bb:\\\u00a0\u00bb\/nouvelle-aquitaine\/lot-et-garonne-47\/villeneuve-sur-lot-47323\\\u00a0\u00bb,\\\u00a0\u00bbtitle\\\u00a0\u00bb:\\\u00a0\u00bbVilleneuve-sur-Lot\\\u00a0\u00bb},{\\\u00a0\u00bbpath\\\u00a0\u00bb:\\\u00a0\u00bb\/nouvelle-aquitaine\/lot-et-garonne-47\/foulayronnes-47100\\\u00a0\u00bb,\\\u00a0\u00bbtitle\\\u00a0\u00bb:\\\u00a0\u00bbFoulayronnes\\\u00a0\u00bb},{\\\u00a0\u00bbpath\\\u00a0\u00bb:\\\u00a0\u00bb\/nouvelle-aquitaine\/lot-et-garonne-47\/passage-47201\\\u00a0\u00bb,\\\u00a0\u00bbtitle\\\u00a0\u00bb:\\\u00a0\u00bbLe Passage\\\u00a0\u00bb}]},{\\\u00a0\u00bbslug\\\u00a0\u00bb:\\\u00a0\u00bbpyrenees-atlantiques-64\\\u00a0\u00bb,\\\u00a0\u00bbtitle\\\u00a0\u00bb:\\\u00a0\u00bbPyr\u00e9n\u00e9es-Atlantiques\\\u00a0\u00bb,\\\u00a0\u00bbtitleArticle\\\u00a0\u00bb:\\\u00a0\u00bbdes \\\u00a0\u00bb,\\\u00a0\u00bblocale\\\u00a0\u00bb:{\\\u00a0\u00bbmain\\\u00a0\u00bb:\\\u00a0\u00bbbearn\\\u00a0\u00bb,\\\u00a0\u00bbnearest\\\u00a0\u00bb:[\\\u00a0\u00bbpays-basque\\\u00a0\u00bb]},\\\u00a0\u00bbnearestDepartment\\\u00a0\u00bb:[\\\u00a0\u00bblandes-40\\\u00a0\u00bb,\\\u00a0\u00bbgers-32\\\u00a0\u00bb,\\\u00a0\u00bbhautes-pyrenees-65\\\u00a0\u00bb],\\\u00a0\u00bbcities\\\u00a0\u00bb:[{\\\u00a0\u00bbpath\\\u00a0\u00bb:\\\u00a0\u00bb\/nouvelle-aquitaine\/pyrenees-atlantiques-64\/anglet-64024\\\u00a0\u00bb,\\\u00a0\u00bbtitle\\\u00a0\u00bb:\\\u00a0\u00bbAnglet\\\u00a0\u00bb},{\\\u00a0\u00bbpath\\\u00a0\u00bb:\\\u00a0\u00bb\/nouvelle-aquitaine\/pyrenees-atlantiques-64\/bayonne-64102\\\u00a0\u00bb,\\\u00a0\u00bbtitle\\\u00a0\u00bb:\\\u00a0\u00bbBayonne\\\u00a0\u00bb},{\\\u00a0\u00bbpath\\\u00a0\u00bb:\\\u00a0\u00bb\/nouvelle-aquitaine\/pyrenees-atlantiques-64\/biarritz-64122\\\u00a0\u00bb,\\\u00a0\u00bbtitle\\\u00a0\u00bb:\\\u00a0\u00bbBiarritz\\\u00a0\u00bb},{\\\u00a0\u00bbpath\\\u00a0\u00bb:\\\u00a0\u00bb\/nouvelle-aquitaine\/pyrenees-atlantiques-64\/billere-64129\\\u00a0\u00bb,\\\u00a0\u00bbtitle\\\u00a0\u00bb:\\\u00a0\u00bbBill\u00e8re\\\u00a0\u00bb},{\\\u00a0\u00bbpath\\\u00a0\u00bb:\\\u00a0\u00bb\/nouvelle-aquitaine\/pyrenees-atlantiques-64\/hendaye-64260\\\u00a0\u00bb,\\\u00a0\u00bbtitle\\\u00a0\u00bb:\\\u00a0\u00bbHendaye\\\u00a0\u00bb},{\\\u00a0\u00bbpath\\\u00a0\u00bb:\\\u00a0\u00bb\/nouvelle-aquitaine\/pyrenees-atlantiques-64\/lons-64348\\\u00a0\u00bb,\\\u00a0\u00bbtitle\\\u00a0\u00bb:\\\u00a0\u00bbLons\\\u00a0\u00bb},{\\\u00a0\u00bbpath\\\u00a0\u00bb:\\\u00a0\u00bb\/nouvelle-aquitaine\/pyrenees-atlantiques-64\/oloron-sainte-marie-64422\\\u00a0\u00bb,\\\u00a0\u00bbtitle\\\u00a0\u00bb:\\\u00a0\u00bbOloron-Sainte-Marie\\\u00a0\u00bb},{\\\u00a0\u00bbpath\\\u00a0\u00bb:\\\u00a0\u00bb\/nouvelle-aquitaine\/pyrenees-atlantiques-64\/pau-64445\\\u00a0\u00bb,\\\u00a0\u00bbtitle\\\u00a0\u00bb:\\\u00a0\u00bbPau\\\u00a0\u00bb},{\\\u00a0\u00bbpath\\\u00a0\u00bb:\\\u00a0\u00bb\/nouvelle-aquitaine\/pyrenees-atlantiques-64\/saint-jean-de-luz-64483\\\u00a0\u00bb,\\\u00a0\u00bbtitle\\\u00a0\u00bb:\\\u00a0\u00bbSaint-Jean-de-Luz\\\u00a0\u00bb},{\\\u00a0\u00bbpath\\\u00a0\u00bb:\\\u00a0\u00bb\/nouvelle-aquitaine\/pyrenees-atlantiques-64\/orthez-64430\\\u00a0\u00bb,\\\u00a0\u00bbtitle\\\u00a0\u00bb:\\\u00a0\u00bbOrthez\\\u00a0\u00bb}]},{\\\u00a0\u00bbslug\\\u00a0\u00bb:\\\u00a0\u00bbvienne-86\\\u00a0\u00bb,\\\u00a0\u00bbtitle\\\u00a0\u00bb:\\\u00a0\u00bbVienne\\\u00a0\u00bb,\\\u00a0\u00bbtitleArticle\\\u00a0\u00bb:\\\u00a0\u00bbde \\\u00a0\u00bb,\\\u00a0\u00bblocale\\\u00a0\u00bb:{\\\u00a0\u00bbmain\\\u00a0\u00bb:\\\u00a0\u00bbpoitou\\\u00a0\u00bb,\\\u00a0\u00bbnearest\\\u00a0\u00bb:[]},\\\u00a0\u00bbnearestDepartment\\\u00a0\u00bb:[\\\u00a0\u00bbmaine-et-loire-49\\\u00a0\u00bb,\\\u00a0\u00bbindre-et-loire-37\\\u00a0\u00bb,\\\u00a0\u00bbindre-36\\\u00a0\u00bb,\\\u00a0\u00bbhaute-vienne-87\\\u00a0\u00bb,\\\u00a0\u00bbcharente-16\\\u00a0\u00bb,\\\u00a0\u00bbdeux-sevres-79\\\u00a0\u00bb],\\\u00a0\u00bbcities\\\u00a0\u00bb:[{\\\u00a0\u00bbpath\\\u00a0\u00bb:\\\u00a0\u00bb\/nouvelle-aquitaine\/vienne-86\/buxerolles-86041\\\u00a0\u00bb,\\\u00a0\u00bbtitle\\\u00a0\u00bb:\\\u00a0\u00bbBuxerolles\\\u00a0\u00bb},{\\\u00a0\u00bbpath\\\u00a0\u00bb:\\\u00a0\u00bb\/nouvelle-aquitaine\/vienne-86\/chauvigny-86070\\\u00a0\u00bb,\\\u00a0\u00bbtitle\\\u00a0\u00bb:\\\u00a0\u00bbChauvigny\\\u00a0\u00bb},{\\\u00a0\u00bbpath\\\u00a0\u00bb:\\\u00a0\u00bb\/nouvelle-aquitaine\/vienne-86\/chatellerault-86066\\\u00a0\u00bb,\\\u00a0\u00bbtitle\\\u00a0\u00bb:\\\u00a0\u00bbCh\u00e2tellerault\\\u00a0\u00bb},{\\\u00a0\u00bbpath\\\u00a0\u00bb:\\\u00a0\u00bb\/nouvelle-aquitaine\/vienne-86\/jaunay-marigny-86115\\\u00a0\u00bb,\\\u00a0\u00bbtitle\\\u00a0\u00bb:\\\u00a0\u00bbJaunay-Marigny\\\u00a0\u00bb},{\\\u00a0\u00bbpath\\\u00a0\u00bb:\\\u00a0\u00bb\/nouvelle-aquitaine\/vienne-86\/loudun-86137\\\u00a0\u00bb,\\\u00a0\u00bbtitle\\\u00a0\u00bb:\\\u00a0\u00bbLoudun\\\u00a0\u00bb},{\\\u00a0\u00bbpath\\\u00a0\u00bb:\\\u00a0\u00bb\/nouvelle-aquitaine\/vienne-86\/migne-auxances-86158\\\u00a0\u00bb,\\\u00a0\u00bbtitle\\\u00a0\u00bb:\\\u00a0\u00bbMign\u00e9-Auxances\\\u00a0\u00bb},{\\\u00a0\u00bbpath\\\u00a0\u00bb:\\\u00a0\u00bb\/nouvelle-aquitaine\/vienne-86\/montmorillon-86165\\\u00a0\u00bb,\\\u00a0\u00bbtitle\\\u00a0\u00bb:\\\u00a0\u00bbMontmorillon\\\u00a0\u00bb},{\\\u00a0\u00bbpath\\\u00a0\u00bb:\\\u00a0\u00bb\/nouvelle-aquitaine\/vienne-86\/poitiers-86194\\\u00a0\u00bb,\\\u00a0\u00bbtitle\\\u00a0\u00bb:\\\u00a0\u00bbPoitiers\\\u00a0\u00bb},{\\\u00a0\u00bbpath\\\u00a0\u00bb:\\\u00a0\u00bb\/nouvelle-aquitaine\/vienne-86\/saint-benoit-86214\\\u00a0\u00bb,\\\u00a0\u00bbtitle\\\u00a0\u00bb:\\\u00a0\u00bbSaint-Beno\u00eet\\\u00a0\u00bb},{\\\u00a0\u00bbpath\\\u00a0\u00bb:\\\u00a0\u00bb\/nouvelle-aquitaine\/vienne-86\/naintre-86174\\\u00a0\u00bb,\\\u00a0\u00bbtitle\\\u00a0\u00bb:\\\u00a0\u00bbNaintr\u00e9\\\u00a0\u00bb}]}],\\\u00a0\u00bbtitleArticle\\\u00a0\u00bb:\\\u00a0\u00bbde \\\u00a0\u00bb,\\\u00a0\u00bbnearestRegion\\\u00a0\u00bb:[\\\u00a0\u00bbpays-de-la-loire\\\u00a0\u00bb,\\\u00a0\u00bbcentre-val-de-loire\\\u00a0\u00bb,\\\u00a0\u00bbauvergne-rhone-alpes\\\u00a0\u00bb,\\\u00a0\u00bboccitanie\\\u00a0\u00bb],\\\u00a0\u00bbnearestLocales\\\u00a0\u00bb:[\\\u00a0\u00bbla-rochelle\\\u00a0\u00bb,\\\u00a0\u00bbcreuse\\\u00a0\u00bb,\\\u00a0\u00bbperigord\\\u00a0\u00bb,\\\u00a0\u00bbgironde\\\u00a0\u00bb,\\\u00a0\u00bblimousin\\\u00a0\u00bb,\\\u00a0\u00bbgascogne\\\u00a0\u00bb,\\\u00a0\u00bbpays-basque\\\u00a0\u00bb,\\\u00a0\u00bbbearn\\\u00a0\u00bb,\\\u00a0\u00bbpoitou\\\u00a0\u00bb]},\\\u00a0\u00bbdepartment\\\u00a0\u00bb:{\\\u00a0\u00bbslug\\\u00a0\u00bb:\\\u00a0\u00bbcreuse-23\\\u00a0\u00bb,\\\u00a0\u00bbtitle\\\u00a0\u00bb:\\\u00a0\u00bbCreuse\\\u00a0\u00bb,\\\u00a0\u00bbtitleArticle\\\u00a0\u00bb:\\\u00a0\u00bbde \\\u00a0\u00bb,\\\u00a0\u00bblocale\\\u00a0\u00bb:{\\\u00a0\u00bbmain\\\u00a0\u00bb:\\\u00a0\u00bbcreuse\\\u00a0\u00bb,\\\u00a0\u00bbnearest\\\u00a0\u00bb:[]},\\\u00a0\u00bbnearestDepartment\\\u00a0\u00bb:[\\\u00a0\u00bbindre-36\\\u00a0\u00bb,\\\u00a0\u00bbcher-18\\\u00a0\u00bb,\\\u00a0\u00bballier-03\\\u00a0\u00bb,\\\u00a0\u00bbpuy-de-dome-63\\\u00a0\u00bb,\\\u00a0\u00bbcorreze-19\\\u00a0\u00bb,\\\u00a0\u00bbhaute-vienne-87\\\u00a0\u00bb],\\\u00a0\u00bbcities\\\u00a0\u00bb:[{\\\u00a0\u00bbpath\\\u00a0\u00bb:\\\u00a0\u00bb\/nouvelle-aquitaine\/creuse-23\/aubusson-23008\\\u00a0\u00bb,\\\u00a0\u00bbtitle\\\u00a0\u00bb:\\\u00a0\u00bbAubusson\\\u00a0\u00bb},{\\\u00a0\u00bbpath\\\u00a0\u00bb:\\\u00a0\u00bb\/nouvelle-aquitaine\/creuse-23\/bourganeuf-23030\\\u00a0\u00bb,\\\u00a0\u00bbtitle\\\u00a0\u00bb:\\\u00a0\u00bbBourganeuf\\\u00a0\u00bb},{\\\u00a0\u00bbpath\\\u00a0\u00bb:\\\u00a0\u00bb\/nouvelle-aquitaine\/creuse-23\/felletin-23079\\\u00a0\u00bb,\\\u00a0\u00bbtitle\\\u00a0\u00bb:\\\u00a0\u00bbFelletin\\\u00a0\u00bb},{\\\u00a0\u00bbpath\\\u00a0\u00bb:\\\u00a0\u00bb\/nouvelle-aquitaine\/creuse-23\/gouzon-23093\\\u00a0\u00bb,\\\u00a0\u00bbtitle\\\u00a0\u00bb:\\\u00a0\u00bbGouzon\\\u00a0\u00bb},{\\\u00a0\u00bbpath\\\u00a0\u00bb:\\\u00a0\u00bb\/nouvelle-aquitaine\/creuse-23\/gueret-23096\\\u00a0\u00bb,\\\u00a0\u00bbtitle\\\u00a0\u00bb:\\\u00a0\u00bbGu\u00e9ret\\\u00a0\u00bb},{\\\u00a0\u00bbpath\\\u00a0\u00bb:\\\u00a0\u00bb\/nouvelle-aquitaine\/creuse-23\/saint-sulpice-le-gueretois-23245\\\u00a0\u00bb,\\\u00a0\u00bbtitle\\\u00a0\u00bb:\\\u00a0\u00bbSaint-Sulpice-le-Gu\u00e9r\u00e9tois\\\u00a0\u00bb},{\\\u00a0\u00bbpath\\\u00a0\u00bb:\\\u00a0\u00bb\/nouvelle-aquitaine\/creuse-23\/saint-vaury-23247\\\u00a0\u00bb,\\\u00a0\u00bbtitle\\\u00a0\u00bb:\\\u00a0\u00bbSaint-Vaury\\\u00a0\u00bb},{\\\u00a0\u00bbpath\\\u00a0\u00bb:\\\u00a0\u00bb\/nouvelle-aquitaine\/creuse-23\/sainte-feyre-23193\\\u00a0\u00bb,\\\u00a0\u00bbtitle\\\u00a0\u00bb:\\\u00a0\u00bbSainte-Feyre\\\u00a0\u00bb},{\\\u00a0\u00bbpath\\\u00a0\u00bb:\\\u00a0\u00bb\/nouvelle-aquitaine\/creuse-23\/fursac-23192\\\u00a0\u00bb,\\\u00a0\u00bbtitle\\\u00a0\u00bb:\\\u00a0\u00bbFursac\\\u00a0\u00bb},{\\\u00a0\u00bbpath\\\u00a0\u00bb:\\\u00a0\u00bb\/nouvelle-aquitaine\/creuse-23\/souterraine-23176\\\u00a0\u00bb,\\\u00a0\u00bbtitle\\\u00a0\u00bb:\\\u00a0\u00bbLa Souterraine\\\u00a0\u00bb}],\\\u00a0\u00bbregionSlug\\\u00a0\u00bb:\\\u00a0\u00bbnouvelle-aquitaine\\\u00a0\u00bb},\\\u00a0\u00bbcity\\\u00a0\u00bb:{\\\u00a0\u00bbtitle\\\u00a0\u00bb:\\\u00a0\u00bbSermur\\\u00a0\u00bb,\\\u00a0\u00bbslug\\\u00a0\u00bb:\\\u00a0\u00bbsermur-23171\\\u00a0\u00bb,\\\u00a0\u00bbinseeCode\\\u00a0\u00bb:\\\u00a0\u00bb23171\\\u00a0\u00bb}}],\\\u00a0\u00bbeditorialInfo\\\u00a0\u00bb:{\\\u00a0\u00bbstrPublishedDate\\\u00a0\u00bb:\\\u00a0\u00bbvendredi 18 juillet 2025 \u00e0 16:00\\\u00a0\u00bb,\\\u00a0\u00bbpublishedDateISOString\\\u00a0\u00bb:\\\u00a0\u00bb2025-07-18T14:00:03.000Z\\\u00a0\u00bb,\\\u00a0\u00bbstrManualUpdate\\\u00a0\u00bb:null,\\\u00a0\u00bbmanualUpdateISOString\\\u00a0\u00bb:null,\\\u00a0\u00bbauthors\\\u00a0\u00bb:[{\\\u00a0\u00bbtitle\\\u00a0\u00bb:\\\u00a0\u00bbCamille Andr\u00e9\\\u00a0\u00bb,\\\u00a0\u00bbpath\\\u00a0\u00bb:\\\u00a0\u00bbles-equipes\/camille-andre\\\u00a0\u00bb,\\\u00a0\u00bbvisual\\\u00a0\u00bb:{\\\u00a0\u00bbsquare\\\u00a0\u00bb:{\\\u00a0\u00bbjpg\\\u00a0\u00bb:[{\\\u00a0\u00bbw\\\u00a0\u00bb:120,\\\u00a0\u00bburl\\\u00a0\u00bb:\\\u00a0\u00bbhttps:\/\/www.francebleu.fr\/s3\/cruiser-production\/2023\/08\/e760d730-f89c-4a83-84f1-c3b2f6a8a693\/120x120_sc_creuse_-_andre_camille_-_1300x1300.jpg\\\u00a0\u00bb},{\\\u00a0\u00bbw\\\u00a0\u00bb:200,\\\u00a0\u00bburl\\\u00a0\u00bb:\\\u00a0\u00bbhttps:\/\/www.francebleu.fr\/s3\/cruiser-production\/2023\/08\/e760d730-f89c-4a83-84f1-c3b2f6a8a693\/200x200_sc_creuse_-_andre_camille_-_1300x1300.jpg\\\u00a0\u00bb},{\\\u00a0\u00bbw\\\u00a0\u00bb:400,\\\u00a0\u00bburl\\\u00a0\u00bb:\\\u00a0\u00bbhttps:\/\/www.francebleu.fr\/s3\/cruiser-production-eu3\/2023\/08\/e760d730-f89c-4a83-84f1-c3b2f6a8a693\/400x400_sc_creuse_-_andre_camille_-_1300x1300.jpg\\\u00a0\u00bb}],\\\u00a0\u00bbwebp\\\u00a0\u00bb:[{\\\u00a0\u00bbw\\\u00a0\u00bb:120,\\\u00a0\u00bburl\\\u00a0\u00bb:\\\u00a0\u00bbhttps:\/\/www.francebleu.fr\/s3\/cruiser-production\/2023\/08\/e760d730-f89c-4a83-84f1-c3b2f6a8a693\/120x120_sc_creuse_-_andre_camille_-_1300x1300.webp\\\u00a0\u00bb},{\\\u00a0\u00bbw\\\u00a0\u00bb:200,\\\u00a0\u00bburl\\\u00a0\u00bb:\\\u00a0\u00bbhttps:\/\/www.francebleu.fr\/s3\/cruiser-production\/2023\/08\/e760d730-f89c-4a83-84f1-c3b2f6a8a693\/200x200_sc_creuse_-_andre_camille_-_1300x1300.webp\\\u00a0\u00bb},{\\\u00a0\u00bbw\\\u00a0\u00bb:400,\\\u00a0\u00bburl\\\u00a0\u00bb:\\\u00a0\u00bbhttps:\/\/www.francebleu.fr\/s3\/cruiser-production-eu3\/2023\/08\/e760d730-f89c-4a83-84f1-c3b2f6a8a693\/400x400_sc_creuse_-_andre_camille_-_1300x1300.webp\\\u00a0\u00bb}]},\\\u00a0\u00bbnormal\\\u00a0\u00bb:{\\\u00a0\u00bbjpg\\\u00a0\u00bb:[],\\\u00a0\u00bbwebp\\\u00a0\u00bb:[]},\\\u00a0\u00bbpreview\\\u00a0\u00bb:\\\u00a0\u00bbdata:image\/jpeg;base64,\/9j\/2wBDACgcHiMeGSgjISMtKygwPGRBPDc3PHtYXUlkkYCZlo+AjIqgtObDoKrarYqMyP\/L2u71\/\/\/\/m8H\/\/\/\/6\/+b9\/\/j\/2wBDASstLTw1PHZBQXb4pYyl+Pj4+Pj4+Pj4+Pj4+Pj4+Pj4+Pj4+Pj4+Pj4+Pj4+Pj4+Pj4+Pj4+Pj4+Pj4+Pj4+Pj\/wAARCAAqACoDASIAAhEBAxEB\/8QAGQABAQEBAQEAAAAAAAAAAAAAAwQCAQAF\/8QAGxABAQEBAQEBAQAAAAAAAAAAAAIBAxESIUH\/xAAWAQEBAQAAAAAAAAAAAAAAAAAAAgH\/xAAWEQEBAQAAAAAAAAAAAAAAAAAAARH\/2gAMAwEAAhEDEQA\/APrbrG0zViq0hvp3KTfbWWyinNe9FlO\/SdE92Gra6amulhfsk2kyixRYLJpr0MaRFgHpiTos6o+q4D9\/S89D\/TclCvmfwPI6R\/\/Z\\\u00a0\u00bb,\\\u00a0\u00bblegend\\\u00a0\u00bb:\\\u00a0\u00bbCamille Andr\u00e9, journaliste \u00e0 France Bleu Creuse\\\u00a0\u00bb}}]},\\\u00a0\u00bbvisual\\\u00a0\u00bb:{\\\u00a0\u00bbsquare\\\u00a0\u00bb:{\\\u00a0\u00bbjpg\\\u00a0\u00bb:[],\\\u00a0\u00bbwebp\\\u00a0\u00bb:[]},\\\u00a0\u00bbnormal\\\u00a0\u00bb:{\\\u00a0\u00bbjpg\\\u00a0\u00bb:[{\\\u00a0\u00bbw\\\u00a0\u00bb:320,\\\u00a0\u00bburl\\\u00a0\u00bb:\\\u00a0\u00bbhttps:\/\/www.francebleu.fr\/s3\/cruiser-production-eu3\/2025\/07\/13d8cf4a-bba2-47b1-b1d1-0ffecf2008d0\/320x170_sc_207289-c4u5pxi52x-whr.jpg\\\u00a0\u00bb},{\\\u00a0\u00bbw\\\u00a0\u00bb:560,\\\u00a0\u00bburl\\\u00a0\u00bb:\\\u00a0\u00bbhttps:\/\/www.francebleu.fr\/s3\/cruiser-production-eu3\/2025\/07\/13d8cf4a-bba2-47b1-b1d1-0ffecf2008d0\/560x315_sc_207289-c4u5pxi52x-whr.jpg\\\u00a0\u00bb},{\\\u00a0\u00bbw\\\u00a0\u00bb:1191,\\\u00a0\u00bburl\\\u00a0\u00bb:\\\u00a0\u00bbhttps:\/\/www.francebleu.fr\/s3\/cruiser-production-eu3\/2025\/07\/13d8cf4a-bba2-47b1-b1d1-0ffecf2008d0\/1200x680_sc_207289-c4u5pxi52x-whr.jpg\\\u00a0\u00bb}],\\\u00a0\u00bbwebp\\\u00a0\u00bb:[{\\\u00a0\u00bbw\\\u00a0\u00bb:320,\\\u00a0\u00bburl\\\u00a0\u00bb:\\\u00a0\u00bbhttps:\/\/www.francebleu.fr\/s3\/cruiser-production-eu3\/2025\/07\/13d8cf4a-bba2-47b1-b1d1-0ffecf2008d0\/320x170_sc_207289-c4u5pxi52x-whr.webp\\\u00a0\u00bb},{\\\u00a0\u00bbw\\\u00a0\u00bb:560,\\\u00a0\u00bburl\\\u00a0\u00bb:\\\u00a0\u00bbhttps:\/\/www.francebleu.fr\/s3\/cruiser-production-eu3\/2025\/07\/13d8cf4a-bba2-47b1-b1d1-0ffecf2008d0\/560x315_sc_207289-c4u5pxi52x-whr.webp\\\u00a0\u00bb},{\\\u00a0\u00bbw\\\u00a0\u00bb:1191,\\\u00a0\u00bburl\\\u00a0\u00bb:\\\u00a0\u00bbhttps:\/\/www.francebleu.fr\/s3\/cruiser-production-eu3\/2025\/07\/13d8cf4a-bba2-47b1-b1d1-0ffecf2008d0\/1200x680_sc_207289-c4u5pxi52x-whr.webp\\\u00a0\u00bb}]},\\\u00a0\u00bbpreview\\\u00a0\u00bb:\\\u00a0\u00bbdata:image\/jpeg;base64,\/9j\/2wBDACgcHiMeGSgjISMtKygwPGRBPDc3PHtYXUlkkYCZlo+AjIqgtObDoKrarYqMyP\/L2u71\/\/\/\/m8H\/\/\/\/6\/+b9\/\/j\/2wBDASstLTw1PHZBQXb4pYyl+Pj4+Pj4+Pj4+Pj4+Pj4+Pj4+Pj4+Pj4+Pj4+Pj4+Pj4+Pj4+Pj4+Pj4+Pj4+Pj4+Pj\/wAARCAAXACoDASIAAhEBAxEB\/8QAGAAAAwEBAAAAAAAAAAAAAAAAAAIDAQT\/xAAYEAEBAQEBAAAAAAAAAAAAAAAAAQIDEf\/EABYBAQEBAAAAAAAAAAAAAAAAAAECAP\/EABQRAQAAAAAAAAAAAAAAAAAAAAD\/2gAMAwEAAhEDEQA\/AKyHkZDRJZYlvK6e4S4+mUfHV0iHjB3SmlASTSs0AWQ6RABQf\/\/Z\\\u00a0\u00bb,\\\u00a0\u00bblegend\\\u00a0\u00bb:\\\u00a0\u00bbUne aquarelle en cours de cr\u00e9ation\\\u00a0\u00bb,\\\u00a0\u00bbcopyright\\\u00a0\u00bb:\\\u00a0\u00bbRadio France\\\u00a0\u00bb,\\\u00a0\u00bbauthor\\\u00a0\u00bb:\\\u00a0\u00bbAnne Douhaire\\\u00a0\u00bb}}},\\\u00a0\u00bbdisplay\\\u00a0\u00bb:{\\\u00a0\u00bbnewsFlash\\\u00a0\u00bb:[],\\\u00a0\u00bbhighBanner\\\u00a0\u00bb:true}}\u00a0\u00bb}<\/p>\n","protected":false},"excerpt":{"rendered":"La commune de Sermur, situ\u00e9e au sud-est de la Creuse organise ce samedi 19 juillet une journ\u00e9e peinture.&hellip;\n","protected":false},"author":2,"featured_media":261270,"comment_status":"","ping_status":"","sticky":false,"template":"","format":"standard","meta":{"footnotes":""},"categories":[1358],"tags":[1348,1384,1385,1386,58,59,1011,27],"class_list":{"0":"post-261269","1":"post","2":"type-post","3":"status-publish","4":"format-standard","5":"has-post-thumbnail","7":"category-arts-et-design","8":"tag-arts","9":"tag-arts-and-design","10":"tag-arts-et-design","11":"tag-design","12":"tag-divertissement","13":"tag-entertainment","14":"tag-fr","15":"tag-france"},"share_on_mastodon":{"url":"https:\/\/pubeurope.com\/@fr\/114886064555381236","error":""},"_links":{"self":[{"href":"https:\/\/www.europesays.com\/fr\/wp-json\/wp\/v2\/posts\/261269","targetHints":{"allow":["GET"]}}],"collection":[{"href":"https:\/\/www.europesays.com\/fr\/wp-json\/wp\/v2\/posts"}],"about":[{"href":"https:\/\/www.europesays.com\/fr\/wp-json\/wp\/v2\/types\/post"}],"author":[{"embeddable":true,"href":"https:\/\/www.europesays.com\/fr\/wp-json\/wp\/v2\/users\/2"}],"replies":[{"embeddable":true,"href":"https:\/\/www.europesays.com\/fr\/wp-json\/wp\/v2\/comments?post=261269"}],"version-history":[{"count":0,"href":"https:\/\/www.europesays.com\/fr\/wp-json\/wp\/v2\/posts\/261269\/revisions"}],"wp:featuredmedia":[{"embeddable":true,"href":"https:\/\/www.europesays.com\/fr\/wp-json\/wp\/v2\/media\/261270"}],"wp:attachment":[{"href":"https:\/\/www.europesays.com\/fr\/wp-json\/wp\/v2\/media?parent=261269"}],"wp:term":[{"taxonomy":"category","embeddable":true,"href":"https:\/\/www.europesays.com\/fr\/wp-json\/wp\/v2\/categories?post=261269"},{"taxonomy":"post_tag","embeddable":true,"href":"https:\/\/www.europesays.com\/fr\/wp-json\/wp\/v2\/tags?post=261269"}],"curies":[{"name":"wp","href":"https:\/\/api.w.org\/{rel}","templated":true}]}}