{"id":26127,"date":"2025-04-15T07:38:08","date_gmt":"2025-04-15T07:38:08","guid":{"rendered":"https:\/\/www.europesays.com\/fr\/26127\/"},"modified":"2025-04-15T07:38:08","modified_gmt":"2025-04-15T07:38:08","slug":"ue-10-millions-deuros-pour-un-coran-europeen","status":"publish","type":"post","link":"https:\/\/www.europesays.com\/fr\/26127\/","title":{"rendered":"UE\u00a0: 10 millions d\u2019euros pour un \u00ab\u00a0Coran europ\u00e9en\u00a0\u00bb"},"content":{"rendered":"<p><a href=\"http:\/\/hugues.blogs.com\/\" target=\"_blank\" rel=\"noopener\">Hugues Serraf <\/a>est journaliste et \u00e9crivain.<\/p>\n<p>Il a dirig\u00e9 le p\u00f4le de presse automobile du groupe Bertelsmann Information Professionnelle, avant de d\u00e9velopper les sites Internet de l\u2019hebdomadaire sp\u00e9cialis\u00e9 L\u2019argus et de lancer l&rsquo;hebdomadaire pour tablettes de Slate.fr.<\/p>\n<p>Il est notamment l&rsquo;auteur du <a href=\"https:\/\/www.amazon.fr\/Petit-dictionnaire-mod%C3%A9r%C3%A9ment-amoureux-Marseille\/dp\/2356981225\/ref=asap_bc?ie=UTF8\" target=\"_blank\" rel=\"noopener\">Petit dictionnaire (mod\u00e9r\u00e9ment) amoureux de Marseille<\/a> (Gaussen, 2018), de <a href=\"https:\/\/www.amazon.fr\/Docks-Marseille-Hugues-Serraf\/dp\/2815921391\/ref=asap_bc?ie=UTF8\" target=\"_blank\" rel=\"noopener\">Les docks de Marseille<\/a> (L&rsquo;Aube, 2017), de <a href=\"https:\/\/www.amazon.fr\/Ils-sont-fous-ces-juifs\/dp\/2354171668\/ref=sr_1_2?ie=UTF8&amp;qid=1386862141&amp;sr=8-2&amp;keywords=hugues+serraf\" target=\"_blank\" rel=\"noopener\">Ils sont fous ces juifs<\/a> (\u00c9ditions du Moment, 2012), de<a href=\"https:\/\/www.amazon.fr\/Lanti-manuel-cycliste-urbain-Hugues-Serraf\/dp\/2917191333\/ref=sr_1_1?ie=UTF8&amp;qid=1386862141&amp;sr=8-1&amp;keywords=hugues+serraf\" target=\"_blank\" rel=\"noopener\"> L&rsquo;anti-manuel du cycliste urbain<\/a> (Berg, 2010) et de<a href=\"https:\/\/www.amazon.fr\/Petites-exceptions-fran%C3%A7aises-Bonnes-raisons\/dp\/2226186751\/ref=sr_1_3?ie=UTF8&amp;qid=1386862141&amp;sr=8-3&amp;keywords=hugues+serraf\" target=\"_blank\" rel=\"noopener\"> Petites exceptions fran\u00e7aises<\/a> (Albin Michel, 2008).<\/p>\n<p>Ses derniers romans\u00a0: <a href=\"https:\/\/www.fnac.com\/a16866978\/Hugues-Serraf-La-Vie-au-fond\" target=\"_blank\" rel=\"noopener\">La vie, au fond<\/a>, Intervalles, 2022 ; <a href=\"https:\/\/www.amazon.fr\/dernier-juif-France-Hugues-Serraf\/dp\/2369560924\" target=\"_blank\" rel=\"noopener\">Le dernier juif de France<\/a>, Intervalles, 2020 ;\u00a0<a href=\"https:\/\/www.amazon.fr\/Deuxi%C3%A8me-mi-temps-Hugues-SERRAF\/dp\/2369560746\" target=\"_blank\" rel=\"noopener\">Deuxi\u00e8me mi-temps<\/a>, Intervalles, 2019 ;\u00a0<a href=\"https:\/\/www.amazon.fr\/heures-plus-sombres-notre-histoire\/dp\/2815914425\/ref=sr_1_1?ie=UTF8&amp;qid=1469630761&amp;sr=8-1&amp;keywords=hugues+serraf\" target=\"_blank\" rel=\"noopener\">Les heures les plus sombres de notre histoire<\/a>\u00a0(L&rsquo;Aube, 2016) et\u00a0<a href=\"https:\/\/www.amazon.fr\/Comment-jai-perdu-femme-cause\/dp\/2815912554\/ref=sr_1_2?ie=UTF8&amp;qid=1469630761&amp;sr=8-2&amp;keywords=hugues+serraf\" target=\"_blank\" rel=\"noopener\">Comment j&rsquo;ai perdu ma femme \u00e0 cause du tai chi<\/a>\u00a0(L&rsquo;Aube, 2015).<\/p>\n","protected":false},"excerpt":{"rendered":"Hugues Serraf est journaliste et \u00e9crivain. Il a dirig\u00e9 le p\u00f4le de presse automobile du groupe Bertelsmann Information&hellip;\n","protected":false},"author":2,"featured_media":26128,"comment_status":"","ping_status":"","sticky":false,"template":"","format":"standard","meta":{"footnotes":""},"categories":[1586],"tags":[11,8873,9304,1777,674,1779,9306,1011,27,9305,12,9303,25,1778,364],"class_list":{"0":"post-26127","1":"post","2":"type-post","3":"status-publish","4":"format-standard","5":"has-post-thumbnail","7":"category-europe","8":"tag-actualites","9":"tag-coran","10":"tag-entrisme-religieux","11":"tag-eu","12":"tag-europe","13":"tag-european-union","14":"tag-florence-bergeaud-blackler","15":"tag-fr","16":"tag-france","17":"tag-freres-musulmans","18":"tag-news","19":"tag-recherche-scientifique","20":"tag-republique-francaise","21":"tag-ue","22":"tag-union-europeenne"},"share_on_mastodon":{"url":"https:\/\/pubeurope.com\/@fr\/114340842855974498","error":""},"_links":{"self":[{"href":"https:\/\/www.europesays.com\/fr\/wp-json\/wp\/v2\/posts\/26127","targetHints":{"allow":["GET"]}}],"collection":[{"href":"https:\/\/www.europesays.com\/fr\/wp-json\/wp\/v2\/posts"}],"about":[{"href":"https:\/\/www.europesays.com\/fr\/wp-json\/wp\/v2\/types\/post"}],"author":[{"embeddable":true,"href":"https:\/\/www.europesays.com\/fr\/wp-json\/wp\/v2\/users\/2"}],"replies":[{"embeddable":true,"href":"https:\/\/www.europesays.com\/fr\/wp-json\/wp\/v2\/comments?post=26127"}],"version-history":[{"count":0,"href":"https:\/\/www.europesays.com\/fr\/wp-json\/wp\/v2\/posts\/26127\/revisions"}],"wp:featuredmedia":[{"embeddable":true,"href":"https:\/\/www.europesays.com\/fr\/wp-json\/wp\/v2\/media\/26128"}],"wp:attachment":[{"href":"https:\/\/www.europesays.com\/fr\/wp-json\/wp\/v2\/media?parent=26127"}],"wp:term":[{"taxonomy":"category","embeddable":true,"href":"https:\/\/www.europesays.com\/fr\/wp-json\/wp\/v2\/categories?post=26127"},{"taxonomy":"post_tag","embeddable":true,"href":"https:\/\/www.europesays.com\/fr\/wp-json\/wp\/v2\/tags?post=26127"}],"curies":[{"name":"wp","href":"https:\/\/api.w.org\/{rel}","templated":true}]}}