{"id":261271,"date":"2025-07-20T14:36:43","date_gmt":"2025-07-20T14:36:43","guid":{"rendered":"https:\/\/www.europesays.com\/fr\/261271\/"},"modified":"2025-07-20T14:36:43","modified_gmt":"2025-07-20T14:36:43","slug":"livres-jeunesse-nos-suggestions-de-lectures-dete","status":"publish","type":"post","link":"https:\/\/www.europesays.com\/fr\/261271\/","title":{"rendered":"Livres jeunesse | Nos suggestions de lectures d\u2019\u00e9t\u00e9"},"content":{"rendered":"<p class=\"lead textModule textModule--type-lead \" style=\"\">Entre deux baignades, voici six suggestions de livres pour enfants ou adolescents dans lesquels se plonger cet \u00e9t\u00e9.<\/p>\n<p>                    Publi\u00e9 hier \u00e0 11\u00a0h\u00a000<\/p>\n<p>    <a class=\"print\" href=\"https:\/\/www.lapresse.ca\/arts\/litterature\/2025-07-19\/livres-jeunesse\/javascript:window.print();\" title=\"Imprimer la page\" rel=\"nofollow noopener\" target=\"_blank\"><\/p>\n<p>        <img loading=\"lazy\" decoding=\"async\" width=\"16\" height=\"18\" src=\"https:\/\/www.europesays.com\/fr\/wp-content\/uploads\/2025\/04\/share-icon.png\" alt=\"Partager\"\/><\/p>\n<p>                    \u00c0 la plage<\/p>\n<p class=\"paragraph textModule textModule--type-paragraph \" style=\"\">Cet album sign\u00e9 par la prolifique autrice jeunesse Pierrette Dub\u00e9 renferme trois jolies histoires, dont l\u2019une est parfaite pour la belle saison. Dans Lola et la plage, l\u2019attachante Lola Tamia se rend sur le sable chaud en compagnie de son ami Anatole. Malheureusement pour les deux vacanciers, l\u2019endroit est bond\u00e9. De retour chez elle, l\u2019ing\u00e9nieuse h\u00e9ro\u00efne a une id\u00e9e\u00a0: aller \u00e0 la plage une fois la nuit tomb\u00e9e pour prendre un \u00ab\u00a0bain de lune\u00a0\u00bb bien m\u00e9rit\u00e9.<\/p>\n<p>\t\t<img decoding=\"async\" src=\"https:\/\/www.europesays.com\/fr\/wp-content\/uploads\/2025\/07\/d01dd82840fa3deb98b4c9908baeb918.jpg\" alt=\"Les aventures de Lola Tamia\" itemprop=\"image\"\/><\/p>\n<p class=\"reviewModule__title name\" itemprop=\"name\">Les aventures de Lola Tamia<\/p>\n<p class=\"reviewModule__author\" itemprop=\"author\" itemscope=\"\" itemtype=\"https:\/\/schema.org\/Person\">Texte de Pierrette Dub\u00e9, illustrations de Laura Horrocks-Denis<\/p>\n<p class=\"reviewModule__publisher\" itemprop=\"publisher\" itemscope=\"\" itemtype=\"https:\/\/schema.org\/Organization\">\u00c9ditions La courte \u00e9chelle<\/p>\n<p class=\"reviewModule__pageCount\">D\u00e8s 3\u00a0ans <\/p>\n<p>                    \u00c0 hauteur de fourmi<\/p>\n<p>                                        <img decoding=\"async\" src=\"https:\/\/www.europesays.com\/fr\/wp-content\/uploads\/2025\/07\/ac8bb6f6bd09333a991bcb22b0f4eefa.jpg\" alt=\"\" class=\"photoModule__visual\" itemprop=\"contentUrl url\"\/><\/p>\n<p class=\"credit photoModule__caption photoModule__caption--credit\" style=\"\">\n                    IMAGE FOURNIE PAR LES 400\u00a0COUPS\n                <\/p>\n<p class=\"description photoModule__caption photoModule__caption--description\" style=\"\">\n                    Extrait de La fourmili\u00e8re. Texte de Micha\u00ebl Escoffier, illustrations d\u2019Agathe Bray-Bourret.\n                <\/p>\n<p class=\"paragraph textModule textModule--type-paragraph \" style=\"\">Comment se d\u00e9roule la construction d\u2019une fourmili\u00e8re\u00a0? C\u2019est ce qu\u2019imagine Micha\u00ebl Escoffier dans cet album rigolo dans lequel la vaniteuse reine des fourmis fait \u00e9riger le plus beau des nids\u2026 \u00e0 plus d\u2019une reprise. C\u2019est qu\u2019apr\u00e8s chaque inauguration, un malheur arrive. Apr\u00e8s cette lecture amusante, on ne voit plus ces insectes fort travaillants de la m\u00eame mani\u00e8re.<\/p>\n<p>\t\t<img decoding=\"async\" src=\"https:\/\/www.europesays.com\/fr\/wp-content\/uploads\/2025\/07\/f9fe031597e435a0bf198df6e46b0f22.jpg\" alt=\"La fourmili\u00e8re\" itemprop=\"image\"\/><\/p>\n<p class=\"reviewModule__title name\" itemprop=\"name\">La fourmili\u00e8re<\/p>\n<p class=\"reviewModule__author\" itemprop=\"author\" itemscope=\"\" itemtype=\"https:\/\/schema.org\/Person\">Texte de Micha\u00ebl Escoffier, illustrations d\u2019Agathe Bray-Bourret<\/p>\n<p class=\"reviewModule__publisher\" itemprop=\"publisher\" itemscope=\"\" itemtype=\"https:\/\/schema.org\/Organization\">\u00c9ditions Les 400\u00a0coups<\/p>\n<p class=\"reviewModule__pageCount\">D\u00e8s 4\u00a0ans<\/p>\n<p>                    Invitation \u00e0 ralentir<\/p>\n<p>                                        <img decoding=\"async\" src=\"https:\/\/www.europesays.com\/fr\/wp-content\/uploads\/2025\/07\/9f2633d6b52436cb8f7747b721dacacd.jpg\" alt=\"\" class=\"photoModule__visual\" itemprop=\"contentUrl url\"\/><\/p>\n<p class=\"credit photoModule__caption photoModule__caption--credit\" style=\"\">\n                    IMAGE FOURNIE PAR LES \u00c9DITIONS DE L\u2019ISATIS\n                <\/p>\n<p class=\"description photoModule__caption photoModule__caption--description\" style=\"\">\n                    Extrait de Rien du tout\u00a0! Texte de Marie-H\u00e9l\u00e8ne Jarry, illustrations d\u2019Am\u00e9lie Dubois.\n                <\/p>\n<p class=\"paragraph textModule textModule--type-paragraph \" style=\"\">Dans cette rubrique, on n\u2019a pas l\u2019habitude de parler de la r\u00e9\u00e9dition d\u2019un album. Toutefois, la douce invitation \u00e0 ralentir que lancent Marie-H\u00e9l\u00e8ne Jarry et Am\u00e9lie Dubois dans ce livre, d\u2019abord paru en 2016, m\u00e9rite, \u00e0 nos yeux, d\u2019\u00eatre r\u00e9p\u00e9t\u00e9e. Alors que son p\u00e8re lui propose mille et une activit\u00e9s, Clara n\u2019a qu\u2019un plan\u00a0: ne rien faire. La fillette observe les nuages, \u00e9coute la m\u00e9lodie du vent dans les arbres, d\u00e9couvre les parfums de la nature\u2026 Un album qui \u00e9voque joliment la beaut\u00e9 des petites choses.<\/p>\n<p>\t\t<img decoding=\"async\" src=\"https:\/\/www.europesays.com\/fr\/wp-content\/uploads\/2025\/07\/57e4c5df9ca1376d9f82309b43a18b31.jpg\" alt=\"Rien du tout\u00a0! \" itemprop=\"image\"\/><\/p>\n<p class=\"reviewModule__title name\" itemprop=\"name\">Rien du tout\u00a0! <\/p>\n<p class=\"reviewModule__author\" itemprop=\"author\" itemscope=\"\" itemtype=\"https:\/\/schema.org\/Person\">Texte de Marie-H\u00e9l\u00e8ne Jarry, illustrations d\u2019Am\u00e9lie Dubois<\/p>\n<p class=\"reviewModule__publisher\" itemprop=\"publisher\" itemscope=\"\" itemtype=\"https:\/\/schema.org\/Organization\">\u00c9ditions de l\u2019Isatis<\/p>\n<p class=\"reviewModule__pageCount\">D\u00e8s 4\u00a0ans <\/p>\n<p>                    Un camp de jour fantastique<\/p>\n<p>                                        <img decoding=\"async\" src=\"https:\/\/www.europesays.com\/fr\/wp-content\/uploads\/2025\/07\/d61ef73066dc30f5b1b44ee9de979f5f.jpg\" alt=\"\" class=\"photoModule__visual\" itemprop=\"contentUrl url\"\/><\/p>\n<p class=\"credit photoModule__caption photoModule__caption--credit\" style=\"\">\n                    IMAGE FOURNIE PAR LA BAGNOLE\n                <\/p>\n<p class=\"description photoModule__caption photoModule__caption--description\" style=\"\">\n                    Extrait de Camp de jour, tome\u00a01\u00a0\u2013 L\u2019\u00e9veil du kraken. Texte d\u2019Annie Bacon, illustrations de Camille Maestracci.\n                <\/p>\n<p class=\"paragraph textModule textModule--type-paragraph \" style=\"\">Les joyeux passagers n\u2019est pas un camp de jour comme les autres. Ce qui le rend si diff\u00e9rent\u00a0? Ses deux moniteurs\u2026 qui ne sont pas humains. Zarki, un gobelin, et Candelina, une dryade, feront d\u00e9couvrir aux jeunes campeurs les cr\u00e9atures f\u00e9eriques de Montr\u00e9al\u2026 et les entra\u00eeneront dans une aventure plus dangereuse que pr\u00e9vu. Un roman rempli d\u2019imaginaire qui fait voir la m\u00e9tropole d\u2019un autre \u0153il.<\/p>\n<p>\t\t<img decoding=\"async\" src=\"https:\/\/www.europesays.com\/fr\/wp-content\/uploads\/2025\/07\/fd2c514c013235d5a7305e9ab2e7b842.jpg\" alt=\"Camp de jour, tome\u00a01 \u2013 L\u2019\u00e9veil du kraken\" itemprop=\"image\"\/><\/p>\n<p class=\"reviewModule__title name\" itemprop=\"name\">Camp de jour, tome\u00a01 \u2013 L\u2019\u00e9veil du kraken<\/p>\n<p class=\"reviewModule__author\" itemprop=\"author\" itemscope=\"\" itemtype=\"https:\/\/schema.org\/Person\">Texte d\u2019Annie Bacon, illustrations de Camille Maestracci<\/p>\n<p class=\"reviewModule__publisher\" itemprop=\"publisher\" itemscope=\"\" itemtype=\"https:\/\/schema.org\/Organization\">\u00c9ditions La Bagnole<\/p>\n<p class=\"reviewModule__pageCount\">D\u00e8s 9\u00a0ans <\/p>\n<p>                    Bienvenue sur la C\u00f4te-Nord<\/p>\n<p>                                        <img decoding=\"async\" src=\"https:\/\/www.europesays.com\/fr\/wp-content\/uploads\/2025\/07\/e5250a81e66e332bb78c90afa047fb1c.jpg\" alt=\"\" class=\"photoModule__visual\" itemprop=\"contentUrl url\"\/><\/p>\n<p class=\"credit photoModule__caption photoModule__caption--credit\" style=\"\">\n                    IMAGE FOURNIE PAR BAYARD CANADA\n                <\/p>\n<p class=\"description photoModule__caption photoModule__caption--description\" style=\"\">\n                    Extrait de Ce que j\u2019aimerais trouver sur la plage, de Rh\u00e9a Dufresne\n                <\/p>\n<p class=\"paragraph textModule textModule--type-paragraph \" style=\"\">Les parents de Charlotte ont pris la d\u00e9cision de d\u00e9m\u00e9nager sans m\u00eame la consulter. \u00ab\u00a0Comment ont-ils pu\u00a0?\u00a0\u00bb, se demande l\u2019adolescente, qui n\u2019avait aucune envie d\u2019aller vivre sur la C\u00f4te-Nord. \u00c0 travers les pages de ce roman \u00e9crit en vers libres, on suit les pens\u00e9es de Charlotte alors qu\u2019elle s\u2019adapte avec difficult\u00e9 \u00e0 sa nouvelle vie. La d\u00e9couverte d\u2019une intrigante photo sur la plage permettra tranquillement \u00e0 cette passionn\u00e9e de photographie de retrouver le sourire. Une histoire touchante de laquelle se d\u00e9gage un parfum d\u2019air marin.<\/p>\n<p>\t\t<img decoding=\"async\" src=\"https:\/\/www.europesays.com\/fr\/wp-content\/uploads\/2025\/07\/c17b36fd729331308d4a314ab52afe64.jpg\" alt=\"Ce que j\u2019aimerais trouver sur la plage\" itemprop=\"image\"\/><\/p>\n<p class=\"reviewModule__title name\" itemprop=\"name\">Ce que j\u2019aimerais trouver sur la plage<\/p>\n<p class=\"reviewModule__author\" itemprop=\"author\" itemscope=\"\" itemtype=\"https:\/\/schema.org\/Person\">Rh\u00e9a Dufresne<\/p>\n<p class=\"reviewModule__publisher\" itemprop=\"publisher\" itemscope=\"\" itemtype=\"https:\/\/schema.org\/Organization\">\u00c9ditions Bayard Canada<\/p>\n<p class=\"reviewModule__pageCount\">D\u00e8s 12\u00a0ans <\/p>\n<p>                    Perdus dans la for\u00eat amazonienne<\/p>\n<p>                                        <img decoding=\"async\" src=\"https:\/\/www.europesays.com\/fr\/wp-content\/uploads\/2025\/07\/b8863719d4ed3de5a02107eddfab48bd.jpg\" alt=\"\" class=\"photoModule__visual\" itemprop=\"contentUrl url\"\/><\/p>\n<p class=\"credit photoModule__caption photoModule__caption--credit\" style=\"\">\n                    IMAGE FOURNIE PAR HUGO ROMAN\n                <\/p>\n<p class=\"description photoModule__caption photoModule__caption--description\" style=\"\">\n                    Extrait de Vert comme l\u2019enfer, de Camille Bouchard\n                <\/p>\n<p class=\"paragraph textModule textModule--type-paragraph \" style=\"\">Au printemps\u00a02023, quatre enfants ont surv\u00e9cu seuls dans la for\u00eat amazonienne pendant 40\u00a0jours \u00e0 la suite d\u2019un \u00e9crasement d\u2019avion. Dans ce roman palpitant, l\u2019auteur Camille Bouchard raconte en d\u00e9tail cette histoire qui a fait la manchette partout dans le monde. On suit, d\u2019un c\u00f4t\u00e9, les efforts des nombreux secouristes pour rep\u00e9rer l\u2019appareil et d\u2019\u00e9ventuels survivants, et de l\u2019autre, les courageux jeunes, \u00e2g\u00e9s de 11\u00a0mois \u00e0 13\u00a0ans, alors qu\u2019ils tentent de retrouver leur chemin dans cet environnement hostile.<\/p>\n<p>\t\t<img decoding=\"async\" src=\"https:\/\/www.europesays.com\/fr\/wp-content\/uploads\/2025\/07\/a884e4968f9d3d09850769a95ea16b94.jpg\" alt=\"Vert comme l\u2019enfer\" itemprop=\"image\"\/><\/p>\n<p class=\"reviewModule__title name\" itemprop=\"name\">Vert comme l\u2019enfer<\/p>\n<p class=\"reviewModule__author\" itemprop=\"author\" itemscope=\"\" itemtype=\"https:\/\/schema.org\/Person\">Camille Bouchard<\/p>\n<p class=\"reviewModule__publisher\" itemprop=\"publisher\" itemscope=\"\" itemtype=\"https:\/\/schema.org\/Organization\">\u00c9ditions Hugo Roman<\/p>\n<p class=\"reviewModule__pageCount\">D\u00e8s 12\u00a0ans <\/p>\n","protected":false},"excerpt":{"rendered":"Entre deux baignades, voici six suggestions de livres pour enfants ou adolescents dans lesquels se plonger cet \u00e9t\u00e9.&hellip;\n","protected":false},"author":2,"featured_media":261272,"comment_status":"","ping_status":"","sticky":false,"template":"","format":"standard","meta":{"footnotes":""},"categories":[1357],"tags":[1379,58,59,1011,27,1380],"class_list":{"0":"post-261271","1":"post","2":"type-post","3":"status-publish","4":"format-standard","5":"has-post-thumbnail","7":"category-livres","8":"tag-books","9":"tag-divertissement","10":"tag-entertainment","11":"tag-fr","12":"tag-france","13":"tag-livres"},"share_on_mastodon":{"url":"https:\/\/pubeurope.com\/@fr\/114886069100312161","error":""},"_links":{"self":[{"href":"https:\/\/www.europesays.com\/fr\/wp-json\/wp\/v2\/posts\/261271","targetHints":{"allow":["GET"]}}],"collection":[{"href":"https:\/\/www.europesays.com\/fr\/wp-json\/wp\/v2\/posts"}],"about":[{"href":"https:\/\/www.europesays.com\/fr\/wp-json\/wp\/v2\/types\/post"}],"author":[{"embeddable":true,"href":"https:\/\/www.europesays.com\/fr\/wp-json\/wp\/v2\/users\/2"}],"replies":[{"embeddable":true,"href":"https:\/\/www.europesays.com\/fr\/wp-json\/wp\/v2\/comments?post=261271"}],"version-history":[{"count":0,"href":"https:\/\/www.europesays.com\/fr\/wp-json\/wp\/v2\/posts\/261271\/revisions"}],"wp:featuredmedia":[{"embeddable":true,"href":"https:\/\/www.europesays.com\/fr\/wp-json\/wp\/v2\/media\/261272"}],"wp:attachment":[{"href":"https:\/\/www.europesays.com\/fr\/wp-json\/wp\/v2\/media?parent=261271"}],"wp:term":[{"taxonomy":"category","embeddable":true,"href":"https:\/\/www.europesays.com\/fr\/wp-json\/wp\/v2\/categories?post=261271"},{"taxonomy":"post_tag","embeddable":true,"href":"https:\/\/www.europesays.com\/fr\/wp-json\/wp\/v2\/tags?post=261271"}],"curies":[{"name":"wp","href":"https:\/\/api.w.org\/{rel}","templated":true}]}}