{"id":261277,"date":"2025-07-20T14:39:09","date_gmt":"2025-07-20T14:39:09","guid":{"rendered":"https:\/\/www.europesays.com\/fr\/261277\/"},"modified":"2025-07-20T14:39:09","modified_gmt":"2025-07-20T14:39:09","slug":"tom-holland-annonce-une-bonne-nouvelle-pour-le-tournage-du-prochain-spider-man","status":"publish","type":"post","link":"https:\/\/www.europesays.com\/fr\/261277\/","title":{"rendered":"Tom Holland annonce une bonne nouvelle pour le tournage du prochain \u00ab\u00a0Spider-Man\u00a0\u00bb"},"content":{"rendered":"<p>Tom Holland a lev\u00e9 un pan du voile qui recouvre Spider-Man\u00a0: Brand New Day. L\u2019<a href=\"https:\/\/www.20minutes.fr\/arts-stars\/people\/4131886-20250103-tom-holland-explique-pourquoi-prefere-partager-tapis-rouge-zendaya\" target=\"_blank\" class=\"color-ultramarine c-link\" rel=\"noopener\">acteur de 28 ans<\/a> a r\u00e9cemment r\u00e9v\u00e9l\u00e9 que le quatri\u00e8me volet de la saga allait miser sur un style de \u00ab\u00a0cin\u00e9ma old school\u00a0\u00bb radicalement diff\u00e9rent de <a href=\"https:\/\/www.20minutes.fr\/arts-stars\/people\/4161991-20250706-scene-clef-spider-man-no-way-home-changee-derniere-minute\" target=\"_blank\" class=\"color-ultramarine c-link\" rel=\"noopener\">No Way Home<\/a>. Le film sera r\u00e9alis\u00e9 par Destin Daniel Cretton, connu pour Shang-Chi et la L\u00e9gende des Dix Anneaux, rempla\u00e7ant Jon Watts qui avait r\u00e9alis\u00e9 les trois pr\u00e9c\u00e9dents opus.<\/p>\n<p>\u00ab\u00a0Je suis \u00e9videmment aux anges et tr\u00e8s excit\u00e9, a confi\u00e9 Tom Holland \u00e0 Flip Your Wig (<a href=\"https:\/\/in.ign.com\/spider-man-brand-new-day\/236146\/news\/spider-man-brand-new-day-tom-holland-shares-that-the-film-will-be-shot-in-real-locations-check-the-d\" rel=\"nofollow noopener\" target=\"_blank\" class=\"color-ultramarine c-link\">via IGN<\/a>).\u00a0Jouer Spider-Man, c\u2019est comme tra\u00eener avec un vieil ami, et je pense qu\u2019on \u00e9tait vraiment limit\u00e9s par ce qu\u2019on pouvait faire dans le dernier film \u00e0 cause du Covid. On a tourn\u00e9 tout le film en studio. Maintenant, on va vraiment se pencher sur un cin\u00e9ma old school et tourner dans de vrais lieux et c\u2019est pourquoi on commence \u00e0 Glasgow.\u00a0\u00bb<\/p>\n<p>Un retour aux sources promis<\/p>\n<p>Tom Holland a pr\u00e9cis\u00e9 que l\u2019\u00e9quipe va utiliser \u00ab\u00a0les rues de Glasgow pour une \u00e9norme s\u00e9quence d\u2019action qu\u2019on est en train de monter. \u00bb Promettant une exp\u00e9rience similaire \u00e0 celle de Homecoming, il a ajout\u00e9\u00a0: \u00ab\u00a0\u00c7a fait si longtemps que je n\u2019ai pas fait \u00e7a que \u00e7a va \u00eatre comme une bouff\u00e9e d\u2019air frais. Je pense que les fans vont \u00eatre aux anges avec ce qu\u2019on pr\u00e9pare.\u00a0\u00bb<\/p>\n<p>Le casting comptera <a href=\"https:\/\/www.20minutes.fr\/serie\/2169707-20171117-video-jon-bernthal-punisher-peut-etre-machine-tuer-pendant-13-episodes\" target=\"_blank\" class=\"color-ultramarine c-link\" rel=\"noopener\">Jon Bernthal<\/a> dans le r\u00f4le du Punisher et Sadie Sink dans un personnage encore inconnu. <a href=\"https:\/\/www.20minutes.fr\/arts-stars\/people\/4148010-20250410-mariage-zendaya-tom-holland-fait-parler-vianney-fout-bordel-devant-dame\" target=\"_blank\" class=\"color-ultramarine c-link\" rel=\"noopener\">Zendaya<\/a> et Jacob Batalon devraient reprendre leurs r\u00f4les de MJ et Ned. La sortie de Spider-Man\u00a0: Brand New Day est fix\u00e9e au 29\u00a0juillet 2026.<\/p>\n","protected":false},"excerpt":{"rendered":"Tom Holland a lev\u00e9 un pan du voile qui recouvre Spider-Man\u00a0: Brand New Day. L\u2019acteur de 28 ans&hellip;\n","protected":false},"author":2,"featured_media":261278,"comment_status":"","ping_status":"","sticky":false,"template":"","format":"standard","meta":{"footnotes":""},"categories":[1354],"tags":[650,58,59,2081,1346,1011,27,1360,973,33923,35103,133,40106],"class_list":{"0":"post-261277","1":"post","2":"type-post","3":"status-publish","4":"format-standard","5":"has-post-thumbnail","7":"category-films","8":"tag-cinema","9":"tag-divertissement","10":"tag-entertainment","11":"tag-film","12":"tag-films","13":"tag-fr","14":"tag-france","15":"tag-movies","16":"tag-people","17":"tag-spider-man","18":"tag-tom-holland","19":"tag-video","20":"tag-zendaya"},"share_on_mastodon":{"url":"https:\/\/pubeurope.com\/@fr\/114886080373573767","error":""},"_links":{"self":[{"href":"https:\/\/www.europesays.com\/fr\/wp-json\/wp\/v2\/posts\/261277","targetHints":{"allow":["GET"]}}],"collection":[{"href":"https:\/\/www.europesays.com\/fr\/wp-json\/wp\/v2\/posts"}],"about":[{"href":"https:\/\/www.europesays.com\/fr\/wp-json\/wp\/v2\/types\/post"}],"author":[{"embeddable":true,"href":"https:\/\/www.europesays.com\/fr\/wp-json\/wp\/v2\/users\/2"}],"replies":[{"embeddable":true,"href":"https:\/\/www.europesays.com\/fr\/wp-json\/wp\/v2\/comments?post=261277"}],"version-history":[{"count":0,"href":"https:\/\/www.europesays.com\/fr\/wp-json\/wp\/v2\/posts\/261277\/revisions"}],"wp:featuredmedia":[{"embeddable":true,"href":"https:\/\/www.europesays.com\/fr\/wp-json\/wp\/v2\/media\/261278"}],"wp:attachment":[{"href":"https:\/\/www.europesays.com\/fr\/wp-json\/wp\/v2\/media?parent=261277"}],"wp:term":[{"taxonomy":"category","embeddable":true,"href":"https:\/\/www.europesays.com\/fr\/wp-json\/wp\/v2\/categories?post=261277"},{"taxonomy":"post_tag","embeddable":true,"href":"https:\/\/www.europesays.com\/fr\/wp-json\/wp\/v2\/tags?post=261277"}],"curies":[{"name":"wp","href":"https:\/\/api.w.org\/{rel}","templated":true}]}}