{"id":261279,"date":"2025-07-20T14:40:14","date_gmt":"2025-07-20T14:40:14","guid":{"rendered":"https:\/\/www.europesays.com\/fr\/261279\/"},"modified":"2025-07-20T14:40:14","modified_gmt":"2025-07-20T14:40:14","slug":"comment-une-bacterie-est-parvenue-a-changer-du-plastique-en-paracetamol","status":"publish","type":"post","link":"https:\/\/www.europesays.com\/fr\/261279\/","title":{"rendered":"comment une bact\u00e9rie est parvenue \u00e0 changer du plastique en parac\u00e9tamol ?"},"content":{"rendered":"<p> <img decoding=\"async\" fetchpriority=\"high\" src=\"https:\/\/www.europesays.com\/fr\/wp-content\/uploads\/2025\/07\/insolite-comment-une-bacterie-est-parvenue-a-changer-du-plastique-en-paracetamol-1752853400242_1024..jpeg\"  width=\"768\" height=\"432\" alt=\"Pollution\" title=\"Pollution\" data-image=\"bs113dwa0ulv\"\/>Une bact\u00e9rie pourrait bien \u00eatre la solution au recyclage des plastiques PET, utilis\u00e9s par exemple pour les bouteilles   <img decoding=\"async\" fetchpriority=\"high\" src=\"https:\/\/www.europesays.com\/fr\/wp-content\/uploads\/2025\/06\/tristan-bergen.jpg\" alt=\"Tristan Bergen\" width=\"40\" height=\"40\"\/>    <a class=\"nombre text-hv\" href=\"https:\/\/www.tameteo.com\/auteur\/tristan-bergen\/\" title=\"Tristan Bergen\" target=\"_blank\" rel=\"noopener\">Tristan Bergen<\/a>        19\/07\/2025 06:02   5 min   <\/p>\n<p>Dans l&rsquo;optique d&rsquo;att\u00e9nuer les effets environnementaux des d\u00e9chets plastiques, des chercheurs de l&rsquo;Universit\u00e9 d&rsquo;\u00c9dimbourg sont parvenus \u00e0 <strong>transformer du plastique PET en parac\u00e9tamol<\/strong>, et ce gr\u00e2ce \u00e0 une<strong> bact\u00e9rie<\/strong>.<\/p>\n<p>Une nouvelle mani\u00e8re de recycler les bouteilles en plastiques<\/p>\n<p><strong>La pollution plastique est un r\u00e9el probl\u00e8me<\/strong>, cr\u00e9ant de v\u00e9ritables \u00eeles de d\u00e9chets dans nos oc\u00e9ans, mena\u00e7ant la faune et la flore mondiale et se retrouvant m\u00eame dans nos organismes via les microplastiques. Ainsi,<strong> <\/strong>chaque m\u00e9thode innovante permettant de recycler le plastique et surtout de limiter son impact sur l&rsquo;environnement est bonne \u00e0 prendre.<\/p>\n<p>Le parac\u00e9tamol est<strong> lui aussi source de pollution<\/strong>. En effet, ce m\u00e9dicament, parmi les plus utilis\u00e9s au monde pour combattre la douleur et la fi\u00e8vre, est<strong> produit \u00e0 base de d\u00e9riv\u00e9s du p\u00e9trole <\/strong>via des techniques polluantes. Or, les bouteilles usag\u00e9es en plastique PET sont <strong>\u00e9galement issues du p\u00e9trole<\/strong>.<\/p>\n<p>Le plastique PET, ou polyt\u00e9r\u00e9phtalate d\u2019\u00e9thyl\u00e8ne, est utilis\u00e9 pour conditionner 70 % des boissons gazeuses, des jus de fruits, des boissons diluables et de l\u2019eau en bouteille. Celui-ci se montre l\u00e9ger, durable, s\u00fbr et poss\u00e8de en plus une empreinte carbone plus faible que d\u2019autres mat\u00e9riaux. Ainsi, le PET est le plastique le plus recyclable au monde.<\/p>\n<p>Ainsi, des chercheurs de l&rsquo;universit\u00e9 d\u2019\u00c9dimbourg ont eu une id\u00e9e plut\u00f4t insolite mais innovante pour le recyclage de ces fameux plastiques PET :<strong> transformer ce plastique en parac\u00e9tamol<\/strong>. D&rsquo;apr\u00e8s une publication parue dans la revue <a href=\"https:\/\/www.nature.com\/articles\/s41557-025-01845-5\" target=\"_blank\" rel=\"noopener\">Nature Chemistry<\/a> \u00e0 la fin du mois de juin, leur pari semble r\u00e9ussi !<\/p>\n<p>Un pari r\u00e9ussi gr\u00e2ce \u00e0 une bact\u00e9rie<\/p>\n<p>Afin de r\u00e9ussir cette exp\u00e9rience, les scientifiques ont <strong>modifi\u00e9 g\u00e9n\u00e9tiquement des bact\u00e9ries E. coli<\/strong> afin que celles-ci synth\u00e9tisent des mol\u00e9cules dites \u00ab PABA \u00bb, ou acide para-aminobenzo\u00efque, un acide amin\u00e9 ph\u00e9nolique. Ces mol\u00e9cules ont ensuite dig\u00e9r\u00e9 le plastique gr\u00e2ce \u00e0 une r\u00e9action chimique pour <strong>finalement obtenir du parac\u00e9tamol<\/strong>.<\/p>\n<blockquote class=\"twitter-tweet\">\n<p lang=\"fr\" dir=\"ltr\">En reprogrammant g\u00e9n\u00e9tiquement la bact\u00e9rie E. coli, des chercheurs de luniversit\u00e9 \udb40\udc67\udb40\udc62\udb40\udc73\udb40\udc63\udb40\udc74\udb40\udc7f dEdimbourg ont r\u00e9ussi \u00e0 transformer (\u00e0 temp\u00e9rature ambiante en moins de 24h) une mol\u00e9cule d\u00e9riv\u00e9e du plastique PET, connue sous le nom d&rsquo;acide t\u00e9r\u00e9phtalique, en ingr\u00e9dient actif du parac\u00e9tamol. <a href=\"https:\/\/t.co\/RkD1tFnNY3\">pic.twitter.com\/RkD1tFnNY3<\/a><\/p>\n<p>\u2014 Le G\u00e9nie Humain (@legeniehumain) <a href=\"https:\/\/twitter.com\/legeniehumain\/status\/1938626844498026776?ref_src=twsrc%5Etfw\" target=\"_blank\" rel=\"noopener\">June 27, 2025<\/a><\/p><\/blockquote>\n<p>Ainsi, cette exp\u00e9rience r\u00e9ussie ouvre la voie \u00e0 <strong>de nouvelles techniques de recyclage de d\u00e9chets \u00e0 base de plastique<\/strong>, notamment pour les plastiques PET, qui sont donc utilis\u00e9s pour les bouteilles mais \u00e9galement pour les films (rev\u00eatements, couvertures de survie, emballages,&#8230;), les fibres textiles, les cartes format \u00ab carte de cr\u00e9dits \u00bb, les impressions 3D et m\u00eame des proth\u00e8ses cardio-vasculaires !<\/p>\n<p><a class=\"imagen \" href=\"https:\/\/www.tameteo.com\/actualites\/science\/probleme-insoluble-une-sieste-eureka.html\" title=\"Sant\u00e9 : et si la meilleure fa\u00e7on de r\u00e9soudre un probl\u00e8me \u00e9tait de faire la sieste ? Tout savoir sur la sieste Eur\u00eaka \" target=\"_blank\" rel=\"noopener\"><img loading=\"lazy\" decoding=\"async\" fetchpriority=\"low\" class=\"lazy img-body non-editable\" src=\"https:\/\/www.europesays.com\/fr\/wp-content\/uploads\/2025\/07\/probleme-insoluble-une-sieste-eureka-1752744688984_320.jpg\"  width=\"320\" height=\"225\" alt=\"Sant\u00e9 : et si la meilleure fa\u00e7on de r\u00e9soudre un probl\u00e8me \u00e9tait de faire la sieste ? Tout savoir sur la sieste Eur\u00eaka \"\/><\/a><\/p>\n<p>Cependant, l&rsquo;application de cette nouvelle technique de recyclage n&rsquo;a rien d&rsquo;\u00e9vident. Il reste en effet de nombreuses consid\u00e9rations \u00e0 r\u00e9soudre pour passer le stade de la seule d\u00e9monstration de faisabilit\u00e9 r\u00e9ussie par ces chercheurs de l&rsquo;universit\u00e9 d&rsquo;\u00c9dimbourg. La r\u00e9action initiale ne produit en effet qu&rsquo;<strong>une quantit\u00e9 limit\u00e9e de mol\u00e9cules PABA<\/strong> <strong>et donc de parac\u00e9tamol par la suite<\/strong>, ce qui ne serait au final pas suffisant pour des applications industrielles \u00e0 grande \u00e9chelle.<\/p>\n<p><a class=\"imagen \" href=\"https:\/\/www.tameteo.com\/actualites\/actualite\/secheresse-les-piscines-privees-sont-elles-vouees-a-disparaitre-en-france.html\" title=\"S\u00e9cheresse : les piscines priv\u00e9es sont-elles vou\u00e9es \u00e0 dispara\u00eetre en France ? \" target=\"_blank\" rel=\"noopener\"><img loading=\"lazy\" decoding=\"async\" fetchpriority=\"low\" class=\"lazy img-body non-editable\" src=\"https:\/\/www.europesays.com\/fr\/wp-content\/uploads\/2025\/07\/secheresse-les-piscines-privees-sont-elles-vouees-a-disparaitre-en-france-1752781005966_320.jpeg\"  width=\"320\" height=\"225\" alt=\"S\u00e9cheresse : les piscines priv\u00e9es sont-elles vou\u00e9es \u00e0 dispara\u00eetre en France ? \"\/><\/a><\/p>\n<p>N\u00e9anmoins, <strong>ce nouveau type de recyclage n&rsquo;en est qu&rsquo;\u00e0 ses balbutiements et l&rsquo;exp\u00e9rience reste prometteuse<\/strong>. Il est donc important d&rsquo;approfondir cette m\u00e9thode et potentiellement d&rsquo;en trouver de nouvelles<strong> liant la biologie et les r\u00e9actions chimiques artificielles<\/strong>. Qui sait, peut-\u00eatre que l&rsquo;immense probl\u00e8me du plastique et de son recyclage pourrait \u00eatre finalement <strong>r\u00e9solu par de \u00ab simples \u00bb bact\u00e9ries<\/strong> ?<\/p>\n<p>R\u00e9f\u00e9rence de l&rsquo;article :<\/p>\n<p><a href=\"https:\/\/www.franceinfo.fr\/environnement\/actions-ecologiques\/gestion-des-dechets\/recyclage\/video-une-bacterie-change-le-plastique-en-paracetamol_7376743.html\" target=\"_blank\" rel=\"noopener\">Quand une bact\u00e9rie change le plastique en parac\u00e9tamol<\/a>, France Info, 14\/07\/2025<\/p>\n<p> <script async src=\"https:\/\/platform.twitter.com\/widgets.js\" charset=\"utf-8\"><\/script><\/p>\n","protected":false},"excerpt":{"rendered":"Une bact\u00e9rie pourrait bien \u00eatre la solution au recyclage des plastiques PET, utilis\u00e9s par exemple pour les bouteilles&hellip;\n","protected":false},"author":2,"featured_media":261280,"comment_status":"","ping_status":"","sticky":false,"template":"","format":"standard","meta":{"footnotes":""},"categories":[10],"tags":[16302,5975,6383,1011,27,72,40107,6579,3887,71,19604],"class_list":{"0":"post-261279","1":"post","2":"type-post","3":"status-publish","4":"format-standard","5":"has-post-thumbnail","7":"category-sante","8":"tag-bacterie","9":"tag-decouverte","10":"tag-experience","11":"tag-fr","12":"tag-france","13":"tag-health","14":"tag-paracetamol","15":"tag-plastique","16":"tag-recyclage","17":"tag-sante","18":"tag-scientifique"},"share_on_mastodon":{"url":"https:\/\/pubeurope.com\/@fr\/114886084380099857","error":""},"_links":{"self":[{"href":"https:\/\/www.europesays.com\/fr\/wp-json\/wp\/v2\/posts\/261279","targetHints":{"allow":["GET"]}}],"collection":[{"href":"https:\/\/www.europesays.com\/fr\/wp-json\/wp\/v2\/posts"}],"about":[{"href":"https:\/\/www.europesays.com\/fr\/wp-json\/wp\/v2\/types\/post"}],"author":[{"embeddable":true,"href":"https:\/\/www.europesays.com\/fr\/wp-json\/wp\/v2\/users\/2"}],"replies":[{"embeddable":true,"href":"https:\/\/www.europesays.com\/fr\/wp-json\/wp\/v2\/comments?post=261279"}],"version-history":[{"count":0,"href":"https:\/\/www.europesays.com\/fr\/wp-json\/wp\/v2\/posts\/261279\/revisions"}],"wp:featuredmedia":[{"embeddable":true,"href":"https:\/\/www.europesays.com\/fr\/wp-json\/wp\/v2\/media\/261280"}],"wp:attachment":[{"href":"https:\/\/www.europesays.com\/fr\/wp-json\/wp\/v2\/media?parent=261279"}],"wp:term":[{"taxonomy":"category","embeddable":true,"href":"https:\/\/www.europesays.com\/fr\/wp-json\/wp\/v2\/categories?post=261279"},{"taxonomy":"post_tag","embeddable":true,"href":"https:\/\/www.europesays.com\/fr\/wp-json\/wp\/v2\/tags?post=261279"}],"curies":[{"name":"wp","href":"https:\/\/api.w.org\/{rel}","templated":true}]}}