{"id":261281,"date":"2025-07-20T14:41:10","date_gmt":"2025-07-20T14:41:10","guid":{"rendered":"https:\/\/www.europesays.com\/fr\/261281\/"},"modified":"2025-07-20T14:41:10","modified_gmt":"2025-07-20T14:41:10","slug":"liverpool-va-bien-casser-sa-tirelire-pour-ekitike-kalimuendo-plait-en-espagne-les-5-infos-mercato-de-ce-dimanche","status":"publish","type":"post","link":"https:\/\/www.europesays.com\/fr\/261281\/","title":{"rendered":"Liverpool va bien casser sa tirelire pour Ekitike, Kalimuendo pla\u00eet en Espagne&#8230; Les 5\u00a0infos mercato de ce dimanche"},"content":{"rendered":"<p>Ekitike direction Liverpool, Lens qui va vendre El Aynaoui ou l\u2019AC Milan qui tiendrait le rempla\u00e7ant d\u2019Hernandez\u00a0: toutes les infos du mercato football de ce dimanche 20 juillet.<\/p>\n<p>Ekitike \u00e0 Liverpool, c\u2019est imminent<\/p>\n<p class=\"fig-paragraph\">On savait d\u00e9j\u00e0 depuis plusieurs que Liverpool et Hugo Ekitike\u00a0<a href=\"http:\/\/www.lefigaro.fr\/sports\/football\/transferts\/accord-ekitike-liverpool-l-inter-sur-lookman-la-juve-pense-a-rashford-les-5-infos-mercato-du-jour-20250717\" data-fig-type=\"NewsFlash\" data-gtm-custom-categorie=\"navigation\" data-gtm-custom-action=\"crossclick\" data-gtm-custom-label=\"Contextuel\" data-gtm-event=\"customEventSPE\" data-fig-domain=\"LEFIGARO\" rel=\"nofollow noopener\" target=\"_blank\">s\u2019\u00e9taient dit oui<\/a>. Restait au club anglais de s\u2019entendre avec l\u2019Eintracht Francfort. C\u2019est chose faite selon divers m\u00e9dias (<a href=\"https:\/\/www.lequipe.fr\/Football\/Actualites\/Mercato-accord-trouve-entre-l-eintracht-francfort-et-liverpool-pour-le-transfert-d-hugo-ekitike\/1579498\" target=\"_blank\" rel=\"sponsored noopener nofollow\" data-gtm-custom-categorie=\"navigation\" data-gtm-custom-action=\"crossclick\" data-gtm-custom-label=\"Contextuel\" data-gtm-event=\"customEventSPE\">L\u2019\u00c9quipe<\/a>,\u00a0<a href=\"https:\/\/www.skysports.com\/football\/news\/11881\/13399200\/hugo-ekitike-transfer-news-liverpool-agree-69m-fixed-fee-for-eintracht-frankfurt-forward-as-negotiations-continue-over-add-on-bonuses\" target=\"_blank\" rel=\"sponsored noopener nofollow\" data-gtm-custom-categorie=\"navigation\" data-gtm-custom-action=\"crossclick\" data-gtm-custom-label=\"Contextuel\" data-gtm-event=\"customEventSPE\">Sky Sports<\/a>,\u00a0<a href=\"https:\/\/www.nytimes.com\/athletic\/6499475\/2025\/07\/19\/hugo-ekitike-liverpool-transfer\/\" target=\"_blank\" rel=\"sponsored noopener nofollow\" data-gtm-custom-categorie=\"navigation\" data-gtm-custom-action=\"crossclick\" data-gtm-custom-label=\"Contextuel\" data-gtm-event=\"customEventSPE\">The Athletic<\/a> &#8230;). Les Reds vont d\u00e9penser pr\u00e8s de 80\u00a0M\u20ac pour attirer l\u2019attaquant fran\u00e7ais de 23 ans.<\/p>\n<p class=\"fig-paragraph\">Le montant pourrait d\u00e9passer les 90\u00a0M\u20ac en fonction de divers bonus. Ekitike, international espoirs fran\u00e7ais jamais appel\u00e9 par Didier Deschamps, a compil\u00e9 22 buts et 12 passes d\u00e9cisives en 48 matches avec Francfort la saison pass\u00e9e. Il avait d\u00e9finitivement quitt\u00e9 le PSG l\u2019an dernier pour \u00e0 peine 20\u00a0M\u20ac.<\/p>\n<p>                                    <a class=\"fig-a11y-skip a11y-hidden\" href=\"#fig-a11y-skip-main-inarticle\"><br \/>\n        Passer la publicit\u00e9<br \/>\n    <\/a><\/p>\n<p class=\"fig-paragraph\"><strong>\u00c0 VOIR AUSSI &#8211;<\/strong> Le tripl\u00e9 d\u2019Ekitike avec les Bleuets contre l\u2019Angleterre en mars dernier (victoire 5-3)<\/p>\n<p>Villarreal pense \u00e0 Kalimuendo (Rennes)<\/p>\n<p class=\"fig-paragraph\">Le journal\u00a0<a href=\"https:\/\/www.lequipe.fr\/Football\/Actualites\/Mercato-villarreal-se-lance-sur-l-attaquant-rennais-arnaud-kalimuendo\/1579413\" target=\"_blank\" rel=\"sponsored noopener nofollow\" data-gtm-custom-categorie=\"navigation\" data-gtm-custom-action=\"crossclick\" data-gtm-custom-label=\"Contextuel\" data-gtm-event=\"customEventSPE\">L\u2019\u00c9quipe<\/a> \u00a0r\u00e9v\u00e8le un int\u00e9r\u00eat de Villarreal pour Arnaud Kalimuendo, que le Stade Rennais est pr\u00eat \u00e0 vendre apr\u00e8s une saison r\u00e9ussie en Ligue\u00a01 (17 buts en 33 matches). L\u2019attaquant fran\u00e7ais de 23 ans, form\u00e9 au PSG, est li\u00e9 \u00e0 Rennes jusqu\u2019en 2027. Villarreal s\u2019est class\u00e9 5e du championnat espagnol et disputera la Ligue des champions.<\/p>\n<p>El Aynaoui est \u00e0 Rome<\/p>\n<p class=\"fig-paragraph\">Le RC Lens va remplir les caisses avec Neil El Aynaoui. Le milieu franco-marocain de 24 ans, en passe de signer \u00e0 l\u2019AS Rome, a \u00e9t\u00e9 aper\u00e7u dans la capitale italienne. Sa fin de saison en boulet de canon va d\u00e9boucher sur un transfert \u00e0 23\u00a0M\u20ac. La Roma est qualifi\u00e9e pour la prochaine Ligue Europa.<\/p>\n<p>AC Milan\u00a0: Estupi\u00f1an pour succ\u00e9der \u00e0 Hernandez\u00a0?<\/p>\n<p class=\"fig-paragraph\">L\u2019AC Milan s\u2019est mis en qu\u00eate d\u2019un lat\u00e9ral gauche apr\u00e8s\u00a0<a href=\"http:\/\/www.lefigaro.fr\/sports\/football\/transferts\/mercato-theo-hernandez-saute-le-pas-et-rejoint-le-club-saoudien-d-al-hilal-officiel-20250710\" data-fig-type=\"NewsFlash\" data-gtm-custom-categorie=\"navigation\" data-gtm-custom-action=\"crossclick\" data-gtm-custom-label=\"Contextuel\" data-gtm-event=\"customEventSPE\" data-fig-domain=\"LEFIGARO\" rel=\"nofollow noopener\" target=\"_blank\">le d\u00e9part du Fran\u00e7ais Th\u00e9o Hernandez<\/a>\u00a0\u00e0 Al-Hilal (Arabie saoudite). La\u00a0<a href=\"https:\/\/www.gazzetta.it\/Calcio\/Calciomercato\/Milan\/19-07-2025\/milan-su-estupinan-e-vlahovic-le-trattative-con-brighton-e-juventus.shtml?refresh_ce\" target=\"_blank\" rel=\"sponsored noopener nofollow\" data-gtm-custom-categorie=\"navigation\" data-gtm-custom-action=\"crossclick\" data-gtm-custom-label=\"Contextuel\" data-gtm-event=\"customEventSPE\">Gazzetta dello Sport<\/a> \u00a0informe que les Rossoneri ont jet\u00e9 leur d\u00e9volu sur Pervis Estupi\u00f1an. Un accord sur un contrat de cinq saisons existerait d\u00e9j\u00e0 entre l\u2019AC Milan et l\u2019Equatorien de 27 ans. Encore faut-il convaincre Brighton. Le club anglais demanderait 23\u00a0M\u20ac pour un joueur titulaire depuis trois saisons en Premier League.<\/p>\n<p>Walker-Peters rebondit \u00e0 West Ham (officiel)<\/p>\n<p class=\"fig-paragraph\">Kyle Walker-Peters a trouv\u00e9 son nouveau club. Le lat\u00e9ral droit de 28 ans, pass\u00e9 par Tottenham, avait \u00e9t\u00e9 laiss\u00e9 libre par Southampton. Il s\u2019est engag\u00e9 jusqu\u2019en 2028 avec West Ham, 14e de Premier League. Walker-Peters compte deux s\u00e9lections avec l\u2019Angleterre mais n\u2019a plus \u00e9t\u00e9 convoqu\u00e9 depuis 2022.<\/p>\n","protected":false},"excerpt":{"rendered":"Ekitike direction Liverpool, Lens qui va vendre El Aynaoui ou l\u2019AC Milan qui tiendrait le rempla\u00e7ant d\u2019Hernandez\u00a0: toutes&hellip;\n","protected":false},"author":2,"featured_media":261282,"comment_status":"","ping_status":"","sticky":false,"template":"","format":"standard","meta":{"footnotes":""},"categories":[9],"tags":[11745,1011,27,15383,60],"class_list":{"0":"post-261281","1":"post","2":"type-post","3":"status-publish","4":"format-standard","5":"has-post-thumbnail","7":"category-sports","8":"tag-arnaud-kalimuendo","9":"tag-fr","10":"tag-france","11":"tag-liverpool-fc","12":"tag-sports"},"share_on_mastodon":{"url":"https:\/\/pubeurope.com\/@fr\/114886088082114888","error":""},"_links":{"self":[{"href":"https:\/\/www.europesays.com\/fr\/wp-json\/wp\/v2\/posts\/261281","targetHints":{"allow":["GET"]}}],"collection":[{"href":"https:\/\/www.europesays.com\/fr\/wp-json\/wp\/v2\/posts"}],"about":[{"href":"https:\/\/www.europesays.com\/fr\/wp-json\/wp\/v2\/types\/post"}],"author":[{"embeddable":true,"href":"https:\/\/www.europesays.com\/fr\/wp-json\/wp\/v2\/users\/2"}],"replies":[{"embeddable":true,"href":"https:\/\/www.europesays.com\/fr\/wp-json\/wp\/v2\/comments?post=261281"}],"version-history":[{"count":0,"href":"https:\/\/www.europesays.com\/fr\/wp-json\/wp\/v2\/posts\/261281\/revisions"}],"wp:featuredmedia":[{"embeddable":true,"href":"https:\/\/www.europesays.com\/fr\/wp-json\/wp\/v2\/media\/261282"}],"wp:attachment":[{"href":"https:\/\/www.europesays.com\/fr\/wp-json\/wp\/v2\/media?parent=261281"}],"wp:term":[{"taxonomy":"category","embeddable":true,"href":"https:\/\/www.europesays.com\/fr\/wp-json\/wp\/v2\/categories?post=261281"},{"taxonomy":"post_tag","embeddable":true,"href":"https:\/\/www.europesays.com\/fr\/wp-json\/wp\/v2\/tags?post=261281"}],"curies":[{"name":"wp","href":"https:\/\/api.w.org\/{rel}","templated":true}]}}