{"id":261287,"date":"2025-07-20T14:44:10","date_gmt":"2025-07-20T14:44:10","guid":{"rendered":"https:\/\/www.europesays.com\/fr\/261287\/"},"modified":"2025-07-20T14:44:10","modified_gmt":"2025-07-20T14:44:10","slug":"ce-gratte-ciel-va-tout-changer-la-tour-residentielle-de-457-metres-qui-va-bouleverser-lhorizon-de-dubai-et-redefinir-larchitecture-urbaine","status":"publish","type":"post","link":"https:\/\/www.europesays.com\/fr\/261287\/","title":{"rendered":"\u00ab Ce gratte-ciel va tout changer \u00bb : la tour r\u00e9sidentielle de 457 m\u00e8tres qui va bouleverser l&rsquo;horizon de Duba\u00ef et red\u00e9finir l&rsquo;architecture urbaine"},"content":{"rendered":"<tr>\n<td><strong>EN BREF<\/strong><\/td>\n<\/tr>\n<tr>\n<td>\n<ul>\n<li>\ud83c\udfe2 Le Downtown Residences de Duba\u00ef atteindra une hauteur impressionnante de <strong>445 m\u00e8tres<\/strong>, red\u00e9finissant l\u2019horizon de la ville.<\/li>\n<li>\ud83c\udf3f Chaque segment de la tour offre un <strong>style de vie curat\u00e9<\/strong> avec des installations immersives, incluant des jardins flottants et des espaces de bien-\u00eatre.<\/li>\n<li>\ud83c\udf06 Concurrence f\u00e9roce parmi les gratte-ciel de Duba\u00ef, avec plusieurs projets ambitieux en d\u00e9veloppement, notamment la <strong>Six Senses Residences<\/strong>.<\/li>\n<li>\u267b\ufe0f Engagement envers la <strong>soutenabilit\u00e9<\/strong> avec des technologies de r\u00e9duction \u00e9nerg\u00e9tique et des designs \u00e9cologiques int\u00e9gr\u00e9s.<\/li>\n<\/ul>\n<\/td>\n<\/tr>\n<p>Le paysage urbain de Duba\u00ef s\u2019appr\u00eate \u00e0 accueillir une nouvelle merveille architecturale avec le projet ambitieux de Deyaar Development. Ce gratte-ciel, d\u00e9nomm\u00e9 Downtown Residences, promet non seulement de red\u00e9finir l\u2019horizon de la ville, mais aussi de proposer une exp\u00e9rience de vie luxueuse in\u00e9gal\u00e9e. Avec ses 445 m\u00e8tres de hauteur, cette tour r\u00e9sidentielle est con\u00e7ue pour \u00eatre un embl\u00e8me de l\u2019architecture moderne, mariant \u00e9l\u00e9gance et fonctionnalit\u00e9. Ce projet t\u00e9moigne de la volont\u00e9 de Duba\u00ef de rester \u00e0 la pointe de l\u2019innovation architecturale mondiale.<\/p>\n<p>Un projet ambitieux au c\u0153ur de Business Bay<\/p>\n<p>Le Downtown Residences sera strat\u00e9giquement situ\u00e9 dans le d\u00e9veloppement dynamique de Business Bay, une zone qui ne cesse de cro\u00eetre et de se diversifier. <strong>Avec une base massive surmont\u00e9e de sections jumelles rappelant des tours, le design est \u00e0 la fois audacieux et fonctionnel<\/strong>. Les segments ext\u00e9rieurs de chaque tour sont interrompus par des espaces segment\u00e9s destin\u00e9s \u00e0 des zones partag\u00e9es et des commodit\u00e9s. Ces \u00e9l\u00e9ments ne sont pas seulement esth\u00e9tiques, ils offrent \u00e9galement des espaces de vie communautaire privil\u00e9gi\u00e9s en hauteur. \u00c0 l\u2019int\u00e9rieur, 522 r\u00e9sidences, allant des appartements de trois chambres aux duplexes, penthouses et sky mansions, s\u2019\u00e9tendent jusqu\u2019au palais royal exclusif au sommet de la tour.<\/p>\n<p>Ce projet s\u2019inscrit dans une volont\u00e9 de red\u00e9finir le luxe urbain en proposant des espaces de vie qui transcendent la simple notion d\u2019habitat. Les r\u00e9sidents pourront profiter de jardins sur le toit, de zones de bien-\u00eatre et de hubs sociaux dynamiques, faisant de cette tour un v\u00e9ritable \u00e9cosyst\u00e8me vertical.<\/p>\n<blockquote class=\"wp-embedded-content\" data-secret=\"opJUd7eN6h\">\n<p><a href=\"https:\/\/www.lejournaleconomique.com\/2025\/07\/05\/il-construit-des-palais-demesures-un-expert-devoile-les-folies-architecturales-de-donald-trump-au-coeur-du-moyen-orient\/\" target=\"_blank\" rel=\"noopener\">\u00ab Il construit des palais d\u00e9mesur\u00e9s \u00bb : un expert d\u00e9voile les folies architecturales de Donald Trump au c\u0153ur du Moyen-Orient<\/a><\/p>\n<\/blockquote>\n<p>Une exp\u00e9rience de vie unique<\/p>\n<p>Le Downtown Residences ne se contente pas d\u2019offrir des logements somptueux; il propose une v\u00e9ritable exp\u00e9rience de vie sur mesure. Chaque segment vertical est con\u00e7u pour offrir un style de vie curat\u00e9, int\u00e9grant des <strong>installations immersives adapt\u00e9es \u00e0 chaque dimension de la vie urbaine \u00e9litiste<\/strong>. Au milieu de la tour, un Oasis Sensoriel abrite des jardins flottants, des zones de yoga a\u00e9rien, des pods de m\u00e9ditation assist\u00e9s par intelligence artificielle, un spa invisible, et des espaces de fitness luxueux. Au sommet, la Summit Society propose des concepts de restauration, des salons exclusifs, une salle de projection grandiose et le Legacy Lounge, un espace de d\u00e9tente ultime.<\/p>\n<p>Ce projet repr\u00e9sente une vision futuriste du logement urbain o\u00f9 chaque d\u00e9tail est pens\u00e9 pour le bien-\u00eatre et le confort des r\u00e9sidents. Cette approche novatrice de l\u2019architecture r\u00e9sidentielle promet de r\u00e9volutionner la mani\u00e8re dont les habitants interagissent avec leur environnement.<\/p>\n<blockquote class=\"wp-embedded-content\" data-secret=\"R5QSmipdOV\">\n<p><a href=\"https:\/\/www.lejournaleconomique.com\/2025\/07\/12\/ce-serpent-mecanique-bouleverse-tout-ce-robot-creuseur-enterrera-vos-cables-electriques-a-une-vitesse-folle-et-pour-un-cout-reduit-a-couper-le-souffle\/\" target=\"_blank\" rel=\"noopener\">\u00ab Ce serpent m\u00e9canique bouleverse tout \u00bb : ce robot creuseur enterrera vos c\u00e2bles \u00e9lectriques \u00e0 une vitesse folle et pour un co\u00fbt r\u00e9duit \u00e0 couper le souffle<\/a><\/p>\n<\/blockquote>\n<p>Un contexte concurrentiel et technologique<\/p>\n<p>La construction du Downtown Residences intervient \u00e0 un moment o\u00f9 Duba\u00ef conna\u00eet un essor sans pr\u00e9c\u00e9dent dans l\u2019\u00e9dification de gratte-ciel. Bien que cette tour soit appel\u00e9e \u00e0 devenir l\u2019une des plus hautes de la ville, <strong>elle fait face \u00e0 une concurrence f\u00e9roce avec d\u2019autres projets monumentaux en cours<\/strong>, tels que la Six Senses Residences Dubai Marina, pr\u00e9vue pour 2028, qui atteindra 517 m\u00e8tres. D\u2019autres gratte-ciel r\u00e9sidentielles sont \u00e9galement en projet, rendant l\u2019avenir du classement des hauteurs incertain.<\/p>\n<p>Ces d\u00e9veloppements se produisent malgr\u00e9 les pr\u00e9occupations locales croissantes concernant les inondations r\u00e9centes, exacerb\u00e9es par le changement climatique. La r\u00e9silience et l\u2019adaptabilit\u00e9 de ces projets architecturaux seront essentielles pour assurer leur succ\u00e8s durable.<\/p>\n<blockquote class=\"wp-embedded-content\" data-secret=\"srZfZaAz40\">\n<p><a href=\"https:\/\/www.lejournaleconomique.com\/2025\/07\/17\/jai-paye-10-e-juste-pour-entrer-ce-magasin-hard-discount-choque-avec-sa-nouvelle-regle-dacces-aux-clients\/\" target=\"_blank\" rel=\"noopener\">\u00ab J\u2019ai pay\u00e9 10 \u20ac juste pour entrer \u00bb : ce magasin hard-discount choque avec sa nouvelle r\u00e8gle d\u2019acc\u00e8s aux clients<\/a><\/p>\n<\/blockquote>\n<p>Le d\u00e9fi de l\u2019architecture durable<\/p>\n<p>Face \u00e0 un environnement climatique changeant, Duba\u00ef et ses projets architecturaux doivent relever le d\u00e9fi de la durabilit\u00e9. Le Downtown Residences int\u00e8gre des \u00e9l\u00e9ments de design \u00e9cologique, tels que des jardins suspendus et des technologies de r\u00e9duction de la consommation \u00e9nerg\u00e9tique. Ces initiatives d\u00e9montrent l\u2019engagement des d\u00e9veloppeurs \u00e0 concilier <strong>luxe et respect de l\u2019environnement<\/strong>.<\/p>\n<p>En outre, l\u2019int\u00e9gration de la technologie de pointe dans la conception de la tour vise \u00e0 cr\u00e9er un espace de vie intelligent et efficace. Cette approche avant-gardiste est essentielle pour r\u00e9pondre aux besoins d\u2019un mode de vie urbain moderne tout en minimisant l\u2019impact environnemental.<\/p>\n<p>Alors que Duba\u00ef continue de repousser les limites de l\u2019architecture, le Downtown Residences repr\u00e9sente un jalon important dans cette \u00e9volution. Ce gratte-ciel ne se contente pas d\u2019ajouter une silhouette impressionnante \u00e0 la ligne d\u2019horizon, il propose un nouveau paradigme de vie urbaine. Comment ces avanc\u00e9es architecturales influenceront-elles l\u2019avenir des villes modernes et la mani\u00e8re dont nous concevons la vie en hauteur ?<\/p>\n<p>Cet article s\u2019appuie sur des sources v\u00e9rifi\u00e9es et l\u2019assistance de technologies \u00e9ditoriales.<\/p>\n<p id=\"rating\">\u00c7a vous a plu ?\u00a04.4\/5 (27)<\/p>\n","protected":false},"excerpt":{"rendered":"EN BREF \ud83c\udfe2 Le Downtown Residences de Duba\u00ef atteindra une hauteur impressionnante de 445 m\u00e8tres, red\u00e9finissant l\u2019horizon de&hellip;\n","protected":false},"author":2,"featured_media":261288,"comment_status":"","ping_status":"","sticky":false,"template":"","format":"standard","meta":{"footnotes":""},"categories":[6],"tags":[19757,35,5017,33,34,1011,27,1116],"class_list":{"0":"post-261287","1":"post","2":"type-post","3":"status-publish","4":"format-standard","5":"has-post-thumbnail","7":"category-economie","8":"tag-architecture-durable","9":"tag-business","10":"tag-dubai","11":"tag-economie","12":"tag-economy","13":"tag-fr","14":"tag-france","15":"tag-immobilier"},"share_on_mastodon":{"url":"https:\/\/pubeurope.com\/@fr\/114886099876953323","error":""},"_links":{"self":[{"href":"https:\/\/www.europesays.com\/fr\/wp-json\/wp\/v2\/posts\/261287","targetHints":{"allow":["GET"]}}],"collection":[{"href":"https:\/\/www.europesays.com\/fr\/wp-json\/wp\/v2\/posts"}],"about":[{"href":"https:\/\/www.europesays.com\/fr\/wp-json\/wp\/v2\/types\/post"}],"author":[{"embeddable":true,"href":"https:\/\/www.europesays.com\/fr\/wp-json\/wp\/v2\/users\/2"}],"replies":[{"embeddable":true,"href":"https:\/\/www.europesays.com\/fr\/wp-json\/wp\/v2\/comments?post=261287"}],"version-history":[{"count":0,"href":"https:\/\/www.europesays.com\/fr\/wp-json\/wp\/v2\/posts\/261287\/revisions"}],"wp:featuredmedia":[{"embeddable":true,"href":"https:\/\/www.europesays.com\/fr\/wp-json\/wp\/v2\/media\/261288"}],"wp:attachment":[{"href":"https:\/\/www.europesays.com\/fr\/wp-json\/wp\/v2\/media?parent=261287"}],"wp:term":[{"taxonomy":"category","embeddable":true,"href":"https:\/\/www.europesays.com\/fr\/wp-json\/wp\/v2\/categories?post=261287"},{"taxonomy":"post_tag","embeddable":true,"href":"https:\/\/www.europesays.com\/fr\/wp-json\/wp\/v2\/tags?post=261287"}],"curies":[{"name":"wp","href":"https:\/\/api.w.org\/{rel}","templated":true}]}}