{"id":261289,"date":"2025-07-20T14:45:11","date_gmt":"2025-07-20T14:45:11","guid":{"rendered":"https:\/\/www.europesays.com\/fr\/261289\/"},"modified":"2025-07-20T14:45:11","modified_gmt":"2025-07-20T14:45:11","slug":"les-systemes-antiaeriens-endommages-ont-ete-remplaces-affirme-liran","status":"publish","type":"post","link":"https:\/\/www.europesays.com\/fr\/261289\/","title":{"rendered":"les syst\u00e8mes antia\u00e9riens endommag\u00e9s ont \u00e9t\u00e9 \u00abremplac\u00e9s\u00bb, affirme l&rsquo;Iran"},"content":{"rendered":"<p>Isra\u00ebl avait lourdement endommag\u00e9 le syst\u00e8me de d\u00e9fense iranien durant la guerre de 12 jours, lanc\u00e9e le 13 juin par une attaque isra\u00e9lienne sans pr\u00e9c\u00e9dent dont le but \u00e9tait d\u2019emp\u00eacher l\u2019Iran de se doter de la bombe atomique.<\/p>\n<p class=\"fig-paragraph\">L&rsquo;Iran a remplac\u00e9 ses syst\u00e8mes de d\u00e9fense antia\u00e9riens endommag\u00e9s lors des\u00a0<a href=\"http:\/\/www.lefigaro.fr\/international\/guerre-israel-iran-que-montrent-les-dernieres-images-satellites-des-sites-nucleaires-iraniens-bombardes-20250626\" target=\"_blank\" data-fig-type=\"NewsFlash\" rel=\"noopener\" data-gtm-custom-categorie=\"navigation\" data-gtm-custom-action=\"crossclick\" data-gtm-custom-label=\"Contextuel\" data-gtm-event=\"customEventSPE\" data-fig-domain=\"LEFIGARO\">bombardements men\u00e9s en juin par Isra\u00ebl<\/a>, a annonc\u00e9 dimanche l&rsquo;agence officielle Irna, citant un responsable militaire. Isra\u00ebl a lanc\u00e9 le 13 juin une attaque sans pr\u00e9c\u00e9dent contre l&rsquo;Iran, dans le but affich\u00e9 d&#8217;emp\u00eacher son ennemi jur\u00e9 de se doter de la\u00a0<a href=\"https:\/\/www.lefigaro.fr\/international\/guerre-iran-israel-direct-france-missile-hypersonique-capitulation-conflit-trump-20250619\" target=\"_blank\" data-fig-type=\"Live\" rel=\"noopener\" data-gtm-custom-categorie=\"navigation\" data-gtm-custom-action=\"crossclick\" data-gtm-custom-label=\"Contextuel\" data-gtm-event=\"customEventSPE\" data-fig-domain=\"LEFIGARO\">bombe atomique<\/a>, per\u00e7ue comme une menace existentielle.<\/p>\n<p class=\"fig-paragraph\">T\u00e9h\u00e9ran, qui d\u00e9fend un droit au nucl\u00e9aire civil, r\u00e9fute avoir de telles ambitions sur le plan militaire. Durant 12 jours de guerre, Isra\u00ebl a cibl\u00e9 des installations nucl\u00e9aires et militaires. Des hauts grad\u00e9s ainsi que des scientifiques d\u00e9veloppant le programme nucl\u00e9aire iranien ont notamment \u00e9t\u00e9 tu\u00e9s.<\/p>\n<p>                                    <a class=\"fig-a11y-skip a11y-hidden\" href=\"#fig-a11y-skip-main-inarticle\"><br \/>\n        Passer la publicit\u00e9<br \/>\n    <\/a><\/p>\n<p class=\"fig-paragraph\">\u00abL&rsquo;ennemi sioniste a cherch\u00e9 \u00e0 d\u00e9truire les capacit\u00e9s de d\u00e9fense de l&rsquo;Iran, et certains de nos syst\u00e8mes de d\u00e9fense ont \u00e9t\u00e9 endommag\u00e9s au cours de la guerre\u00bb, a indiqu\u00e9 l&rsquo;adjoint des op\u00e9rations de l&rsquo;arm\u00e9e iranienne, l&rsquo;amiral Mahmoud Moussavi, cit\u00e9 par l&rsquo;agence Irna. \u00abMais gr\u00e2ce aux efforts de mes camarades, les syst\u00e8mes endommag\u00e9s ont \u00e9t\u00e9 remplac\u00e9s et d\u00e9ploy\u00e9s dans des endroits pr\u00e9d\u00e9termin\u00e9s\u00bb, a-t-il ajout\u00e9, sans pr\u00e9ciser par quels \u00e9quipements ni quand.<\/p>\n<p>Plus d\u2019un millier de morts<\/p>\n<p class=\"fig-paragraph\">La d\u00e9fense antia\u00e9rienne iranienne comprend des syst\u00e8mes comme le Bavar-373 et le Khordad-15, fabriqu\u00e9s localement, con\u00e7us pour contrer les missiles et les avions. L&rsquo;Iran avait install\u00e9 en 2016 des syst\u00e8mes russes S-300, apr\u00e8s la conclusion en 2015 de l&rsquo;accord de Vienne sur le nucl\u00e9aire avec les grandes puissances (France, Royaume-Uni, Allemagne, Chine, Russie et \u00c9tats-Unis). Au terme de 12 jours de guerre, un cessez-le-feu entre Iran et Isra\u00ebl est entr\u00e9 en vigueur le 24 juin.<\/p>\n<p class=\"fig-paragraph\">Plus d&rsquo;un millier de personnes ont \u00e9t\u00e9 tu\u00e9es en Iran durant le conflit, selon les autorit\u00e9s iraniennes. Isra\u00ebl a pour sa part fait \u00e9tat d&rsquo;au moins 28 morts. Les \u00c9tats-Unis, alli\u00e9s d&rsquo;Isra\u00ebl, ont quant \u00e0 eux bombard\u00e9 le 22 juin le site souterrain d&rsquo;enrichissement d&rsquo;uranium de Fordo, au sud de T\u00e9h\u00e9ran, et des installations nucl\u00e9aires \u00e0 Ispahan et Natanz (Centre). L&rsquo;\u00e9tendue pr\u00e9cise des d\u00e9g\u00e2ts n&rsquo;est pas connue.<\/p>\n<p class=\"fig-paragraph\">Isra\u00ebl a d\u00e9clench\u00e9 son attaque en juin alors que l&rsquo;Iran et les \u00c9tats-Unis n\u00e9gociaient depuis avril sur le nucl\u00e9aire iranien. Les pourparlers entre T\u00e9h\u00e9ran et Washington sont depuis interrompus. L&rsquo;Allemagne, la France et le Royaume-Uni pr\u00e9voient de tenir cette semaine de nouvelles discussions avec l&rsquo;Iran, a d\u00e9clar\u00e9 dimanche une source diplomatique allemande \u00e0 l&rsquo;AFP.<\/p>\n","protected":false},"excerpt":{"rendered":"Isra\u00ebl avait lourdement endommag\u00e9 le syst\u00e8me de d\u00e9fense iranien durant la guerre de 12 jours, lanc\u00e9e le 13&hellip;\n","protected":false},"author":2,"featured_media":261290,"comment_status":"","ping_status":"","sticky":false,"template":"","format":"standard","meta":{"footnotes":""},"categories":[5],"tags":[11,1011,27,14,3019,664,12,28],"class_list":{"0":"post-261289","1":"post","2":"type-post","3":"status-publish","4":"format-standard","5":"has-post-thumbnail","7":"category-international","8":"tag-actualites","9":"tag-fr","10":"tag-france","11":"tag-international","12":"tag-iran","13":"tag-israel","14":"tag-news","15":"tag-world"},"share_on_mastodon":{"url":"https:\/\/pubeurope.com\/@fr\/114886103791105612","error":""},"_links":{"self":[{"href":"https:\/\/www.europesays.com\/fr\/wp-json\/wp\/v2\/posts\/261289","targetHints":{"allow":["GET"]}}],"collection":[{"href":"https:\/\/www.europesays.com\/fr\/wp-json\/wp\/v2\/posts"}],"about":[{"href":"https:\/\/www.europesays.com\/fr\/wp-json\/wp\/v2\/types\/post"}],"author":[{"embeddable":true,"href":"https:\/\/www.europesays.com\/fr\/wp-json\/wp\/v2\/users\/2"}],"replies":[{"embeddable":true,"href":"https:\/\/www.europesays.com\/fr\/wp-json\/wp\/v2\/comments?post=261289"}],"version-history":[{"count":0,"href":"https:\/\/www.europesays.com\/fr\/wp-json\/wp\/v2\/posts\/261289\/revisions"}],"wp:featuredmedia":[{"embeddable":true,"href":"https:\/\/www.europesays.com\/fr\/wp-json\/wp\/v2\/media\/261290"}],"wp:attachment":[{"href":"https:\/\/www.europesays.com\/fr\/wp-json\/wp\/v2\/media?parent=261289"}],"wp:term":[{"taxonomy":"category","embeddable":true,"href":"https:\/\/www.europesays.com\/fr\/wp-json\/wp\/v2\/categories?post=261289"},{"taxonomy":"post_tag","embeddable":true,"href":"https:\/\/www.europesays.com\/fr\/wp-json\/wp\/v2\/tags?post=261289"}],"curies":[{"name":"wp","href":"https:\/\/api.w.org\/{rel}","templated":true}]}}