{"id":261291,"date":"2025-07-20T14:46:09","date_gmt":"2025-07-20T14:46:09","guid":{"rendered":"https:\/\/www.europesays.com\/fr\/261291\/"},"modified":"2025-07-20T14:46:09","modified_gmt":"2025-07-20T14:46:09","slug":"il-poignarde-dans-le-dos-le-nouveau-compagnon-de-son-ex-un-individu-activement-recherche","status":"publish","type":"post","link":"https:\/\/www.europesays.com\/fr\/261291\/","title":{"rendered":"il poignarde dans le dos le nouveau compagnon de son ex, un individu activement recherch\u00e9"},"content":{"rendered":"<p itemprop=\"description\"><strong>Le son des gyrophares a rythm\u00e9 la journ\u00e9e de samedi \u00e0 Saint-Fons.<\/strong><\/p>\n<p>Apr\u00e8s <a href=\"https:\/\/www.lyonmag.com\/article\/145476\/pres-de-lyon-un-homme-poignarde-a-mort-a-saint-fons-un-suspect-s-est-rendu-au-commissariat\" target=\"_blank\" rel=\"noopener\">l&rsquo;agression mortelle au couteau<\/a> t\u00f4t dans la matin\u00e9e dans le quartier de l&rsquo;Arsenal, une seconde altercation durant laquelle une arme blanche a \u00e9t\u00e9 utilis\u00e9e s&rsquo;est produite vers 16h dans l&rsquo;apr\u00e8s-midi.<\/p>\n<p>Cette fois, c&rsquo;est un homme qui s&rsquo;en est pris au nouveau compagnon de son ex. Il l&rsquo;a poignard\u00e9 \u00e0 plusieurs reprises dans le dos, tandis que la jeune femme \u00e9tait \u00e9galement bless\u00e9e en tentant de s&rsquo;interposer.<\/p>\n<p>L&rsquo;agresseur est actuellement en cavale et est activement recherch\u00e9.<\/p>\n<p>Sa victime principale, \u00e2g\u00e9e de 22 ans, se trouvait dans un \u00e9tat critique au moment d&rsquo;\u00eatre hospitalis\u00e9e.<\/p>\n","protected":false},"excerpt":{"rendered":"Le son des gyrophares a rythm\u00e9 la journ\u00e9e de samedi \u00e0 Saint-Fons. Apr\u00e8s l&rsquo;agression mortelle au couteau t\u00f4t&hellip;\n","protected":false},"author":2,"featured_media":261292,"comment_status":"","ping_status":"","sticky":false,"template":"","format":"standard","meta":{"footnotes":""},"categories":[4],"tags":[1111,11,2813,2190,1109,251,1112,2811,118,1011,27,1922,1110,1114,2428,2810,12,241,316,25,2812,517,800],"class_list":{"0":"post-261291","1":"post","2":"type-post","3":"status-publish","4":"format-standard","5":"has-post-thumbnail","7":"category-france","8":"tag-actu","9":"tag-actualites","10":"tag-article","11":"tag-asvel","12":"tag-breves","13":"tag-culture","14":"tag-depeches","15":"tag-economique","16":"tag-faits-divers","17":"tag-fr","18":"tag-france","19":"tag-info","20":"tag-informations","21":"tag-infos","22":"tag-lyon","23":"tag-lyonmag","24":"tag-news","25":"tag-ol","26":"tag-politique","27":"tag-republique-francaise","28":"tag-sociale","29":"tag-sport","30":"tag-transports"},"share_on_mastodon":{"url":"https:\/\/pubeurope.com\/@fr\/114886107711356969","error":""},"_links":{"self":[{"href":"https:\/\/www.europesays.com\/fr\/wp-json\/wp\/v2\/posts\/261291","targetHints":{"allow":["GET"]}}],"collection":[{"href":"https:\/\/www.europesays.com\/fr\/wp-json\/wp\/v2\/posts"}],"about":[{"href":"https:\/\/www.europesays.com\/fr\/wp-json\/wp\/v2\/types\/post"}],"author":[{"embeddable":true,"href":"https:\/\/www.europesays.com\/fr\/wp-json\/wp\/v2\/users\/2"}],"replies":[{"embeddable":true,"href":"https:\/\/www.europesays.com\/fr\/wp-json\/wp\/v2\/comments?post=261291"}],"version-history":[{"count":0,"href":"https:\/\/www.europesays.com\/fr\/wp-json\/wp\/v2\/posts\/261291\/revisions"}],"wp:featuredmedia":[{"embeddable":true,"href":"https:\/\/www.europesays.com\/fr\/wp-json\/wp\/v2\/media\/261292"}],"wp:attachment":[{"href":"https:\/\/www.europesays.com\/fr\/wp-json\/wp\/v2\/media?parent=261291"}],"wp:term":[{"taxonomy":"category","embeddable":true,"href":"https:\/\/www.europesays.com\/fr\/wp-json\/wp\/v2\/categories?post=261291"},{"taxonomy":"post_tag","embeddable":true,"href":"https:\/\/www.europesays.com\/fr\/wp-json\/wp\/v2\/tags?post=261291"}],"curies":[{"name":"wp","href":"https:\/\/api.w.org\/{rel}","templated":true}]}}