{"id":261307,"date":"2025-07-20T15:02:21","date_gmt":"2025-07-20T15:02:21","guid":{"rendered":"https:\/\/www.europesays.com\/fr\/261307\/"},"modified":"2025-07-20T15:02:21","modified_gmt":"2025-07-20T15:02:21","slug":"deux-colonies-de-vacances-evacuees-et-des-interventions-pour-des-inondations-en-ille-et-vilaine-apres-des-orages","status":"publish","type":"post","link":"https:\/\/www.europesays.com\/fr\/261307\/","title":{"rendered":"Deux colonies de vacances \u00e9vacu\u00e9es et des interventions pour des inondations en Ille-et-Vilaine apr\u00e8s des orages"},"content":{"rendered":"<p>Au cours de la nuit, <a href=\"https:\/\/www.letelegramme.fr\/bretagne\/vigilance-orange-en-ille-et-vilaine-ou-les-precipitations-ont-elles-ete-les-abondantes-au-cours-des-24-dernieres-heures-6857983.php\" target=\"_blank\" rel=\"nofollow noopener\">de fortes pr\u00e9cipitations<\/a> ont touch\u00e9 le nord du d\u00e9partement. On a ainsi enregistr\u00e9 jusqu\u2019\u00e0 51,2 mm de pluie \u00e0 Plerguer ou encore 51,5 mm \u00e0 Plesder. Au total, le Codis (Centre op\u00e9rationnel d\u2019incendie et de secours) d\u2019Ille-et-Vilaine indique avoir proc\u00e9d\u00e9 \u00e0 une cinquantaine d\u2019interventions entre minuit et 9 h, ce samedi, la majeure partie de ces sorties \u00e9tant li\u00e9es \u00e0 des caves inond\u00e9es.<\/p>\n<p>53 enfants et encadrants \u00e9vacu\u00e9s d\u2019un camping<\/p>\n<p>Au sud de Saint-Malo, sur la commune de Saint-P\u00e8re-Marc-en-Poulet, une cinquantaine de jeunes de deux colonies de vacances, qui s\u00e9journaient sous des tentes au camping Le Bel \u00c9vent, ont d\u00fb \u00eatre \u00e9vacu\u00e9s. Confront\u00e9s aux intemp\u00e9ries, un premier groupe, constitu\u00e9 de 32 enfants (\u00e2g\u00e9s de 8 ans \u00e0 14 ans) et six encadrants, de Saint-Malo, et un second en provenance de Lanvollon (22), avec 13 enfants et 2 encadrants, ont \u00e9t\u00e9 pris en charge au cours de la nuit. Ils ont tous \u00e9t\u00e9 transport\u00e9s et mis \u00e0 l\u2019abri dans la mairie de la commune o\u00f9 des lits et des couvertures ont \u00e9t\u00e9 mis \u00e0 leur disposition.<\/p>\n<p>Ce samedi matin, les vigilances pour le risque de pluie-inondation et les orages ont \u00e9t\u00e9 lev\u00e9es dans le d\u00e9partement.<\/p>\n","protected":false},"excerpt":{"rendered":"Au cours de la nuit, de fortes pr\u00e9cipitations ont touch\u00e9 le nord du d\u00e9partement. On a ainsi enregistr\u00e9&hellip;\n","protected":false},"author":2,"featured_media":261308,"comment_status":"","ping_status":"","sticky":false,"template":"","format":"standard","meta":{"footnotes":""},"categories":[2821],"tags":[1111,11,829,765,1777,674,118,1011,27,848,12,584,25],"class_list":{"0":"post-261307","1":"post","2":"type-post","3":"status-publish","4":"format-standard","5":"has-post-thumbnail","7":"category-rennes","8":"tag-actu","9":"tag-actualites","10":"tag-bretagne","11":"tag-en-continu","12":"tag-eu","13":"tag-europe","14":"tag-faits-divers","15":"tag-fr","16":"tag-france","17":"tag-ille-et-vilaine","18":"tag-news","19":"tag-rennes","20":"tag-republique-francaise"},"share_on_mastodon":{"url":"https:\/\/pubeurope.com\/@fr\/114886170649022243","error":""},"_links":{"self":[{"href":"https:\/\/www.europesays.com\/fr\/wp-json\/wp\/v2\/posts\/261307","targetHints":{"allow":["GET"]}}],"collection":[{"href":"https:\/\/www.europesays.com\/fr\/wp-json\/wp\/v2\/posts"}],"about":[{"href":"https:\/\/www.europesays.com\/fr\/wp-json\/wp\/v2\/types\/post"}],"author":[{"embeddable":true,"href":"https:\/\/www.europesays.com\/fr\/wp-json\/wp\/v2\/users\/2"}],"replies":[{"embeddable":true,"href":"https:\/\/www.europesays.com\/fr\/wp-json\/wp\/v2\/comments?post=261307"}],"version-history":[{"count":0,"href":"https:\/\/www.europesays.com\/fr\/wp-json\/wp\/v2\/posts\/261307\/revisions"}],"wp:featuredmedia":[{"embeddable":true,"href":"https:\/\/www.europesays.com\/fr\/wp-json\/wp\/v2\/media\/261308"}],"wp:attachment":[{"href":"https:\/\/www.europesays.com\/fr\/wp-json\/wp\/v2\/media?parent=261307"}],"wp:term":[{"taxonomy":"category","embeddable":true,"href":"https:\/\/www.europesays.com\/fr\/wp-json\/wp\/v2\/categories?post=261307"},{"taxonomy":"post_tag","embeddable":true,"href":"https:\/\/www.europesays.com\/fr\/wp-json\/wp\/v2\/tags?post=261307"}],"curies":[{"name":"wp","href":"https:\/\/api.w.org\/{rel}","templated":true}]}}