{"id":261309,"date":"2025-07-20T15:03:11","date_gmt":"2025-07-20T15:03:11","guid":{"rendered":"https:\/\/www.europesays.com\/fr\/261309\/"},"modified":"2025-07-20T15:03:11","modified_gmt":"2025-07-20T15:03:11","slug":"un-jeune-homme-meurt-poignarde-une-enquete-ouverte","status":"publish","type":"post","link":"https:\/\/www.europesays.com\/fr\/261309\/","title":{"rendered":"Un jeune homme meurt poignard\u00e9, une enqu\u00eate ouverte"},"content":{"rendered":"<p><strong>Enqu\u00eate &#8211; La victime a \u00e9t\u00e9 d\u00e9pos\u00e9e en voiture aux urgences samedi soir par trois personnes. Elle n\u2019a pas surv\u00e9cu \u00e0 ses blessures<\/strong><\/p>\n<p>Le drame est survenu samedi dans la soir\u00e9e. Un jeune homme de 20 ans a \u00e9t\u00e9 mortellement poignard\u00e9 \u00e0 <a href=\"https:\/\/www.20minutes.fr\/rennes\/?at_medium=RSS%20feed&amp;at_campaign=ynews&amp;utm_source=yahoo&amp;utm_medium=rss&amp;utm_campaign=news_feed&amp;utm_content=in_article_link\" rel=\"nofollow noopener\" target=\"_blank\" data-ylk=\"slk:Rennes;elm:context_link;itc:0;sec:content-canvas\" class=\"link \">Rennes<\/a>, a annonc\u00e9 dimanche le parquet de la ville d\u2019<a href=\"https:\/\/www.20minutes.fr\/dossier\/ille_et_vilaine?at_medium=RSS%20feed&amp;at_campaign=ynews&amp;utm_source=yahoo&amp;utm_medium=rss&amp;utm_campaign=news_feed&amp;utm_content=in_article_link\" rel=\"nofollow noopener\" target=\"_blank\" data-ylk=\"slk:Ille-et-Vilaine;elm:context_link;itc:0;sec:content-canvas\" class=\"link \">Ille-et-Vilaine<\/a>. Selon une source proche de l\u2019enqu\u00eate, les faits se sont d\u00e9roul\u00e9s rue Ferdinand de Lesseps, dans un lieu connu pour abriter <a href=\"https:\/\/www.20minutes.fr\/societe\/4161222-20250630-rennes-laxisme-procureur-prefet-defendent-bilan-face-narcotrafiquants?at_medium=RSS%20feed&amp;at_campaign=ynews&amp;utm_source=yahoo&amp;utm_medium=rss&amp;utm_campaign=news_feed&amp;utm_content=in_article_link\" rel=\"nofollow noopener\" target=\"_blank\" data-ylk=\"slk:du trafic de stup\u00e9fiants;elm:context_link;itc:0;sec:content-canvas\" class=\"link \">du trafic de stup\u00e9fiants<\/a>, situ\u00e9 dans le <a href=\"https:\/\/www.20minutes.fr\/justice\/4098872-20240630-rennes-apres-agression-mortelle-sdf-deux-ados-14-ans-mis-examen?at_medium=RSS%20feed&amp;at_campaign=ynews&amp;utm_source=yahoo&amp;utm_medium=rss&amp;utm_campaign=news_feed&amp;utm_content=in_article_link\" rel=\"nofollow noopener\" target=\"_blank\" data-ylk=\"slk:quartier de Cleunay.;elm:context_link;itc:0;sec:content-canvas\" class=\"link \">quartier de Cleunay.<\/a><\/p>\n<p>\u00ab\u00a0Une plaie grave \u00e0 l\u2019abdomen\u00a0\u00bb<\/p>\n<p>Samedi, vers 20 heures, trois personnes en voiture ont d\u00e9pos\u00e9 la victime au service des urgences du CHU Pontchaillou. Le jeune homme pr\u00e9sentait \u00ab\u00a0une plaie grave \u00e0 l\u2019abdomen, semblant r\u00e9sulter de violences par arme blanche\u00a0\u00bb, a pr\u00e9cis\u00e9 le procureur de la R\u00e9publique adjoint Matthieu Thomas. Malgr\u00e9 des tentatives de r\u00e9animation, il n\u2019a pas surv\u00e9cu \u00e0 ses blessures.<\/p>\n<p>Cinq personnes ont \u00e9t\u00e9 plac\u00e9es en garde \u00e0 vue\u00a0: les trois accompagnateurs de la victime, ainsi que deux autres personnes qui s\u2019\u00e9taient pr\u00e9sent\u00e9es \u00e0 l\u2019h\u00f4pital pour prendre des nouvelles du bless\u00e9. Elles ont depuis \u00e9t\u00e9 remises en libert\u00e9, celles-ci ayant \u00ab\u00a0communiqu\u00e9 aux enqu\u00eateurs tous les moyens\u00a0\u00bb de v\u00e9rifier leurs d\u00e9clarations \u00ab\u00a0sans contradiction, ni incoh\u00e9rences relev\u00e9es dans leurs explications, ni \u00e9l\u00e9ments d\u2019implication pouvant leur \u00eatre oppos\u00e9s\u00a0\u00bb, a annonc\u00e9 le procureur de la R\u00e9publique adjoint.<\/p>\n<p>Une autopsie programm\u00e9e<\/p>\n<p>Les trois personnes ayant conduit la victime \u00e0 l\u2019h\u00f4pital ont \u00ab\u00a0d\u00e9clar\u00e9 ne pas conna\u00eetre la victime, qu\u2019elles ont prise en charge sur la voie publique, \u00e0 sa demande, pour l\u2019emmener \u00e0 l\u2019h\u00f4pital\u00a0\u00bb, a indiqu\u00e9 Matthieu Thom(&#8230;)<\/p>\n<p><a href=\"https:\/\/www.20minutes.fr\/faits_divers\/faits-divers-rennes\/4164466-20250720-rennes-jeune-homme-meurt-poignarde-enquete-ouverte?at_medium=RSS%20feed&amp;at_campaign=ynews&amp;utm_source=yahoo&amp;utm_medium=rss&amp;utm_campaign=news_feed&amp;utm_content=read_more_link&quot;\" rel=\"nofollow noopener\" target=\"_blank\" data-ylk=\"slk:Lire la suite sur 20minutes;elm:context_link;itc:0;sec:content-canvas\" class=\"link \">Lire la suite sur 20minutes<\/a><\/p>\n<p>\u00c0 lire aussi :<br \/><a href=\"https:\/\/www.20minutes.fr\/faits_divers\/faits-divers-rennes\/4108483-20240905-rennes-homme-38-ans-meurt-poignarde-centre-ville?at_medium=RSS%20feed&amp;at_campaign=ynews&amp;utm_source=yahoo&amp;utm_medium=rss&amp;utm_campaign=news_feed&amp;utm_content=related_content_link\" rel=\"nofollow noopener\" target=\"_blank\" data-ylk=\"slk:Rennes\u00a0: Un homme de 38 ans meurt poignard\u00e9 dans le centre-ville;elm:context_link;itc:0;sec:content-canvas\" class=\"link \">Rennes\u00a0: Un homme de 38 ans meurt poignard\u00e9 dans le centre-ville<\/a><br \/><a href=\"https:\/\/www.20minutes.fr\/societe\/4161363-20250701-roanne-adolescente-blessee-deux-coups-couteau-dos-suspecte-14-ans-garde-vue?at_medium=RSS%20feed&amp;at_campaign=ynews&amp;utm_source=yahoo&amp;utm_medium=rss&amp;utm_campaign=news_feed&amp;utm_content=related_content_link\" rel=\"nofollow noopener\" target=\"_blank\" data-ylk=\"slk:Roanne\u00a0: Une adolescente bless\u00e9e de deux coups de couteau dans le dos, une suspecte de 14 ans en garde \u00e0 vue;elm:context_link;itc:0;sec:content-canvas\" class=\"link \">Roanne\u00a0: Une adolescente bless\u00e9e de deux coups de couteau dans le dos, une suspecte de 14 ans en garde \u00e0 vue<\/a><\/p>\n","protected":false},"excerpt":{"rendered":"Enqu\u00eate &#8211; La victime a \u00e9t\u00e9 d\u00e9pos\u00e9e en voiture aux urgences samedi soir par trois personnes. Elle n\u2019a&hellip;\n","protected":false},"author":2,"featured_media":261310,"comment_status":"","ping_status":"","sticky":false,"template":"","format":"standard","meta":{"footnotes":""},"categories":[2821],"tags":[1111,11,829,1777,674,40109,1011,27,40108,12,3764,584,25],"class_list":{"0":"post-261309","1":"post","2":"type-post","3":"status-publish","4":"format-standard","5":"has-post-thumbnail","7":"category-rennes","8":"tag-actu","9":"tag-actualites","10":"tag-bretagne","11":"tag-eu","12":"tag-europe","13":"tag-ferdinand-de-lesseps","14":"tag-fr","15":"tag-france","16":"tag-matthieu-thomas","17":"tag-news","18":"tag-procureur-de-la-republique","19":"tag-rennes","20":"tag-republique-francaise"},"share_on_mastodon":{"url":"https:\/\/pubeurope.com\/@fr\/114886174461958376","error":""},"_links":{"self":[{"href":"https:\/\/www.europesays.com\/fr\/wp-json\/wp\/v2\/posts\/261309","targetHints":{"allow":["GET"]}}],"collection":[{"href":"https:\/\/www.europesays.com\/fr\/wp-json\/wp\/v2\/posts"}],"about":[{"href":"https:\/\/www.europesays.com\/fr\/wp-json\/wp\/v2\/types\/post"}],"author":[{"embeddable":true,"href":"https:\/\/www.europesays.com\/fr\/wp-json\/wp\/v2\/users\/2"}],"replies":[{"embeddable":true,"href":"https:\/\/www.europesays.com\/fr\/wp-json\/wp\/v2\/comments?post=261309"}],"version-history":[{"count":0,"href":"https:\/\/www.europesays.com\/fr\/wp-json\/wp\/v2\/posts\/261309\/revisions"}],"wp:featuredmedia":[{"embeddable":true,"href":"https:\/\/www.europesays.com\/fr\/wp-json\/wp\/v2\/media\/261310"}],"wp:attachment":[{"href":"https:\/\/www.europesays.com\/fr\/wp-json\/wp\/v2\/media?parent=261309"}],"wp:term":[{"taxonomy":"category","embeddable":true,"href":"https:\/\/www.europesays.com\/fr\/wp-json\/wp\/v2\/categories?post=261309"},{"taxonomy":"post_tag","embeddable":true,"href":"https:\/\/www.europesays.com\/fr\/wp-json\/wp\/v2\/tags?post=261309"}],"curies":[{"name":"wp","href":"https:\/\/api.w.org\/{rel}","templated":true}]}}