{"id":261329,"date":"2025-07-20T15:15:12","date_gmt":"2025-07-20T15:15:12","guid":{"rendered":"https:\/\/www.europesays.com\/fr\/261329\/"},"modified":"2025-07-20T15:15:12","modified_gmt":"2025-07-20T15:15:12","slug":"les-images-impressionnantes-du-foudroyage-de-la-tour-kennedy-a-proximite-de-lille-2","status":"publish","type":"post","link":"https:\/\/www.europesays.com\/fr\/261329\/","title":{"rendered":"Les images impressionnantes du foudroyage de la Tour Kennedy \u00e0 proximit\u00e9 de Lille"},"content":{"rendered":"<p><strong>Le grand boum &#8211; Haute de 95 m\u00e8tres, la tour avait \u00e9t\u00e9 achev\u00e9e en\u00a01969. Malgr\u00e9 une r\u00e9habilitation en\u00a01995, elle avait \u00ab\u00a0mal vieilli\u00a0\u00bb, d\u2019apr\u00e8s la maire de Loos<\/strong><\/p>\n<p>Un effondrement en quelques secondes. Dimanche matin \u00e0 Loos, ville de la m\u00e9tropole lilloise <a href=\"https:\/\/www.20minutes.fr\/dossier\/nord?at_medium=RSS%20feed&amp;at_campaign=ynews&amp;utm_source=yahoo&amp;utm_medium=rss&amp;utm_campaign=news_feed&amp;utm_content=in_article_link\" rel=\"nofollow noopener\" target=\"_blank\" data-ylk=\"slk:dans le Nord;elm:context_link;itc:0;sec:content-canvas\" class=\"link \">dans le Nord<\/a>, la tour Kennedy, haute de 95 m\u00e8tres et comptant 28 \u00e9tages a \u00e9t\u00e9 <a href=\"https:\/\/www.20minutes.fr\/societe\/4118049-20241027-val-marne-destruction-spectaculaire-trois-tours-habitation-annees-1960?at_medium=RSS%20feed&amp;at_campaign=ynews&amp;utm_source=yahoo&amp;utm_medium=rss&amp;utm_campaign=news_feed&amp;utm_content=in_article_link\" rel=\"nofollow noopener\" target=\"_blank\" data-ylk=\"slk:d\u00e9truite par foudroyage.;elm:context_link;itc:0;sec:content-canvas\" class=\"link \">d\u00e9truite par foudroyage.<\/a> En quelques secondes, \u00e0 11h30, la plus haute tour d\u2019habitation au nord de Paris a disparu.<\/p>\n<p>Cet <a href=\"https:\/\/www.20minutes.fr\/dossier\/hlm?at_medium=RSS%20feed&amp;at_campaign=ynews&amp;utm_source=yahoo&amp;utm_medium=rss&amp;utm_campaign=news_feed&amp;utm_content=in_article_link\" rel=\"nofollow noopener\" target=\"_blank\" data-ylk=\"slk:immeuble HLM,;elm:context_link;itc:0;sec:content-canvas\" class=\"link \">immeuble HLM,<\/a> imagin\u00e9 par l\u2019architecte brutaliste lillois Jean-Pierre Secq, va laisser place \u00e0 une nouvelle organisation au sein du quartier des Oliveaux, abritant entre 7.000\u00a0et 8.000\u00a0habitants, souffrant de paup\u00e9risation et d\u2019enclavement. Le co\u00fbt global du projet de r\u00e9novation urbaine s\u2019\u00e9l\u00e8ve \u00e0 170\u00a0millions d\u2019euros, dont 8,9\u00a0millions rien pour la d\u00e9molition de la tour.<\/p>\n<p>\u00ab\u00a0Mal vieilli\u00a0\u00bb<\/p>\n<p>L\u2019immeuble HLM, achev\u00e9 en\u00a01969, avait \u00e9t\u00e9 r\u00e9habilit\u00e9 en\u00a01995, mais ne correspondait plus aux normes actuelles, avec des ascenseurs s\u2019arr\u00eatant aux demi-\u00e9tages, et avait des charges d\u2019exploitation tr\u00e8s lourdes. \u00ab\u00a0La Tour Kennedy a mal vieilli. C\u2019\u00e9tait un ensemble de logements [\u2026] apportant tout le confort qu\u2019on pouvait attendre \u00e0 l\u2019aube des Trente Glorieuses\u00a0\u00bb mais avec, notamment, une <a href=\"https:\/\/www.20minutes.fr\/economie\/4162225-20250715-isolation-phonique-peut-faire?at_medium=RSS%20feed&amp;at_campaign=ynews&amp;utm_source=yahoo&amp;utm_medium=rss&amp;utm_campaign=news_feed&amp;utm_content=in_article_link\" rel=\"nofollow noopener\" target=\"_blank\" data-ylk=\"slk:mauvaise isolation phonique;elm:context_link;itc:0;sec:content-canvas\" class=\"link \">mauvaise isolation phonique<\/a> et thermique, r\u00e9sume la maire de Loos, Anne Voituriez. Et de souligner\u00a0: \u00ab\u00a0Quand nous avons commenc\u00e9 le relogement des habitants en\u00a02020, 70 logements \u00e9taient vacants\u00a0\u00bb sur 220, synonyme de d\u00e9samour, a-t-elle soulign\u00e9.<\/p>\n<p>\u00ab\u00a0C\u2019est le symbole d\u2019une \u00e9poque r\u00e9volue qui dispara\u00eet\u00a0\u00bb, r\u00e9sumait \u00c9ric Cojon, Directeur G\u00e9n\u00e9ral de Partenord Habitat, le bailleur social, en amont de la d\u00e9molition.<\/p>\n<p>800\u00a0kg d\u2019explosif(&#8230;)<\/p>\n<p><a href=\"https:\/\/www.20minutes.fr\/societe\/4164465-20250720-nord-images-impressionnantes-foudroyage-tour-kennedy-proximite-lille?at_medium=RSS%20feed&amp;at_campaign=ynews&amp;utm_source=yahoo&amp;utm_medium=rss&amp;utm_campaign=news_feed&amp;utm_content=read_more_link&quot;\" rel=\"nofollow noopener\" target=\"_blank\" data-ylk=\"slk:Lire la suite sur 20minutes;elm:context_link;itc:0;sec:content-canvas\" class=\"link \">Lire la suite sur 20minutes<\/a><\/p>\n<p>\u00c0 lire aussi :<br \/><a href=\"https:\/\/www.20minutes.fr\/societe\/4159164-20250618-action-logement-decroche-pret-gigantesque-construire-renover-jusqu-400-000-logements?at_medium=RSS%20feed&amp;at_campaign=ynews&amp;utm_source=yahoo&amp;utm_medium=rss&amp;utm_campaign=news_feed&amp;utm_content=related_content_link\" rel=\"nofollow noopener\" target=\"_blank\" data-ylk=\"slk:Action Logement d\u00e9croche un pr\u00eat gigantesque pour construire et r\u00e9nover jusqu\u2019\u00e0 400.000 logements;elm:context_link;itc:0;sec:content-canvas\" class=\"link \">Action Logement d\u00e9croche un pr\u00eat gigantesque pour construire et r\u00e9nover jusqu\u2019\u00e0 400.000 logements<\/a><br \/><a href=\"https:\/\/www.20minutes.fr\/societe\/4152266-20250507-hlm-president-association-maires-reclame-pouvoir-expulsion-familles-liees-trafic-drogue?at_medium=RSS%20feed&amp;at_campaign=ynews&amp;utm_source=yahoo&amp;utm_medium=rss&amp;utm_campaign=news_feed&amp;utm_content=related_content_link\" rel=\"nofollow noopener\" target=\"_blank\" data-ylk=\"slk:HLM\u00a0: Le pr\u00e9sident de l\u2019association des maires r\u00e9clame un \u00ab\u00a0pouvoir d\u2019expulsion\u00a0\u00bb des familles li\u00e9es au trafic de drogue;elm:context_link;itc:0;sec:content-canvas\" class=\"link \">HLM\u00a0: Le pr\u00e9sident de l\u2019association des maires r\u00e9clame un \u00ab\u00a0pouvoir d\u2019expulsion\u00a0\u00bb des familles li\u00e9es au trafic de drogue<\/a><\/p>\n","protected":false},"excerpt":{"rendered":"Le grand boum &#8211; Haute de 95 m\u00e8tres, la tour avait \u00e9t\u00e9 achev\u00e9e en\u00a01969. Malgr\u00e9 une r\u00e9habilitation en\u00a01995,&hellip;\n","protected":false},"author":2,"featured_media":261330,"comment_status":"","ping_status":"","sticky":false,"template":"","format":"standard","meta":{"footnotes":""},"categories":[2815],"tags":[1111,11,1777,674,1011,27,811,31649,40113,1307,40112,40111,12,25,40110],"class_list":{"0":"post-261329","1":"post","2":"type-post","3":"status-publish","4":"format-standard","5":"has-post-thumbnail","7":"category-lille","8":"tag-actu","9":"tag-actualites","10":"tag-eu","11":"tag-europe","12":"tag-fr","13":"tag-france","14":"tag-hauts-de-france","15":"tag-hlm","16":"tag-la-tour","17":"tag-lille","18":"tag-loos","19":"tag-metropole-lilloise","20":"tag-news","21":"tag-republique-francaise","22":"tag-tour-kennedy"},"share_on_mastodon":{"url":"https:\/\/pubeurope.com\/@fr\/114886221845602762","error":""},"_links":{"self":[{"href":"https:\/\/www.europesays.com\/fr\/wp-json\/wp\/v2\/posts\/261329","targetHints":{"allow":["GET"]}}],"collection":[{"href":"https:\/\/www.europesays.com\/fr\/wp-json\/wp\/v2\/posts"}],"about":[{"href":"https:\/\/www.europesays.com\/fr\/wp-json\/wp\/v2\/types\/post"}],"author":[{"embeddable":true,"href":"https:\/\/www.europesays.com\/fr\/wp-json\/wp\/v2\/users\/2"}],"replies":[{"embeddable":true,"href":"https:\/\/www.europesays.com\/fr\/wp-json\/wp\/v2\/comments?post=261329"}],"version-history":[{"count":0,"href":"https:\/\/www.europesays.com\/fr\/wp-json\/wp\/v2\/posts\/261329\/revisions"}],"wp:featuredmedia":[{"embeddable":true,"href":"https:\/\/www.europesays.com\/fr\/wp-json\/wp\/v2\/media\/261330"}],"wp:attachment":[{"href":"https:\/\/www.europesays.com\/fr\/wp-json\/wp\/v2\/media?parent=261329"}],"wp:term":[{"taxonomy":"category","embeddable":true,"href":"https:\/\/www.europesays.com\/fr\/wp-json\/wp\/v2\/categories?post=261329"},{"taxonomy":"post_tag","embeddable":true,"href":"https:\/\/www.europesays.com\/fr\/wp-json\/wp\/v2\/tags?post=261329"}],"curies":[{"name":"wp","href":"https:\/\/api.w.org\/{rel}","templated":true}]}}