{"id":261339,"date":"2025-07-20T15:21:09","date_gmt":"2025-07-20T15:21:09","guid":{"rendered":"https:\/\/www.europesays.com\/fr\/261339\/"},"modified":"2025-07-20T15:21:09","modified_gmt":"2025-07-20T15:21:09","slug":"ratp-et-sncf-les-perturbations-attendues-dans-les-transports-a-paris-et-en-ile-de-france-cette-semaine-12","status":"publish","type":"post","link":"https:\/\/www.europesays.com\/fr\/261339\/","title":{"rendered":"RATP et SNCF. Les perturbations attendues dans les transports \u00e0 Paris et en \u00cele-de-France cette semaine"},"content":{"rendered":"<p>            Par<br \/>\n        <strong><br \/>\n            <a href=\"https:\/\/actu.fr\/auteur\/antoine-grotteria02\" title=\"Consulter tous les articles de Antoine Grotteria\" target=\"_blank\" rel=\"noopener\">Antoine Grotteria<\/a><br \/>\n        <\/strong><\/p>\n<p>        Publi\u00e9 le<\/p>\n<p>            20 juil. 2025 \u00e0 17h02        <\/p>\n<p>Les <strong>grands travaux d\u2019\u00e9t\u00e9<\/strong> se poursuivent dans les transports de <a href=\"https:\/\/actu.fr\/paris\/\" target=\"_blank\" rel=\"noopener\">Paris<\/a> et d\u2019<a href=\"https:\/\/actu.fr\/ile-de-france\/\" target=\"_blank\" rel=\"noopener\">\u00cele-de-France<\/a>. Cons\u00e9quence, le trafic sera perturb\u00e9 dans le <a href=\"https:\/\/actu.fr\/tag\/metro\" target=\"_blank\" rel=\"noopener\">m\u00e9tro<\/a>, le RER, le Transilien et le tramway cette semaine du lundi 21 au dimanche 27 juillet 2025. Actu Paris fait le point sur les pr\u00e9visions des prochains jours sur les lignes exploit\u00e9es par la <a href=\"https:\/\/actu.fr\/tag\/ratp\" target=\"_blank\" rel=\"noopener\">RATP<\/a> et la <a href=\"https:\/\/actu.fr\/tag\/sncf\" target=\"_blank\" rel=\"noopener\">SNCF<\/a>.\u00a0<\/p>\n<p class=\" wall-content\"><strong>M\u00e9tro<\/strong><\/p>\n<ul class=\" wall-content\">\n<li><strong>Ligne 3<\/strong> : jusqu\u2019au 3 ao\u00fbt, le trafic est interrompu entre Op\u00e9ra et Gallieni en raison de travaux. Bus en place entre R\u00e9publique et Gallieni.\u00a0<\/li>\n<li><strong>Ligne 6<\/strong> : jusqu\u2019au 28 septembre, l\u2019arr\u00eat n\u2019est pas desservi \u00e0 Cambronne en raison de travaux de modernisation.\u00a0<\/li>\n<li><strong>Ligne 7<\/strong> : du lundi 21 au jeudi 24 juillet, \u00a0le trafic est interrompu entre La Courneuve \u2013 8 Mai 1945 et Chauss\u00e9e d\u2019Antin \u2013 La Fayette en raison de travaux. Bus de remplacement.\u00a0<\/li>\n<li><strong>Ligne 13<\/strong> : jusqu\u2019au 31 ao\u00fbt, les acc\u00e8s \u00e0 la station Gabriel P\u00e9ri sont ferm\u00e9s en raison de travaux. Du lundi 21 juillet au dimanche 27 juillet, les acc\u00e8s \u00e0 la station Pernety seront ferm\u00e9s pour travaux.\u00a0<\/li>\n<li><strong>Ligne 14<\/strong> : du lundi 21 au mercredi 23 juillet, \u00e0 partir de 22 heures, le trafic est interrompu sur l\u2019ensemble de la ligne en raison de travaux.\u00a0<\/li>\n<\/ul>\n<p class=\" wall-content\"><strong>RER<\/strong><\/p>\n<ul class=\" wall-content\">\n<li><strong>RER B<\/strong> : jusqu\u2019au 31 juillet, du lundi au vendredi d\u00e8s 22h45, le trafic est interrompu entre Gare du Nord et A\u00e9roport Charles de Gaulle 2\u2013TGV via Mitry\u2013Claye en raison de travaux d\u2019entretien. Trafic interrompu entre Massy-Palaiseau et La Croix de Berny en raison de travaux jusqu\u2019au 27 ao\u00fbt.\u00a0<\/li>\n<li><strong>RER C<\/strong> : jusqu\u2019au 31 juillet, l\u2019arr\u00eat n\u2019est pas desservi \u00e0 Issy vers Massy\u2006\u2013\u2006Palaiseau, Saint-Martin d\u2019\u00c9tampes et Dourdan la For\u00eat en raison de mesures de s\u00e9curit\u00e9. Du lundi 21 au vendredi 25 juillet, le trafic est interrompu entre Dourdan et Paris Austerlitz \u00e0 partir de 23h55 en raison de travaux. Le trafic est interrompu entre Avenue Henri Martin et Montigny Beauchamp aux m\u00eames dates. Du lundi 21 au vendredi 25 juillet, \u00e0 partir de 23 heures, le trafic est interrompu ente Paris Austerlitz et Juvisy via Choisy le Roi. Bus de remplacement. Du lundi 21 juillet au dimanche 27 juillet, sauf le samedi, le trafic est interrompu entre Paris Austerlitz et Avenue Henri Martin. Report : Lignes RER ou train, du M\u00e9tro, Tramway ou bus de ville. Du lundi 21 au dimanche 27 juillet, le trafic est interrompu entre Massy-Palaiseau et Pont de Rungis. Un service de bus de remplacement est mis en place, avec desserte des gares interm\u00e9diaires. Le trafic est interrompu entre Paris Austerlitz et Pont de Rungis. Report : Lignes du M\u00e9tro, Tramways et lignes de bus de ville du lundi 21 au vendredi 25 juillet. Dimanche 27 juillet, le trafic est interrompu entre Dourdan et Paris Austerlitz d\u00e8s 23h55. Samedi 26 juillet, le trafic est interrompu entre Paris Austerlitz \u2013 Montigny Beauchamp et Pontoise. Du lundi 21 au dimanche 27 juillet, except\u00e9 le samedi, le trafic est interrompu entre Paris Austerlitz et Avenue Henri Martin.\u00a0<\/li>\n<li><strong>RER D<\/strong> : du lundi 21 au vendredi 25 juillet, es gares entre Paris Gare de Lyon et Villeneuve S Georges ne sont pas desservies d\u00e8s minuit. M\u00eame chose entre Paris Gare du Nord et Creil et dans l\u2019autre sens. Jusqu\u2019au 14 ao\u00fbt, du lundi au vendredi \u00e0 partir de 23h20, le trafic est interrompu entre Gare du Nord et Creil en raison de travaux. Samedi 26 et dimanche 27 juillet, le trafic est interrompu entre Combs-la-Ville \u2013 Quincy et Melun. Du lundi 21 au vendredi 25 juillet, le trafic est interrompu entre Villeneuve S Georges et Corbeil-Essonnes via Evry-Courcouronnes \u00e0 partir de 23h15. Du lundi 21 au vendredi 25 juillet, apr\u00e8s 23 heures, les trains ne marquent pas l\u2019arr\u00eat \u00e0 Maisons-Alfort, Vert de Maisons, Cr\u00e9teil Pompadour et Villeneuve-Triage dans les deux sens de circulations. Du lundi 21 au vendredi 25 juillet, de 9h30 \u00e0 16 heures, le trafic est all\u00e9g\u00e9 entre Combs-la-Ville \u2013 Quincy et Melun, seul un train sur deux en circulation. Motif : travaux sur le r\u00e9seau ferroviaire. Vendredi 25 juillet, le\u00a0trafic est interrompu entre Combs-la-Ville \u2013 Quincy et Melun. Un service de bus de remplacement est mis en place. Motif : travaux sur le r\u00e9seau ferroviaire.<\/li>\n<li><strong>RER E<\/strong> : du lundi au vendredi, \u00e0 partir de 21 heures, le trafic est interrompu entre Nanterre-La-Folie et Tournan\/ Villiers-sur-Marne. Motif : travaux. Samedi 26 et dimanche 27 juillet, le trafic est interrompu entre Nanterre-la-Folie et Chelles Gournay \u00e0 partir de 23h45. Tous les jours \u00e0 partir de 22h10, samedi 26 juillet et dimanche 27 juillet, le trafic est interrompu entre Nanterre-La-Folie et Tournan. Vendredi 25 juillet, \u00e0 partir de 21 heures, le trafic est interrompu entre Nanterre-La-Folie et Villiers-sur-Marne.\u00a0<\/li>\n<\/ul>\n<p class=\" wall-content\"><strong>Transilien\u00a0<\/strong><\/p>\n<ul class=\" wall-content\">\n<li><strong>Ligne H<\/strong> : du lundi 21 au vendredi 25 juillet, le trafic est interrompu entre Paris Gare du Nord et Pontoise en soir\u00e9e. M\u00eame chose entre Paris Gare du Nord et Persan \u2013 Beaumont via Montsoult \u2013 Maffliers. M\u00eame chose entre Paris Gare du Nord et Luzarches et entre Paris Gare du Nord et Persan \u2013 Beaumont via Valmondois. Samedi 26 et dimanche 27 juillet, le trafic est interrompu entre Paris Gare du Nord et Sarcelles \u2013 Saint-Brice.\u00a0<\/li>\n<li><strong>Ligne J<\/strong> : jusqu\u2019au 8 ao\u00fbt, du lundi au vendredi d\u00e8s 21h40, le trafic est interrompu entre Gare Saint-Lazare et Mantes-la-Jolie via Poissy. Bus de remplacement. Jusqu\u2019au 8 ao\u00fbt, du lundi au vendredi d\u00e8s 21h15, le trafic est interrompu entre Mantes-la-Jolie et Issou \u2013 Porcheville vers Vernon \u2013 Giverny et Gare Saint-Lazare. Bus de remplacement.<\/li>\n<li><strong>Ligne K<\/strong> : \u00a0du lundi 19 mai au vendredi 19 d\u00e9cembre en soir\u00e9e. Le trafic est interrompu entre Paris Gare du Nord et Cr\u00e9py-en-Valois.\u00a0<\/li>\n<li><strong>Ligne L<\/strong> : du lundi 21 au vendredi 25 juillet, le trafic est interrompu entre Paris Saint-Lazare et La D\u00e9fense d\u00e8s 21h40.\u00a0<\/li>\n<li><strong>Ligne N<\/strong> : du lundi 21 au vendredi 25 juillet, le trafic est interrompu de Paris Montparnasse vers Mantes-la-Jolie \u00e0 partir de 21 heures. M\u00eame chose \u00e0 partir de 22 heures entre Paris Montparnasse et Dreux. A partir de 22h30, du lundi 21 au vendredi 25 juillet, le trafic est interrompu entre Paris Montparnasse et Rambouillet.<\/li>\n<li><strong>Ligne P<\/strong> : du lundi 21 au dimanche 27 juillet, le trafic est interrompu entre Meaux et La Fert\u00e9-Milon. Samedi 26 juillet, le trafic est interrompu entre Paris Est et Meaux \u00e0 partir de 22h50. Du lundi 21 au vendredi 25 juillet, le trafic est interrompu entre Paris Est et Meaux d\u00e8s 22h20. Samedi 26 et dimanche 27 juillet, \u00e0 partir de 23 heures, le trafic est interrompu entre Paris Est et Ch\u00e2teau-Thierry. Le trafic est interrompu entre Paris Est et Provins en semaine \u00e0 partir de 20h45. Jusqu\u2019au 1er ao\u00fbt, du lundi au vendredi d\u00e8s 22 heures, le trafic est interrompu entre Ch\u00e2teau-Thierry et Gare de l\u2019Est. Bus de remplacement. Tous les jours \u00e0 partir de 21h30, du lundi 21 juillet au dimanche 17 ao\u00fbt, le trafic est interrompu entre Paris Est et Coulommiers. Samedi 26 et dimanche 27 juillet, \u00e0 partir de 21h45, le trafic est interrompu entre Paris Est et Provins.\u00a0<\/li>\n<li><strong>Ligne R<\/strong> : du lundi 21 au vendredi 25 juillet, de 10h25 \u00e0 15h30, le trafic est interrompu entre Melun et Montereau. Du lundi 21 au vendredi 25 juillet, le trafic est interrompu entre Moret Veneux les S. et Montargis \u00e0 partir de minuit. Du lundi 21 au vendredi 25 juillet,le trafic est interrompu entre Melun et Montereau via Moret Veneux les S \u00e0 partir de 23h15.\u00a0<\/li>\n<li><strong>Ligne U<\/strong> : du lundi 21 au vendredi 25 juillet. Le trafic est interrompu entre La D\u00e9fense et La Verri\u00e8re \u00e0 partir de 21h30.\u00a0<\/li>\n<\/ul>\n<p class=\" wall-content\"><strong>Tramway<\/strong><\/p>\n<ul class=\" wall-content\">\n<li><strong>T1<\/strong> : le trafic est interrompu entre Asni\u00e8res \u2013 Quatre Routes et Gare de Saint-Denis et perturb\u00e9 sur le reste de la ligne en raison d\u2019une d\u00e9gradation par un tiers \u00e0 L\u2019\u00cele-Saint-Denis. Pas de reprise pr\u00e9vue jusqu\u2019\u00e0 nouvel ordre. Jusqu\u2019au jeudi 31 juillet, le trafic est interrompu entre H\u00f4pital Delafontaine et Saint-Denis en raison de travaux. Bus de remplacement.<\/li>\n<li><strong>T2<\/strong> : jusqu\u2019au 12 f\u00e9vrier 2026, le trafic est interrompu entre Porte de Versailles et Suzanne Lenglen en raison d\u2019importants travaux de modernisation. Pour rejoindre la Porte de Versailles, depuis Suzanne Lenglen, rejoindre \u00e0 pied la station Balard du T3a.<\/li>\n<\/ul>\n<p>Vid\u00e9os : en ce moment sur Actu<\/p>\n<p class=\" wall-content\">Suivez toute l\u2019actualit\u00e9 de vos villes et m\u00e9dias favoris en vous inscrivant \u00e0 <a href=\"https:\/\/moncompte.actu.fr\" title=\"D\u00e9couvez Mon Actu\" rel=\"nofollow noopener\" data-trk=\"{&quot;cta&quot;:{&quot;action&quot;:&quot;https:\\\/\\\/moncompte.actu.fr&quot;,&quot;category&quot;:&quot;mon compte&quot;,&quot;from&quot;:&quot;article footer&quot;,&quot;name&quot;:&quot;Mon actu&quot;,&quot;type&quot;:&quot;cta&quot;}}\" target=\"_blank\">Mon Actu<\/a>.<\/p>\n","protected":false},"excerpt":{"rendered":"Par Antoine Grotteria Publi\u00e9 le 20 juil. 2025 \u00e0 17h02 Les grands travaux d\u2019\u00e9t\u00e9 se poursuivent dans les&hellip;\n","protected":false},"author":2,"featured_media":261340,"comment_status":"","ping_status":"","sticky":false,"template":"","format":"standard","meta":{"footnotes":""},"categories":[1592],"tags":[1111,11,1777,674,1011,27,662,12,626,625,25,2215,104,2803],"class_list":{"0":"post-261339","1":"post","2":"type-post","3":"status-publish","4":"format-standard","5":"has-post-thumbnail","7":"category-ile-de-france","8":"tag-actu","9":"tag-actualites","10":"tag-eu","11":"tag-europe","12":"tag-fr","13":"tag-france","14":"tag-ile-de-france","15":"tag-news","16":"tag-paris","17":"tag-ratp","18":"tag-republique-francaise","19":"tag-sncf","20":"tag-societe","21":"tag-transport"},"share_on_mastodon":{"url":"https:\/\/pubeurope.com\/@fr\/114886245379356537","error":""},"_links":{"self":[{"href":"https:\/\/www.europesays.com\/fr\/wp-json\/wp\/v2\/posts\/261339","targetHints":{"allow":["GET"]}}],"collection":[{"href":"https:\/\/www.europesays.com\/fr\/wp-json\/wp\/v2\/posts"}],"about":[{"href":"https:\/\/www.europesays.com\/fr\/wp-json\/wp\/v2\/types\/post"}],"author":[{"embeddable":true,"href":"https:\/\/www.europesays.com\/fr\/wp-json\/wp\/v2\/users\/2"}],"replies":[{"embeddable":true,"href":"https:\/\/www.europesays.com\/fr\/wp-json\/wp\/v2\/comments?post=261339"}],"version-history":[{"count":0,"href":"https:\/\/www.europesays.com\/fr\/wp-json\/wp\/v2\/posts\/261339\/revisions"}],"wp:featuredmedia":[{"embeddable":true,"href":"https:\/\/www.europesays.com\/fr\/wp-json\/wp\/v2\/media\/261340"}],"wp:attachment":[{"href":"https:\/\/www.europesays.com\/fr\/wp-json\/wp\/v2\/media?parent=261339"}],"wp:term":[{"taxonomy":"category","embeddable":true,"href":"https:\/\/www.europesays.com\/fr\/wp-json\/wp\/v2\/categories?post=261339"},{"taxonomy":"post_tag","embeddable":true,"href":"https:\/\/www.europesays.com\/fr\/wp-json\/wp\/v2\/tags?post=261339"}],"curies":[{"name":"wp","href":"https:\/\/api.w.org\/{rel}","templated":true}]}}