{"id":261349,"date":"2025-07-20T15:26:09","date_gmt":"2025-07-20T15:26:09","guid":{"rendered":"https:\/\/www.europesays.com\/fr\/261349\/"},"modified":"2025-07-20T15:26:09","modified_gmt":"2025-07-20T15:26:09","slug":"guerre-en-ukraine-moteur-a-reaction-guidage-infrarouge-ce-que-lon-sait-du-drone-russe-geran-3-qui-inquiete-kiev","status":"publish","type":"post","link":"https:\/\/www.europesays.com\/fr\/261349\/","title":{"rendered":"Guerre en Ukraine\u00a0: moteur \u00e0 r\u00e9action, guidage infrarouge\u2026 Ce que l\u2019on sait du drone russe Geran-3 qui inqui\u00e8te Kiev"},"content":{"rendered":"<p>\n                                                                    l&rsquo;essentiel<br \/>\n                                                                Alors que les frappes russes s\u2019intensifient, un nouveau drone plus rapide, plus puissant et plus pr\u00e9cis \u2014 le Geran-3 \u2014 a \u00e9t\u00e9 rep\u00e9r\u00e9 sur le front ukrainien.\n                            <\/p>\n<p>Alors que les frappes russes ne font qu\u2019augmenter depuis le d\u00e9but de l\u2019\u00e9t\u00e9, un nouveau drone a r\u00e9cemment \u00e9t\u00e9 identifi\u00e9 sur le front\u00a0: le Geran-3, version modernis\u00e9e et bien plus redoutable de son pr\u00e9d\u00e9cesseur, le Geran-2.<\/p>\n<p>Selon plusieurs m\u00e9dias sp\u00e9cialis\u00e9s, dont <a href=\"https:\/\/defence-ua.com\/news\/pid_chas_ataki_po_kijevu_rf_vikoristala_novij_reaktivnij_shahed_virogidno_rosijskogo_virobnitstva_geran_3-19140.html\" target=\"_self\" rel=\"nofollow noopener\">Defense Express<\/a>, il s\u2019agit d\u2019une adaptation directe du Shahed-238, drone iranien pr\u00e9sent\u00e9 en 2023. En f\u00e9vrier dernier, le minist\u00e8re ukrainien de la D\u00e9fense alertait d\u00e9j\u00e0 sur la mise en production du Geran-3, \u00e9voquant une s\u00e9rie de changements dans les capacit\u00e9s technologiques de l\u2019arm\u00e9e russe. Depuis, les d\u00e9bris de drones intercept\u00e9s ont permis \u00e0 Kiev de confirmer sa pr\u00e9sence sur le terrain.<\/p>\n<p>Premi\u00e8re diff\u00e9rence majeure\u00a0: le moteur. Alors que le Geran-2, d\u00e9riv\u00e9 du Shahed-136, \u00e9tait propuls\u00e9 par h\u00e9lice et limit\u00e9 \u00e0 environ 200\u00a0km\/h, le Geran-3 est \u00e9quip\u00e9 d\u2019un turbor\u00e9acteur Tolou-10\/13. Ce syst\u00e8me, bien plus performant, lui permet d\u2019atteindre des vitesses de 550 \u00e0 700\u00a0km\/h, notamment en phase terminale d\u2019attaque. De quoi compliquer nettement la t\u00e2che des syst\u00e8mes de d\u00e9fense antia\u00e9rienne ukrainiens.<\/p>\n<p>Il est \u00e9galement capable de transporter jusqu\u2019\u00e0 six fois plus d\u2019explosifs que le Geran-2, avec une autonomie estim\u00e9e \u00e0 2\u00a0500\u00a0km, ce qui permet \u00e0 la Russie de frapper bien au-del\u00e0 des lignes de front. Comme le Shahed-238 iranien, le Geran-3 pourrait \u00e9galement \u00eatre \u00e9quip\u00e9 d\u2019un syst\u00e8me de guidage optique infrarouge, pour viser des cibles \u00e0 signature thermique \u2014 une capacit\u00e9 qui rend les sites \u00e9nerg\u00e9tiques, les d\u00e9p\u00f4ts de munitions ou les postes de commandement particuli\u00e8rement vuln\u00e9rables.<\/p>\n<p>80\u00a0000\u00a0dollars par unit\u00e9<\/p>\n<p>Mais cette nouvelle g\u00e9n\u00e9ration de drones pr\u00e9sente aussi quelques inconv\u00e9nients. Plus massif (environ 500\u00a0kg), le Geran-3 transporte davantage de carburant, ce qui le rend plus visible aux radars thermiques. Son prix est \u00e9galement un facteur \u00e0 consid\u00e9rer\u00a0: environ 80\u00a0000\u00a0dollars par unit\u00e9, soit quatre fois plus que le Geran-2. Mais cela ne semble pas freiner l\u2019\u00e9lan russe.<\/p>\n<p>Selon Kirill Budanov, chef du renseignement militaire ukrainien (HUR), Moscou aurait m\u00eame demand\u00e9 \u00e0 la Cor\u00e9e du Nord d\u2019accueillir une usine de production d\u00e9di\u00e9e au Geran-3, avec pour objectif de d\u00e9passer les 2\u00a0000 unit\u00e9s produites par mois.<\/p>\n<p>Ce renforcement est pr\u00e9occupant pour Kiev. Depuis deux ans, les drones kamikazes comme les Geran-2 (Shahed-136) ont d\u00e9j\u00e0 inflig\u00e9 des d\u00e9g\u00e2ts consid\u00e9rables aux infrastructures civiles ukrainiennes, notamment au r\u00e9seau \u00e9nerg\u00e9tique.<\/p>\n","protected":false},"excerpt":{"rendered":"l&rsquo;essentiel Alors que les frappes russes s\u2019intensifient, un nouveau drone plus rapide, plus puissant et plus pr\u00e9cis \u2014&hellip;\n","protected":false},"author":2,"featured_media":261350,"comment_status":"","ping_status":"","sticky":false,"template":"","format":"standard","meta":{"footnotes":""},"categories":[1591],"tags":[11,1887,12,1885,1886,132],"class_list":{"0":"post-261349","1":"post","2":"type-post","3":"status-publish","4":"format-standard","5":"has-post-thumbnail","7":"category-russie","8":"tag-actualites","9":"tag-federation-de-russie","10":"tag-news","11":"tag-russia","12":"tag-russian-federation","13":"tag-russie"},"share_on_mastodon":{"url":"https:\/\/pubeurope.com\/@fr\/114886264953857466","error":""},"_links":{"self":[{"href":"https:\/\/www.europesays.com\/fr\/wp-json\/wp\/v2\/posts\/261349","targetHints":{"allow":["GET"]}}],"collection":[{"href":"https:\/\/www.europesays.com\/fr\/wp-json\/wp\/v2\/posts"}],"about":[{"href":"https:\/\/www.europesays.com\/fr\/wp-json\/wp\/v2\/types\/post"}],"author":[{"embeddable":true,"href":"https:\/\/www.europesays.com\/fr\/wp-json\/wp\/v2\/users\/2"}],"replies":[{"embeddable":true,"href":"https:\/\/www.europesays.com\/fr\/wp-json\/wp\/v2\/comments?post=261349"}],"version-history":[{"count":0,"href":"https:\/\/www.europesays.com\/fr\/wp-json\/wp\/v2\/posts\/261349\/revisions"}],"wp:featuredmedia":[{"embeddable":true,"href":"https:\/\/www.europesays.com\/fr\/wp-json\/wp\/v2\/media\/261350"}],"wp:attachment":[{"href":"https:\/\/www.europesays.com\/fr\/wp-json\/wp\/v2\/media?parent=261349"}],"wp:term":[{"taxonomy":"category","embeddable":true,"href":"https:\/\/www.europesays.com\/fr\/wp-json\/wp\/v2\/categories?post=261349"},{"taxonomy":"post_tag","embeddable":true,"href":"https:\/\/www.europesays.com\/fr\/wp-json\/wp\/v2\/tags?post=261349"}],"curies":[{"name":"wp","href":"https:\/\/api.w.org\/{rel}","templated":true}]}}