{"id":261357,"date":"2025-07-20T15:30:11","date_gmt":"2025-07-20T15:30:11","guid":{"rendered":"https:\/\/www.europesays.com\/fr\/261357\/"},"modified":"2025-07-20T15:30:11","modified_gmt":"2025-07-20T15:30:11","slug":"allemagne-faillite-offensive-et-mentale-jeunes-solides-les-bleues-face-a-un-plafond-de-verre-imbrisable","status":"publish","type":"post","link":"https:\/\/www.europesays.com\/fr\/261357\/","title":{"rendered":"Allemagne. Faillite offensive et mentale, jeunes solides\u00a0: les Bleues face \u00e0 un plafond de verre imbrisable"},"content":{"rendered":"<p>Mais cette m\u00e9thode mentale a failli, comme l\u2019attaque qui avait brill\u00e9 lors des trois premiers matchs. Malgr\u00e9 ce nouvel \u00e9chec cuisant en quart de finale comme lors de la Coupe du monde en 2023 et lors des JO en 2024, les Bleues veulent retenir du positif de cette \u00e9limination par l\u2019Allemagne aux tirs au but (1-1, t.a.b. 6-5).<\/p>\n<p>1 Un blocage mental\u00a0?<\/p>\n<p>\u00ab\u00a0On peut le dire, puisqu\u2019on n\u2019a pas pass\u00e9 ce quart de finale, donc on continuera \u00e0 travailler pour justement un jour le briser. C\u2019est encore une s\u00e9rie de tirs au but, comme on l\u2019avait v\u00e9cue aussi en Australie en quart de finale\u00a0\u00bb, a r\u00e9agi Laurent Bonadei, apr\u00e8s cette \u00e9limination encore plus frustrante que la d\u00e9faite face au Br\u00e9sil en quarts de JO.<\/p>\n<p>Mais le coach, qui a fait appel au pr\u00e9parateur mental Thomas Sammut depuis sa prise de fonction en octobre, affirme qu\u2019il n\u2019y a pas de probl\u00e8me mental. \u00ab\u00a0Je ne pense pas qu\u2019il y ait un probl\u00e8me psychologique. Il y a aussi des adversaires qui ont de la qualit\u00e9 et qui font que quand on arrive \u00e0 ce niveau-l\u00e0, \u00e7a devient de plus en plus dur et \u00e7a se joue sur les d\u00e9tails\u00a0\u00bb, a-t-il affirm\u00e9.<\/p>\n<p>Et les joueuses ont eu exactement le m\u00eame discours devant les m\u00e9dias. Un blocage en quart de finale\u00a0? \u00ab\u00a0Non \u00e7a n\u2019a rien \u00e0 voir, il ne manque pas grand-chose, on a eu deux buts refus\u00e9s pour hors-jeu, on ne peut pas parler de blocages mentaux. L\u2019Allemagne a fait un match avec de l\u2019agressivit\u00e9 et de la combativit\u00e9\u00a0\u00bb, a poursuivi la capitaine Griedge Mbock, comme Sakina Karchaoui quelques instants avant.<\/p>\n<p>Mais, m\u00eame avec un travail de plusieurs mois avec l\u2019un des meilleurs pr\u00e9parateurs mentaux dans le domaine, elles ont sombr\u00e9 totalement. Malgr\u00e9 cela, Mbock veut croire en l\u2019avenir\u00a0: \u00ab\u00a0J\u2019y crois, sinon cela ne sert \u00e0 rien de continuer car on a un groupe prometteur.\u00a0\u00bb<\/p>\n<p>2 Un groupe renouvel\u00e9, des jeunes au rendez-vous<\/p>\n<p>\u00ab\u00a0Oui, il y a beaucoup de choses positives \u00e0 retenir, on a un groupe jeune qui apprend, on continue de progresser, tout n\u2019est pas \u00e0 jeter, c\u2019est le moment de rester ensemble\u00a0\u00bb, a r\u00e9agi la capitaine Griedge Mbock, le regard dans le vide. \u00c0 longueur de conf\u00e9rences de presse pendant plus deux semaines en Suisse, les Bleues ont soulign\u00e9 un nouvel \u00e9tat d\u2019esprit de groupe, diff\u00e9rent encore des ann\u00e9es pr\u00e9c\u00e9dentes\u00a0: sans les cadres embl\u00e9matiques Wendie Renard, Eug\u00e9nie Le Sommer ou Kenza Dali mais avec de jeunes joueuses comme Alice Sombath, Thiniba Samoura, Melween N\u2019Dongala et Lou Bogaert (21\u00a0ans).<\/p>\n<p>Elles ont toutes \u00e9t\u00e9 au rendez-vous, en particulier Alice Sombath, solide lors de la phase de groupe et au moment de son entr\u00e9e ce samedi soir, m\u00eame si elle a manqu\u00e9 le dernier tir au but. Mais ce renouvellement n\u2019aura finalement rien apport\u00e9 de plus dans les moments charni\u00e8res, l\u00e0 o\u00f9 les Bleues auraient eu besoin d\u2019insouciance et d\u2019un suppl\u00e9ment d\u2019\u00e2me. \u00ab\u00a0Cette \u00e9quipe a bien \u00e9volu\u00e9 depuis quelques mois, elle progresse, elle a donn\u00e9 beaucoup d\u2019espoir, a voulu insister Bonadei, sous contrat jusqu\u2019\u00e0 la Coupe du monde en 2027. Je reste satisfait malgr\u00e9 tout de l\u2019exp\u00e9rience qu\u2019ont pu acqu\u00e9rir les jeunes dans cet Euro.\u00a0\u00bb<\/p>\n<p>3 Une attaque \u00e9teinte au pire moment<\/p>\n<p>La comparaison est saisissante\u00a0: \u00e0 dix, les attaquantes allemandes Jule Brand, Klara B\u00fchl et Giovanna Hoffmann ont montr\u00e9 un visage de combat et de pers\u00e9v\u00e9rance, bien loin de celui des joueuses offensives fran\u00e7aises. Trop discr\u00e8tes, n\u2019arrivant pas \u00e0 faire la diff\u00e9rence hormis sur le but refus\u00e9 pour hors-jeu de Delphine Cascarino, elles ont failli au pire moment. Ses deux autres co\u00e9quipi\u00e8res Marie-Antoinette Katoto et Kadidiatou Diani n\u2019ont pas r\u00e9ussi grand-chose de plus face \u00e0 une \u00e9quipe en inf\u00e9riorit\u00e9 num\u00e9rique pendant quasiment 120 minutes.<\/p>\n","protected":false},"excerpt":{"rendered":"Mais cette m\u00e9thode mentale a failli, comme l\u2019attaque qui avait brill\u00e9 lors des trois premiers matchs. Malgr\u00e9 ce&hellip;\n","protected":false},"author":2,"featured_media":261358,"comment_status":"","ping_status":"","sticky":false,"template":"","format":"standard","meta":{"footnotes":""},"categories":[1587],"tags":[11,672,1804,1805,1803,1777,674,1801,12,1802],"class_list":{"0":"post-261357","1":"post","2":"type-post","3":"status-publish","4":"format-standard","5":"has-post-thumbnail","7":"category-allemagne","8":"tag-actualites","9":"tag-allemagne","10":"tag-bundesrepublik-deutschland","11":"tag-de","12":"tag-deutschland","13":"tag-eu","14":"tag-europe","15":"tag-germany","16":"tag-news","17":"tag-republique-federale-dallemagne"},"share_on_mastodon":{"url":"https:\/\/pubeurope.com\/@fr\/114886280706481722","error":""},"_links":{"self":[{"href":"https:\/\/www.europesays.com\/fr\/wp-json\/wp\/v2\/posts\/261357","targetHints":{"allow":["GET"]}}],"collection":[{"href":"https:\/\/www.europesays.com\/fr\/wp-json\/wp\/v2\/posts"}],"about":[{"href":"https:\/\/www.europesays.com\/fr\/wp-json\/wp\/v2\/types\/post"}],"author":[{"embeddable":true,"href":"https:\/\/www.europesays.com\/fr\/wp-json\/wp\/v2\/users\/2"}],"replies":[{"embeddable":true,"href":"https:\/\/www.europesays.com\/fr\/wp-json\/wp\/v2\/comments?post=261357"}],"version-history":[{"count":0,"href":"https:\/\/www.europesays.com\/fr\/wp-json\/wp\/v2\/posts\/261357\/revisions"}],"wp:featuredmedia":[{"embeddable":true,"href":"https:\/\/www.europesays.com\/fr\/wp-json\/wp\/v2\/media\/261358"}],"wp:attachment":[{"href":"https:\/\/www.europesays.com\/fr\/wp-json\/wp\/v2\/media?parent=261357"}],"wp:term":[{"taxonomy":"category","embeddable":true,"href":"https:\/\/www.europesays.com\/fr\/wp-json\/wp\/v2\/categories?post=261357"},{"taxonomy":"post_tag","embeddable":true,"href":"https:\/\/www.europesays.com\/fr\/wp-json\/wp\/v2\/tags?post=261357"}],"curies":[{"name":"wp","href":"https:\/\/api.w.org\/{rel}","templated":true}]}}