{"id":261360,"date":"2025-07-20T15:31:10","date_gmt":"2025-07-20T15:31:10","guid":{"rendered":"https:\/\/www.europesays.com\/fr\/261360\/"},"modified":"2025-07-20T15:31:10","modified_gmt":"2025-07-20T15:31:10","slug":"la-russie-accuse-leurope-deuphorie-militariste-et-annonce-en-tenir-compte-dans-lelaboration-de-ses-plans-futurs","status":"publish","type":"post","link":"https:\/\/www.europesays.com\/fr\/261360\/","title":{"rendered":"La Russie accuse l\u2019Europe \u00ab d\u2019euphorie militariste \u00bb et annonce \u00ab en tenir compte dans l\u2019\u00e9laboration de ses plans futurs \u00bb"},"content":{"rendered":"<p>\u00ab\u00a0Euphorie militariste\u00a0\u00bb. C\u2019est avec ces mots que <a href=\"https:\/\/www.parismatch.com\/actu\/international\/le-kremlin-affirme-que-la-russie-est-prete-a-une-mobilisation-de-masse-comme-pendant-la-seconde-guerre-mondiale-250802\" rel=\"nofollow noopener\" target=\"_blank\" data-ylk=\"slk:Dmitri Peskov;elm:context_link;itc:0;sec:content-canvas\" class=\"link \">Dmitri Peskov<\/a>, le porte-parole du Kremlin, a comment\u00e9 ce dimanche 20\u00a0juillet la dynamique de r\u00e9armement enclench\u00e9e par de nombreux pays europ\u00e9ens, a commenc\u00e9 par la France.<\/p>\n<p>Interrog\u00e9 par la t\u00e9l\u00e9vision publique russe VGTRK, il a assur\u00e9 que la Russie \u00ab\u00a0observe cela\u00a0\u00bb et \u00ab\u00a0en tient compte dans l\u2019\u00e9laboration de ses plans futurs\u00a0\u00bb.<\/p>\n<p>Un message tr\u00e8s clair \u00e0 destination de l\u2019Ouest alors que les pays membres de l\u2019Union europ\u00e9enne et \/ ou de <a href=\"https:\/\/www.parismatch.com\/actu\/international\/exclusif-dans-les-secrets-dune-reunion-de-lotan-252884\" rel=\"nofollow noopener\" target=\"_blank\" data-ylk=\"slk:l\u2019OTAN multiplient les annonces d\u2019investissements dans la d\u00e9fense;elm:context_link;itc:0;sec:content-canvas\" class=\"link \">l\u2019OTAN multiplient les annonces d\u2019investissements dans la d\u00e9fense<\/a>\u00a0: loi de programmation militaire de 413\u00a0milliards d\u2019euros pour la p\u00e9riode 2024-2030 en France doublement du budget militaire en Allemagne, r\u00e9armement massif de la Pologne, des pays baltes et de la Finlande.<\/p>\n<p>\u00ab La tendance est dangereuse\u00a0\u00bb<\/p>\n<p>Pour le Kremlin, ce mouvement s\u2019inscrit dans une logique agressive. Si tous les pays europ\u00e9ens ne sont pas \u00ab\u00a0encore gagn\u00e9s\u00a0\u00bb par cette \u00ab\u00a0euphorie militariste\u00a0\u00bb, Moscou estime que \u00ab\u00a0la tendance est dangereuse\u00a0\u00bb, a insist\u00e9 Dmitri Peskov.<\/p>\n<p>Ce message intervient alors que la tension monte de plus en plus avec les pays membre de l\u2019OTAN et que l\u2019ultimatum de 50\u00a0jours pour mettre fin \u00e0 la guerre en Ukraine sous peine de sanctions s\u00e9v\u00e8res lanc\u00e9es \u00e0 la Russie par Donald Trump expire le 2\u00a0septembre prochain.<\/p>\n<p>\u00ab\u00a0Si nous n\u2019avons pas un accord d\u2019ici 50\u00a0jours, c\u2019est tr\u00e8s simple, (les droits de douane) seront \u00e0 100\u00a0% et c\u2019est comme \u00e7a\u00a0\u00bb, a-t-il ajout\u00e9. \u00c0 Bruxelles, la cheffe de la diplomatie europ\u00e9enne Kaja K&#8230;<\/p>\n<p><a href=\"https:\/\/www.parismatch.com\/actu\/international\/tensions-avec-lotan-moscou-accuse-leurope-deuphorie-militariste-254516?at_medium=affiliate&amp;at_campaign=Yahoo\" rel=\"nofollow noopener\" target=\"_blank\" data-ylk=\"slk:Lire la suite sur ParisMatch;elm:context_link;itc:0;sec:content-canvas\" class=\"link \">Lire la suite sur ParisMatch<\/a><\/p>\n","protected":false},"excerpt":{"rendered":"\u00ab\u00a0Euphorie militariste\u00a0\u00bb. C\u2019est avec ces mots que Dmitri Peskov, le porte-parole du Kremlin, a comment\u00e9 ce dimanche 20\u00a0juillet&hellip;\n","protected":false},"author":2,"featured_media":261361,"comment_status":"","ping_status":"","sticky":false,"template":"","format":"standard","meta":{"footnotes":""},"categories":[1586],"tags":[11,5438,1777,674,1011,27,40114,8972,12,24996,25],"class_list":{"0":"post-261360","1":"post","2":"type-post","3":"status-publish","4":"format-standard","5":"has-post-thumbnail","7":"category-europe","8":"tag-actualites","9":"tag-dmitri-peskov","10":"tag-eu","11":"tag-europe","12":"tag-fr","13":"tag-france","14":"tag-loi-de-programmation-militaire","15":"tag-milliards-deuros","16":"tag-news","17":"tag-pays-membres-de-lunion-europeenne","18":"tag-republique-francaise"},"share_on_mastodon":{"url":"https:\/\/pubeurope.com\/@fr\/114886284841867454","error":""},"_links":{"self":[{"href":"https:\/\/www.europesays.com\/fr\/wp-json\/wp\/v2\/posts\/261360","targetHints":{"allow":["GET"]}}],"collection":[{"href":"https:\/\/www.europesays.com\/fr\/wp-json\/wp\/v2\/posts"}],"about":[{"href":"https:\/\/www.europesays.com\/fr\/wp-json\/wp\/v2\/types\/post"}],"author":[{"embeddable":true,"href":"https:\/\/www.europesays.com\/fr\/wp-json\/wp\/v2\/users\/2"}],"replies":[{"embeddable":true,"href":"https:\/\/www.europesays.com\/fr\/wp-json\/wp\/v2\/comments?post=261360"}],"version-history":[{"count":0,"href":"https:\/\/www.europesays.com\/fr\/wp-json\/wp\/v2\/posts\/261360\/revisions"}],"wp:featuredmedia":[{"embeddable":true,"href":"https:\/\/www.europesays.com\/fr\/wp-json\/wp\/v2\/media\/261361"}],"wp:attachment":[{"href":"https:\/\/www.europesays.com\/fr\/wp-json\/wp\/v2\/media?parent=261360"}],"wp:term":[{"taxonomy":"category","embeddable":true,"href":"https:\/\/www.europesays.com\/fr\/wp-json\/wp\/v2\/categories?post=261360"},{"taxonomy":"post_tag","embeddable":true,"href":"https:\/\/www.europesays.com\/fr\/wp-json\/wp\/v2\/tags?post=261360"}],"curies":[{"name":"wp","href":"https:\/\/api.w.org\/{rel}","templated":true}]}}