{"id":261362,"date":"2025-07-20T15:32:09","date_gmt":"2025-07-20T15:32:09","guid":{"rendered":"https:\/\/www.europesays.com\/fr\/261362\/"},"modified":"2025-07-20T15:32:09","modified_gmt":"2025-07-20T15:32:09","slug":"marine-le-pen-cette-dette-colossale-laissee-par-son-pere-quelle-doit-eponger","status":"publish","type":"post","link":"https:\/\/www.europesays.com\/fr\/261362\/","title":{"rendered":"Marine Le Pen : cette dette colossale laiss\u00e9e par son p\u00e8re qu\u2019elle doit \u00e9ponger"},"content":{"rendered":"<p data-start=\"380\" data-end=\"799\">Une ardoise \u00e0 six chiffres, et<br \/>\nune d\u00e9cision qui fait tache. Ce mercredi 16 juillet, le Tribunal de<br \/>\nl\u2019Union europ\u00e9enne a rejet\u00e9 le recours form\u00e9 par les filles de<br \/>\n<a href=\"https:\/\/www.closermag.fr\/politique\/jean-marie-le-pen-pouvait-faire-rougir-le-derriere-des-putins-revelations-sur-ses-diners-clandestins-3554198\" target=\"_blank\" rel=\"noopener\"><br \/>\nJean-Marie Le Pen<\/a> contre le Parlement europ\u00e9en. En cause :<br \/>\n<strong>plus de 300 000 euros de frais de mandat<\/strong> qu&rsquo;il<br \/>\naurait ind\u00fbment per\u00e7us, entre notes de vin, balance de cuisine et<br \/>\nautres d\u00e9penses personnelles d\u00e9guis\u00e9es en frais professionnels.<\/p>\n<p data-start=\"801\" data-end=\"1195\">Probl\u00e8me : Jean-Marie Le Pen<br \/>\nest d\u00e9c\u00e9d\u00e9 en janvier dernier. Et c\u2019est donc \u00e0 ses h\u00e9riti\u00e8res,<br \/>\n<a href=\"https:\/\/www.closermag.fr\/politique\/marine-le-pen-lapsus-tres-embarrassant-face-a-la-foule-elle-se-rattrape-mais-cest-trop-tard-3553054\" target=\"_blank\" rel=\"noopener\"><br \/>\nMarine Le Pen<\/a>, <a href=\"https:\/\/www.closermag.fr\/people\/marion-marechal-qui-est-sa-mere-yann-le-pen-1633999\" target=\"_blank\" rel=\"noopener\"><br \/>\nYann Mar\u00e9chal<\/a> et <a href=\"https:\/\/www.closermag.fr\/politique\/quand-la-petite-fille-de-jean-marie-le-pen-aide-sa-mere-marie-caroline-pour-sa-c-1087643\" target=\"_blank\" rel=\"noopener\"><br \/>\nMarie-Caroline Olivier<\/a>, qu\u2019il revient d\u00e9sormais de r\u00e9gler cette<br \/>\ndette. La justice europ\u00e9enne a \u00e9t\u00e9 claire : \u00ab\u00a0La proc\u00e9dure du Parlement n\u2019est pas contraire aux<br \/>\nprincipes de s\u00e9curit\u00e9 juridique ni \u00e0 la confiance l\u00e9gitime.\u00a0\u00bb<br \/>\nTraduction : il va falloir passer \u00e0 la caisse.<\/p>\n<p>Une balance de cuisine, des<br \/>\nbouteilles de vin\u2026 et une facture de 303 200 euros<\/p>\n<p data-start=\"1280\" data-end=\"1581\">L\u2019affaire remonte \u00e0 plusieurs<br \/>\nann\u00e9es. Le Parlement europ\u00e9en reprochait au\u00a0<a href=\"https:\/\/www.closermag.fr\/politique\/mort-de-jean-marie-le-pen-quel-est-le-montant-de-sa-fortune-et-dou-provient-elle-3507142\" target=\"_blank\" rel=\"noopener\">fondateur<br \/>\ndu Front national<\/a> d\u2019avoir inscrit comme \u00ab\u00a0frais de mandat\u00a0\u00bb des achats <strong>qui n\u2019ont<br \/>\nrien \u00e0 voir avec ses fonctions d\u2019eurod\u00e9put\u00e9<\/strong>. Le tout,<br \/>\nplanqu\u00e9 sous la ligne budg\u00e9taire 400. R\u00e9sultat : 303 200 euros de<br \/>\nd\u00e9penses jug\u00e9es abusives.<\/p>\n<p data-start=\"1583\" data-end=\"1959\">Parmi elles ? Plus d\u2019une<br \/>\ncentaine de <strong>bouteilles de vin, des objets domestiques et<br \/>\nm\u00eame une balance de cuisine.<\/strong> Des achats d\u00e9clar\u00e9s comme<br \/>\nutiles \u00e0 l\u2019exercice de son mandat europ\u00e9en, mais consid\u00e9r\u00e9s<br \/>\naujourd\u2019hui comme injustifiables. En janvier 2024, le Parlement<br \/>\navait notifi\u00e9 Jean-Marie Le Pen des irr\u00e9gularit\u00e9s. Il avait deux<br \/>\nmois pour se justifier. Il n\u2019a jamais pu le faire.<\/p>\n<blockquote class=\"twitter-tweet\"><p><a class=\"twitter-link\" rel=\"noindex, nofollow noopener\" href=\"https:\/\/twitter.com\/CourUEPresse\/status\/1945390536686219495#038;ref_url=https%3A%2F%2Fwww.huffingtonpost.fr%2Fpolitique%2Farticle%2Fmarine-le-pen-deboutee-en-justice-aura-bien-a-regler-l-ardoise-de-son-pere-aupres-de-l-ue_252652.html\" target=\"_blank\"><br \/>\n<\/a><\/p><\/blockquote>\n<p>Marine Le Pen, h\u00e9riti\u00e8re malgr\u00e9 elle d\u2019un vieux dossier<\/p>\n<p data-start=\"2021\" data-end=\"2464\">Depuis la mort de Jean-Marie<br \/>\nLe Pen, ce sont ses filles qui ont repris le flambeau du<br \/>\ncontentieux. <a href=\"https:\/\/www.closermag.fr\/politique\/tres-desagreable-marine-le-pen-perd-son-sang-froid-face-a-thomas-sotto-en-direct-3560663\" target=\"_blank\" rel=\"noopener\"><br \/>\nLa femme politique<\/a>, en t\u00eate, avait tent\u00e9 de <strong>contester<br \/>\nla d\u00e9cision du Parlement<\/strong> via un recours. Mais la justice<br \/>\neurop\u00e9enne a \u00e9t\u00e9 cat\u00e9gorique : \u00ab\u00a0La note de d\u00e9bit reste valable.\u00a0\u00bb Et si un appel est<br \/>\nencore possible dans un d\u00e9lai de deux mois et dix jours, il ne<br \/>\npourra porter que sur des questions de droit. Le fond, lui, est<br \/>\nd\u00e9sormais tranch\u00e9.<\/p>\n<p data-start=\"2466\" data-end=\"2849\" data-is-last-node=\"\" data-is-only-node=\"\">Important \u00e0 noter : cette affaire n\u2019a aucun<br \/>\nlien avec <strong>celle des assistants parlementaires<br \/>\neurop\u00e9ens<\/strong>, pour laquelle Marine Le Pen a \u00e9t\u00e9 condamn\u00e9e en<br \/>\npremi\u00e8re instance. Mais sur la forme, c\u2019est une autre \u00e9pine dans le<br \/>\npied de la candidate du Rassemblement national, \u00e0 l\u2019aube d\u2019un<br \/>\nprobable nouveau bras de fer \u00e9lectoral. Et cette fois, pas s\u00fbr que<br \/>\nce soit Bruxelles qui paye l\u2019addition.<\/p>\n<p><script async src=\"https:\/\/platform.twitter.com\/widgets.js\" charset=\"utf-8\"><\/script><\/p>\n","protected":false},"excerpt":{"rendered":"Une ardoise \u00e0 six chiffres, et une d\u00e9cision qui fait tache. Ce mercredi 16 juillet, le Tribunal de&hellip;\n","protected":false},"author":2,"featured_media":261363,"comment_status":"","ping_status":"","sticky":false,"template":"","format":"standard","meta":{"footnotes":""},"categories":[1586],"tags":[11,1261,548,6327,1777,674,1779,1011,27,11632,6732,430,12,25,1778,364],"class_list":{"0":"post-261362","1":"post","2":"type-post","3":"status-publish","4":"format-standard","5":"has-post-thumbnail","7":"category-europe","8":"tag-actualites","9":"tag-argent","10":"tag-article-simple","11":"tag-dette","12":"tag-eu","13":"tag-europe","14":"tag-european-union","15":"tag-fr","16":"tag-france","17":"tag-heritage","18":"tag-jean-marie-le-pen","19":"tag-marine-le-pen","20":"tag-news","21":"tag-republique-francaise","22":"tag-ue","23":"tag-union-europeenne"},"share_on_mastodon":{"url":"https:\/\/pubeurope.com\/@fr\/114886288588019001","error":""},"_links":{"self":[{"href":"https:\/\/www.europesays.com\/fr\/wp-json\/wp\/v2\/posts\/261362","targetHints":{"allow":["GET"]}}],"collection":[{"href":"https:\/\/www.europesays.com\/fr\/wp-json\/wp\/v2\/posts"}],"about":[{"href":"https:\/\/www.europesays.com\/fr\/wp-json\/wp\/v2\/types\/post"}],"author":[{"embeddable":true,"href":"https:\/\/www.europesays.com\/fr\/wp-json\/wp\/v2\/users\/2"}],"replies":[{"embeddable":true,"href":"https:\/\/www.europesays.com\/fr\/wp-json\/wp\/v2\/comments?post=261362"}],"version-history":[{"count":0,"href":"https:\/\/www.europesays.com\/fr\/wp-json\/wp\/v2\/posts\/261362\/revisions"}],"wp:featuredmedia":[{"embeddable":true,"href":"https:\/\/www.europesays.com\/fr\/wp-json\/wp\/v2\/media\/261363"}],"wp:attachment":[{"href":"https:\/\/www.europesays.com\/fr\/wp-json\/wp\/v2\/media?parent=261362"}],"wp:term":[{"taxonomy":"category","embeddable":true,"href":"https:\/\/www.europesays.com\/fr\/wp-json\/wp\/v2\/categories?post=261362"},{"taxonomy":"post_tag","embeddable":true,"href":"https:\/\/www.europesays.com\/fr\/wp-json\/wp\/v2\/tags?post=261362"}],"curies":[{"name":"wp","href":"https:\/\/api.w.org\/{rel}","templated":true}]}}