{"id":261366,"date":"2025-07-20T15:34:10","date_gmt":"2025-07-20T15:34:10","guid":{"rendered":"https:\/\/www.europesays.com\/fr\/261366\/"},"modified":"2025-07-20T15:34:10","modified_gmt":"2025-07-20T15:34:10","slug":"toute-la-provence-placee-en-vigilance-jaune-ce-lundi","status":"publish","type":"post","link":"https:\/\/www.europesays.com\/fr\/261366\/","title":{"rendered":"toute la Provence plac\u00e9e en vigilance jaune ce lundi"},"content":{"rendered":"<p>Dans un bulletin publi\u00e9 ce dimanche apr\u00e8s-midi, <a href=\"https:\/\/vigilance.meteofrance.fr\/fr\/demain\" target=\"_blank\" rel=\"noopener\">M\u00e9t\u00e9o-France<\/a> a d\u00e9cid\u00e9 de placer en vigilance jaune \u00ab\u00a0orages\u00a0\u00bb et \u00ab\u00a0pluie-inondation\u00a0\u00bb l&rsquo;ensemble des d\u00e9partements de Provence.\u00a0<\/p>\n<p>De minuit \u00e0 20h, les Bouches-du-Rh\u00f4ne, le Vaucluse, les Alpes-de-Haute-Provence et les Hautes-Alpes sont donc concern\u00e9s. Le Var et les Alpes-Maritimes y \u00e9chappent.\u00a0<\/p>\n<p>21 d\u00e9partements en vigilance orange ce dimanche<\/p>\n<p><a href=\"https:\/\/www.laprovence.com\/article\/societe\/1667624017183515\/orages-et-pluie-21-departements-en-vigilance-orange-la-provence-en-partie-epargnee\" target=\"_blank\" rel=\"noopener\">Un peu plus t\u00f4t dans la journ\u00e9e, M\u00e9t\u00e9o-France avait d\u00e9j\u00e0 revu ses pr\u00e9visions \u00e0 la hausse<\/a>. Dans un bulletin publi\u00e9 \u00e0 10h, 21 d\u00e9partements de l&rsquo;Est de la France avaient \u00e9t\u00e9 plac\u00e9s en vigilance orange \u00ab\u00a0orages\u00a0\u00bb.<\/p>\n<p>En ce qui concerne la r\u00e9gion Provence-Alpes-C\u00f4te d&rsquo;Azur, les Hautes-Alpes, les Alpes-de-Haute-Provence, le Var et les Alpes-Maritimes avaient \u00e9t\u00e9 plac\u00e9s en vigilance jaune \u00ab\u00a0orages\u00a0\u00bb. En revanche, le Vaucluse et les Bouches-du-Rh\u00f4ne sont en vert sans aucune vigilance impos\u00e9e pour ce dimanche.<\/p>\n","protected":false},"excerpt":{"rendered":"Dans un bulletin publi\u00e9 ce dimanche apr\u00e8s-midi, M\u00e9t\u00e9o-France a d\u00e9cid\u00e9 de placer en vigilance jaune \u00ab\u00a0orages\u00a0\u00bb et \u00ab\u00a0pluie-inondation\u00a0\u00bb&hellip;\n","protected":false},"author":2,"featured_media":261367,"comment_status":"","ping_status":"","sticky":false,"template":"","format":"standard","meta":{"footnotes":""},"categories":[2],"tags":[17,11,1011,27,10998,12,4594,32753,39745,1186,16,25,7822,15192],"class_list":{"0":"post-261366","1":"post","2":"type-post","3":"status-publish","4":"format-standard","5":"has-post-thumbnail","7":"category-actualites","8":"tag-17","9":"tag-actualites","10":"tag-fr","11":"tag-france","12":"tag-jaune","13":"tag-news","14":"tag-orages","15":"tag-placee","16":"tag-pluie-inondation","17":"tag-provence","18":"tag-region","19":"tag-republique-francaise","20":"tag-toute","21":"tag-vigilance"},"share_on_mastodon":{"url":"https:\/\/pubeurope.com\/@fr\/114886296758192276","error":""},"_links":{"self":[{"href":"https:\/\/www.europesays.com\/fr\/wp-json\/wp\/v2\/posts\/261366","targetHints":{"allow":["GET"]}}],"collection":[{"href":"https:\/\/www.europesays.com\/fr\/wp-json\/wp\/v2\/posts"}],"about":[{"href":"https:\/\/www.europesays.com\/fr\/wp-json\/wp\/v2\/types\/post"}],"author":[{"embeddable":true,"href":"https:\/\/www.europesays.com\/fr\/wp-json\/wp\/v2\/users\/2"}],"replies":[{"embeddable":true,"href":"https:\/\/www.europesays.com\/fr\/wp-json\/wp\/v2\/comments?post=261366"}],"version-history":[{"count":0,"href":"https:\/\/www.europesays.com\/fr\/wp-json\/wp\/v2\/posts\/261366\/revisions"}],"wp:featuredmedia":[{"embeddable":true,"href":"https:\/\/www.europesays.com\/fr\/wp-json\/wp\/v2\/media\/261367"}],"wp:attachment":[{"href":"https:\/\/www.europesays.com\/fr\/wp-json\/wp\/v2\/media?parent=261366"}],"wp:term":[{"taxonomy":"category","embeddable":true,"href":"https:\/\/www.europesays.com\/fr\/wp-json\/wp\/v2\/categories?post=261366"},{"taxonomy":"post_tag","embeddable":true,"href":"https:\/\/www.europesays.com\/fr\/wp-json\/wp\/v2\/tags?post=261366"}],"curies":[{"name":"wp","href":"https:\/\/api.w.org\/{rel}","templated":true}]}}