{"id":261374,"date":"2025-07-20T15:39:10","date_gmt":"2025-07-20T15:39:10","guid":{"rendered":"https:\/\/www.europesays.com\/fr\/261374\/"},"modified":"2025-07-20T15:39:10","modified_gmt":"2025-07-20T15:39:10","slug":"sinner-draper-et-djokovic-renoncent-au-tournoi-de-toronto","status":"publish","type":"post","link":"https:\/\/www.europesays.com\/fr\/261374\/","title":{"rendered":"Sinner, Draper et Djokovic renoncent au tournoi de Toronto"},"content":{"rendered":"<p>                <img decoding=\"async\" src=\"https:\/\/www.europesays.com\/fr\/wp-content\/uploads\/2025\/07\/Wlat.jpg\" alt=\"Sinner, Draper et Djokovic renoncent au tournoi de Toronto\"\/><\/p>\n<p><strong>Ce dimanche, Jannik Sinner, Novak Djokovic et Jack Draper ont d\u00e9clar\u00e9 forfait pour le Masters 1000 de Toronto.<\/strong><\/p>\n<p>Quant \u00e0 Draper, il devra \u00e9galement renoncer \u00e0 Cincinnati. Il justifie son absence : \u00ab Apr\u00e8s Wimbledon, je me suis bless\u00e9 au bras gauche.<\/p>\n<p><strong>Rien de grave, mais je dois m&rsquo;assurer qu&rsquo;il r\u00e9cup\u00e8re compl\u00e8tement pour le reste de la saison.<\/strong><\/p>\n<p><strong>Malheureusement, je ne pourrai pas participer \u00e0 Toronto et \u00e0 Cincinnati\u2026 \u00bb<\/strong><\/p>\n<p>C&rsquo;est un coup dur pour le tournoi canadien qui devra se passer du num\u00e9ro 1 mondial et du Serbe vainqueur 4 fois de ce tournoi (Montr\u00e9al et Toronto cumul\u00e9s)<\/p>\n<p><strong>Roberto Carballes Baena, Sebastian Ofner et Roman Safiullin les remplaceront \u00e0 Toronto.<\/strong><\/p>\n","protected":false},"excerpt":{"rendered":"Ce dimanche, Jannik Sinner, Novak Djokovic et Jack Draper ont d\u00e9clar\u00e9 forfait pour le Masters 1000 de Toronto.&hellip;\n","protected":false},"author":2,"featured_media":261375,"comment_status":"","ping_status":"","sticky":false,"template":"","format":"standard","meta":{"footnotes":""},"categories":[1415],"tags":[1011,27,60,1467],"class_list":{"0":"post-261374","1":"post","2":"type-post","3":"status-publish","4":"format-standard","5":"has-post-thumbnail","7":"category-tennis","8":"tag-fr","9":"tag-france","10":"tag-sports","11":"tag-tennis"},"share_on_mastodon":{"url":"https:\/\/pubeurope.com\/@fr\/114886316080796187","error":""},"_links":{"self":[{"href":"https:\/\/www.europesays.com\/fr\/wp-json\/wp\/v2\/posts\/261374","targetHints":{"allow":["GET"]}}],"collection":[{"href":"https:\/\/www.europesays.com\/fr\/wp-json\/wp\/v2\/posts"}],"about":[{"href":"https:\/\/www.europesays.com\/fr\/wp-json\/wp\/v2\/types\/post"}],"author":[{"embeddable":true,"href":"https:\/\/www.europesays.com\/fr\/wp-json\/wp\/v2\/users\/2"}],"replies":[{"embeddable":true,"href":"https:\/\/www.europesays.com\/fr\/wp-json\/wp\/v2\/comments?post=261374"}],"version-history":[{"count":0,"href":"https:\/\/www.europesays.com\/fr\/wp-json\/wp\/v2\/posts\/261374\/revisions"}],"wp:featuredmedia":[{"embeddable":true,"href":"https:\/\/www.europesays.com\/fr\/wp-json\/wp\/v2\/media\/261375"}],"wp:attachment":[{"href":"https:\/\/www.europesays.com\/fr\/wp-json\/wp\/v2\/media?parent=261374"}],"wp:term":[{"taxonomy":"category","embeddable":true,"href":"https:\/\/www.europesays.com\/fr\/wp-json\/wp\/v2\/categories?post=261374"},{"taxonomy":"post_tag","embeddable":true,"href":"https:\/\/www.europesays.com\/fr\/wp-json\/wp\/v2\/tags?post=261374"}],"curies":[{"name":"wp","href":"https:\/\/api.w.org\/{rel}","templated":true}]}}