{"id":261376,"date":"2025-07-20T15:41:11","date_gmt":"2025-07-20T15:41:11","guid":{"rendered":"https:\/\/www.europesays.com\/fr\/261376\/"},"modified":"2025-07-20T15:41:11","modified_gmt":"2025-07-20T15:41:11","slug":"alex-marquez-bacle-un-week-end-noir-en-emportant-mir-dans-sa-chute","status":"publish","type":"post","link":"https:\/\/www.europesays.com\/fr\/261376\/","title":{"rendered":"\u00c1lex M\u00e1rquez b\u00e2cle un week-end noir en emportant Mir dans sa chute"},"content":{"rendered":"<p>Pendant que son fr\u00e8re Marc encha\u00eene les cartons pleins, <a href=\"https:\/\/fr.motorsport.com\/driver\/alex-marquez\/96324\/\" target=\"_blank\" rel=\"noopener\">\u00c1lex M\u00e1rquez<\/a> a connu en R\u00e9publique tch\u00e8que son pire week-end de la saison avec un z\u00e9ro point\u00e9 qui heurte grandement les d\u00e9j\u00e0 faibles chances qu&rsquo;il avait de revenir sur son leader de fr\u00e8re au championnat. Les deux hommes sont en effet d\u00e9sormais s\u00e9par\u00e9s de 120 points au moment d&rsquo;entamer la tr\u00eave estivale.<\/p>\n<p>Apr\u00e8s <a href=\"https:\/\/fr.motorsport.com\/motogp\/news\/alex-marquez-patinage-depart-sprint\/10743596\/\" target=\"_self\" rel=\"noopener\">un sprint marqu\u00e9 par un d\u00e9but de course chaotique<\/a> et termin\u00e9 \u00e0 une anonyme 17e place, le pilote Gresini n&rsquo;a pas vraiment eu l&rsquo;opportunit\u00e9 de se rattraper en course ce dimanche. D\u00e8s le deuxi\u00e8me tour, en lutte avec <a href=\"https:\/\/fr.motorsport.com\/driver\/joan-mir\/289392\/\" target=\"_blank\" rel=\"noopener\">Joan Mir<\/a> pour la sixi\u00e8me position, le second du championnat a faut\u00e9\u00a0au virage 12 dans un int\u00e9rieur visiblement trop optimiste o\u00f9 il a vu sa Ducati d\u00e9crocher de l&rsquo;avant avant de venir faucher la Honda officielle du champion du monde 2020.<\/p>\n<p>Les deux hommes, indemnes apr\u00e8s ce spectaculaire accrochage, se sont longuement expliqu\u00e9 sur le bord de piste. Plus \u00e0 froid, \u00c1lex M\u00e1rquez est revenu sur cette s\u00e9quence en reconnaissant une erreur tout en assurant ne pas avoir voulu tenter de man\u0153uvre sur son compatriote.\u00a0\u00ab\u00a0J&rsquo;ai juste commis une erreur. Ce n&rsquo;\u00e9tait peut-\u00eatre pas l&rsquo;endroit. Je n&rsquo;essayais pas de le d\u00e9passer, juste de voir si c&rsquo;\u00e9tait le bon endroit pour nous pour d\u00e9passer, et en passant \u00e0 l&rsquo;int\u00e9rieur, j&rsquo;ai perdu l&rsquo;avant et j&rsquo;ai heurt\u00e9 Mir, qui est tomb\u00e9 lui aussi.\u00a0\u00bb <\/p>\n<p>Sans doute d\u00e9sireux d&rsquo;effacer son mauvais samedi et une position de d\u00e9part le pla\u00e7ant \u00e0 distance de la lutte en t\u00eate, il estime avoir p\u00each\u00e9 par pr\u00e9cipitation\u00a0:\u00a0\u00ab\u00a0C&rsquo;est de l&rsquo;exp\u00e9rience pour l\u2019avenir. Quand on part derri\u00e8re, il faut faire preuve d&rsquo;un peu plus de patience, il faut \u00eatre un peu plus clair dans tout ce qu&rsquo;on fait. C&rsquo;est dommage, je suis vraiment d\u00e9sol\u00e9 pour l&rsquo;\u00e9quipe.\u00a0\u00bb<\/p>\n<blockquote>\n<p>Ce week-end je n&rsquo;\u00e9tais pas comme d&rsquo;habitude et je me suis un peu d\u00e9concentr\u00e9, j&rsquo;ai fait des erreurs.<\/p>\n<\/blockquote>\n<p>Globalement, M\u00e1rquez a admis avoir v\u00e9cu un Grand Prix particuli\u00e8rement compliqu\u00e9 sur le plan personnel, justifiant ainsi une partie des erreurs commises au fil des s\u00e9ances : \u00ab\u00a0Pour une raison quelconque, ce week-end je n&rsquo;\u00e9tais pas comme d&rsquo;habitude et je me suis un peu d\u00e9concentr\u00e9, j&rsquo;ai fait des erreurs. Il faut am\u00e9liorer \u00e7a pour l&rsquo;avenir, c&rsquo;est de l&rsquo;exp\u00e9rience, mais ce sont aussi des choses qui peuvent arriver.\u00a0\u00bb<\/p>\n<p>Quand il lui a \u00e9t\u00e9 demand\u00e9 si cette d\u00e9concentration pouvait s&rsquo;expliquer par l&rsquo;intensit\u00e9 du calendrier, alors qu&rsquo;une pause se profile, il a r\u00e9pondu : \u00ab\u00a0C&rsquo;est possible. C&rsquo;\u00e9tait aussi une nouvelle piste, un grip diff\u00e9rent, des sensations tr\u00e8s \u00e9tranges dans les premiers moments. Donc peut-\u00eatre que j&rsquo;\u00e9tais trop agit\u00e9 \u00e0 beaucoup de moments. Il faut que je sois un peu plus relax, mieux faire les choses, ne pas faire les erreurs qu&rsquo;on a faites en qualifs dans mon deuxi\u00e8me run, qui nous a co\u00fbt\u00e9 le week-end, on l&rsquo;a vu. Il faut \u00eatre dans le coup, et dans les moments importants du week-end \u00eatre toujours tr\u00e8s intelligent.\u00a0\u00bb<\/p>\n<p>Concernant la discussion anim\u00e9e avec Mir juste apr\u00e8s leur accrochage, M\u00e1rquez a ajout\u00e9 : \u00ab\u00a0Sur le moment, on est \u00e0 chaud, c&rsquo;\u00e9tait son cas, et je n&rsquo;ai rien \u00e0 dire l\u00e0-dessus. \u00c7a n&rsquo;est pas le genre de conversation qui est fluide, il disait juste des choses qui n&rsquo;avaient pas de sens. [&#8230;] Cette conversation n&rsquo;allait nulle part. Je lui demande pardon, c&rsquo;est la seule chose que je puisse dire et on passe \u00e0 autre chose.\u00a0\u00bb<\/p>\n<p>Cet incident aura toutefois des cons\u00e9quences pour la suite de la saison puisque\u00a0M\u00e1rquez a \u00e9cop\u00e9 d&rsquo;un long-lap, qu&rsquo;il devra purger en Autriche au retour de la pause.<\/p>\n<p>Mir pr\u00e9f\u00e8re r\u00e9fl\u00e9chir aux causes de ces accrochages<br \/>\n   <img decoding=\"async\" draggable=\"false\" src=\"https:\/\/www.europesays.com\/fr\/wp-content\/uploads\/2025\/07\/1753026071_667_joan-mir-honda-hrc.jpg\" alt=\"Joan Mir, Honda HRC\" width=\"1200\" height=\"800\" loading=\"lazy\"\/> <\/p>\n<p class=\"title\">Joan Mir, Honda HRC<\/p>\n<p class=\"photographer\">Photo de: Alexander Trienitz<\/p>\n<p>Du c\u00f4t\u00e9 de Joan Mir, on pr\u00e9f\u00e8re ne pas r\u00e9ellement s&rsquo;appesantir sur l&rsquo;incident en lui-m\u00eame et surtout pas verser dans une escalade verbale. \u00ab\u00a0J&rsquo;ai pris un bon d\u00e9part. Je contr\u00f4lais dans les premiers tours, c&rsquo;\u00e9tait assez chaotique, \u00e7a d\u00e9passait, mais j&rsquo;\u00e9tais l\u00e0. J&rsquo;ai eu un bon rythme tout au long du week-end, c&rsquo;\u00e9tait la premi\u00e8re fois que je pouvais faire quelque chose, apr\u00e8s l&rsquo;erreur que j&rsquo;ai faite hier. Je ne sais pas si c&rsquo;\u00e9tait \u00c1lex, mais j&rsquo;ai re\u00e7u plusieurs fois des coups \u00e0 l&rsquo;arri\u00e8re, et ensuite, dans cette chicane, il m&rsquo;a heurt\u00e9 et a perdu l&rsquo;avant, ou alors il a perdu l&rsquo;avant et m&rsquo;a heurt\u00e9, je ne sais pas, et j&rsquo;ai fini par terre. Quoi que je dise, \u00e7a ne fera qu&#8217;empirer les choses pour moi.\u00a0\u00bb<\/p>\n<p>Non, ce sur quoi Mir tient \u00e0 insister, c&rsquo;est sur les raisons qui expliquent que ce type de situations est amen\u00e9 \u00e0 se reproduire, son analyse s&rsquo;orientant vers la diff\u00e9rence de vitesse de pointe qui explique selon lui l&rsquo;attitude optimiste des pilotes plus rapides, notamment contre leurs rivaux de Honda, dans les zones de freinage :\u00a0\u00ab\u00a0Je ne crois pas dans la malchance ou la chance. Je pense qu&rsquo;on est dans une situation o\u00f9 on se bat contre d&rsquo;autres motos qui vont 5 ou 10 km\/h plus vite que nous, et au final chaque fois qu&rsquo;on arrive dans une zone de freinage, on est en inf\u00e9riorit\u00e9 par rapport aux autres. Et si le gars qui est derri\u00e8re est un petit peu plus optimiste que ce qu&rsquo;il devrait, ces choses-l\u00e0 arrivent.\u00a0\u00bb<\/p>\n<blockquote>\n<p>C&rsquo;est quelque chose qui est arriv\u00e9 lors des derni\u00e8res courses, avec un incident similaire aujourd&rsquo;hui, et qui arrivera \u00e0 l&rsquo;avenir si nous en progressons pas.<\/p>\n<\/blockquote>\n<p>\u00ab\u00a0On freine bien, car c&rsquo;est un domaine dans lequel je peux compenser le manque d&rsquo;acc\u00e9l\u00e9ration et de puissance que l&rsquo;on a. Ce qui arrive probablement parfois c&rsquo;est que&#8230; Je me souviens que \u00e7a se passait aussi \u00e0 l&rsquo;\u00e9poque de Suzuki. Ce sont des situations o\u00f9 vous ouvrez les gaz et que vous voyez le manque de vitesse et de puissance, donc ils vous rattrapent toujours. Et ensuite, ils pensent qu&rsquo;ils peuvent vous d\u00e9passer dans la zone de freinage. Je freine toujours fort et ils sont optimistes, ils rel\u00e2chent les freins et ces chosent se produisent.\u00a0\u00bb <\/p>\n<p>\u00ab\u00a0C&rsquo;est quelque chose qui est arriv\u00e9 lors des derni\u00e8res courses, avec un incident similaire aujourd&rsquo;hui, et qui arrivera \u00e0 l&rsquo;avenir si nous en progressons pas. Si nous conservons la m\u00eame moto, l&rsquo;issue sera similaire quand nous nous battrons avec les autres. C&rsquo;est la r\u00e9alit\u00e9. Nous sommes en inf\u00e9riorit\u00e9 par rapport aux autres et \u00e0 chaque fois que j&rsquo;essaie quelque chose de plus, il se passe quelque chose [comme \u00e7a].\u00a0\u00bb<\/p>\n<p style=\"text-align: right;\">Avec L\u00e9na Buffa<\/p>\n<p>Lire aussi :<\/p>\n<p>Dans cet article<\/p>\n<p>Soyez le premier inform\u00e9 et souscrivez aux alertes mails pour recevoir les infos en temps r\u00e9el<\/p>\n<p>    S&rsquo;abonner aux alertes de news<\/p>\n","protected":false},"excerpt":{"rendered":"Pendant que son fr\u00e8re Marc encha\u00eene les cartons pleins, \u00c1lex M\u00e1rquez a connu en R\u00e9publique tch\u00e8que son pire&hellip;\n","protected":false},"author":2,"featured_media":261377,"comment_status":"","ping_status":"","sticky":false,"template":"","format":"standard","meta":{"footnotes":""},"categories":[1413],"tags":[37813,1011,27,37812,3452,3345,3346,1457,1456,1458,60,7896],"class_list":{"0":"post-261376","1":"post","2":"type-post","3":"status-publish","4":"format-standard","5":"has-post-thumbnail","7":"category-moto","8":"tag-brno-circuit","9":"tag-fr","10":"tag-france","11":"tag-gp-de-ru00e9publique-tchu00e8que","12":"tag-gresini-racing","13":"tag-honda-hrc","14":"tag-joan-mir","15":"tag-moto","16":"tag-motocycle","17":"tag-motogp","18":"tag-sports","19":"tag-u00c1lex-mu00e1rquez"},"share_on_mastodon":{"url":"https:\/\/pubeurope.com\/@fr\/114886323990540317","error":""},"_links":{"self":[{"href":"https:\/\/www.europesays.com\/fr\/wp-json\/wp\/v2\/posts\/261376","targetHints":{"allow":["GET"]}}],"collection":[{"href":"https:\/\/www.europesays.com\/fr\/wp-json\/wp\/v2\/posts"}],"about":[{"href":"https:\/\/www.europesays.com\/fr\/wp-json\/wp\/v2\/types\/post"}],"author":[{"embeddable":true,"href":"https:\/\/www.europesays.com\/fr\/wp-json\/wp\/v2\/users\/2"}],"replies":[{"embeddable":true,"href":"https:\/\/www.europesays.com\/fr\/wp-json\/wp\/v2\/comments?post=261376"}],"version-history":[{"count":0,"href":"https:\/\/www.europesays.com\/fr\/wp-json\/wp\/v2\/posts\/261376\/revisions"}],"wp:featuredmedia":[{"embeddable":true,"href":"https:\/\/www.europesays.com\/fr\/wp-json\/wp\/v2\/media\/261377"}],"wp:attachment":[{"href":"https:\/\/www.europesays.com\/fr\/wp-json\/wp\/v2\/media?parent=261376"}],"wp:term":[{"taxonomy":"category","embeddable":true,"href":"https:\/\/www.europesays.com\/fr\/wp-json\/wp\/v2\/categories?post=261376"},{"taxonomy":"post_tag","embeddable":true,"href":"https:\/\/www.europesays.com\/fr\/wp-json\/wp\/v2\/tags?post=261376"}],"curies":[{"name":"wp","href":"https:\/\/api.w.org\/{rel}","templated":true}]}}