{"id":26138,"date":"2025-04-15T07:54:16","date_gmt":"2025-04-15T07:54:16","guid":{"rendered":"https:\/\/www.europesays.com\/fr\/26138\/"},"modified":"2025-04-15T07:54:16","modified_gmt":"2025-04-15T07:54:16","slug":"des-anciens-candidats-organisent-bientot-un-evenement-en-lorraine","status":"publish","type":"post","link":"https:\/\/www.europesays.com\/fr\/26138\/","title":{"rendered":"des anciens candidats organisent bient\u00f4t un \u00e9v\u00e9nement en Lorraine"},"content":{"rendered":"<p>            Par<br \/>\n        <strong><br \/>\n            <a href=\"https:\/\/actu.fr\/auteur\/amandine-mehl\" title=\"Consulter tous les articles de Amandine Mehl\" target=\"_blank\" rel=\"noopener\">Amandine Mehl<\/a><br \/>\n        <\/strong><\/p>\n<p>        Publi\u00e9 le<\/p>\n<p>            13 avr. 2025 \u00e0 18h02        <\/p>\n<p>Alors que la <a href=\"https:\/\/actu.fr\/loisirs-culture\/l-amour-est-dans-le-pre-de-retour-sur-m6-decouvrez-le-portrait-des-15-agriculteurs-de-la-saison-20_62092936.html\" target=\"_blank\" rel=\"noopener\">saison 20<\/a> de l\u2019\u00e9mission <a href=\"https:\/\/actu.fr\/tag\/lamour-est-dans-le-pre\" target=\"_blank\" rel=\"noopener\">L\u2019Amour est dans le pr\u00e9<\/a> sera diffus\u00e9e en 2025 sur M6, d\u2019anciens candidats des <strong>saisons 7 \u00e0 19<\/strong> ont d\u00e9cid\u00e9 d\u2019aller \u00e0 la rencontre de leur public.<\/p>\n<p class=\" wall-content\">Pour ce faire, ils ont cr\u00e9\u00e9 l\u2019<strong>association ADP Tour<\/strong> et organisent des <strong>march\u00e9s fermiers<\/strong> un peu partout en France. En Lorraine, les fans de l\u2019\u00e9mission pr\u00e9sent\u00e9e par <a href=\"https:\/\/actu.fr\/tag\/karine-le-marchand\" target=\"_blank\" rel=\"noopener\">Karine Le Marchand<\/a> sont attendus chez <strong>Nicolas<\/strong>, participant de la saison 9, durant le week-end du 17 et du 18\u00a0mai, \u00e0 la ferme du Montheu \u00e0 <strong>Dommartin-sous-Amance<\/strong>.<\/p>\n<p>Une quinzaine d\u2019anciens candidats de L\u2019Amour est dans le pr\u00e9 attendus<\/p>\n<p class=\" wall-content\">Au cours de ces deux jours, les visiteurs pourront <strong>d\u00e9couvrir et acheter diff\u00e9rents produits fermiers<\/strong>. Mais aussi, \u00ab\u2009rencontrer leurs chouchous et leurs d\u00e9test\u00e9s\u2009\u00bb, s\u2019amuse l\u2019ancien participant.<\/p>\n<p class=\" wall-content\">Une <strong>quinzaine<\/strong> d\u2019anciens participants seront pr\u00e9sents. \u00ab\u2009Ce sera convivial, il y aura de la joie, de la bonne humeur et aussi de l\u2019amour\u2009!\u2009\u00bb, assure notre interlocuteur.<\/p>\n<p>Karine Le Marchand n\u2019a pas encore confirm\u00e9 sa pr\u00e9sence<\/p>\n<p class=\" wall-content\">Si Karine Le Marchand n\u2019a <strong>pas encore confirm\u00e9 sa pr\u00e9sence<\/strong>, les visiteurs pourront profiter de diff\u00e9rentes animations.<\/p>\n<p>Vid\u00e9os : en ce moment sur Actu<\/p>\n<p class=\" wall-content\">Au programme\u2009: concours du meilleur cri de cochon, jeux pour les enfants, mais aussi tombola. Les personnes qui le souhaitent pourront<strong> se restaurer sur place<\/strong>.<\/p>\n<p class=\" wall-content\">Suivez toute l\u2019actualit\u00e9 de vos villes et m\u00e9dias favoris en vous inscrivant \u00e0 <a href=\"https:\/\/moncompte.actu.fr\" title=\"D\u00e9couvez Mon Actu\" rel=\"nofollow noopener\" data-trk=\"{&quot;cta&quot;:{&quot;action&quot;:&quot;https:\\\/\\\/moncompte.actu.fr&quot;,&quot;category&quot;:&quot;mon compte&quot;,&quot;from&quot;:&quot;article footer&quot;,&quot;name&quot;:&quot;Mon actu&quot;,&quot;type&quot;:&quot;cta&quot;}}\" target=\"_blank\">Mon Actu<\/a>.<\/p>\n","protected":false},"excerpt":{"rendered":"Par Amandine Mehl Publi\u00e9 le 13 avr. 2025 \u00e0 18h02 Alors que la saison 20 de l\u2019\u00e9mission L\u2019Amour&hellip;\n","protected":false},"author":2,"featured_media":26139,"comment_status":"","ping_status":"","sticky":false,"template":"","format":"standard","meta":{"footnotes":""},"categories":[1356],"tags":[58,59,1011,27,5413,9307,1652,252,1364],"class_list":{"0":"post-26138","1":"post","2":"type-post","3":"status-publish","4":"format-standard","5":"has-post-thumbnail","7":"category-television","8":"tag-divertissement","9":"tag-entertainment","10":"tag-fr","11":"tag-france","12":"tag-karine-le-marchand","13":"tag-lamour-est-dans-le-pre","14":"tag-loisirs-culture","15":"tag-television","16":"tag-tv"},"share_on_mastodon":{"url":"https:\/\/pubeurope.com\/@fr\/114340905883897277","error":""},"_links":{"self":[{"href":"https:\/\/www.europesays.com\/fr\/wp-json\/wp\/v2\/posts\/26138","targetHints":{"allow":["GET"]}}],"collection":[{"href":"https:\/\/www.europesays.com\/fr\/wp-json\/wp\/v2\/posts"}],"about":[{"href":"https:\/\/www.europesays.com\/fr\/wp-json\/wp\/v2\/types\/post"}],"author":[{"embeddable":true,"href":"https:\/\/www.europesays.com\/fr\/wp-json\/wp\/v2\/users\/2"}],"replies":[{"embeddable":true,"href":"https:\/\/www.europesays.com\/fr\/wp-json\/wp\/v2\/comments?post=26138"}],"version-history":[{"count":0,"href":"https:\/\/www.europesays.com\/fr\/wp-json\/wp\/v2\/posts\/26138\/revisions"}],"wp:featuredmedia":[{"embeddable":true,"href":"https:\/\/www.europesays.com\/fr\/wp-json\/wp\/v2\/media\/26139"}],"wp:attachment":[{"href":"https:\/\/www.europesays.com\/fr\/wp-json\/wp\/v2\/media?parent=26138"}],"wp:term":[{"taxonomy":"category","embeddable":true,"href":"https:\/\/www.europesays.com\/fr\/wp-json\/wp\/v2\/categories?post=26138"},{"taxonomy":"post_tag","embeddable":true,"href":"https:\/\/www.europesays.com\/fr\/wp-json\/wp\/v2\/tags?post=26138"}],"curies":[{"name":"wp","href":"https:\/\/api.w.org\/{rel}","templated":true}]}}