{"id":261380,"date":"2025-07-20T15:43:11","date_gmt":"2025-07-20T15:43:11","guid":{"rendered":"https:\/\/www.europesays.com\/fr\/261380\/"},"modified":"2025-07-20T15:43:11","modified_gmt":"2025-07-20T15:43:11","slug":"en-direct-tour-de-france-je-suis-encore-plus-heureux-que-quand-je-gagne-une-etape-assure-tadej-pogacar-apres-la-victoire-de-son-equipier-tim-wellens","status":"publish","type":"post","link":"https:\/\/www.europesays.com\/fr\/261380\/","title":{"rendered":"EN DIRECT &#8211; Tour de France : \u00abJe suis encore plus heureux que quand je gagne une \u00e9tape\u00bb, assure Tadej Pogacar apr\u00e8s la victoire de son \u00e9quipier Tim Wellens"},"content":{"rendered":"<p>\n        17:39\n            <\/p>\n<p class=\"fig-live-post__title\" role=\"heading\" aria-level=\"3\">\u00abJe suis encore plus heureux que quand je gagne une \u00e9tape\u00bb, assure Pogacar<\/p>\n<p class=\"fig-paragraph\">Le maillot jaune est apparu ravi au micro de France TV apr\u00e8s la victoire de son \u00e9quipier et ami Tim Wellens\u00a0: \u00abJe suis si heureux pour Tim (Wellens), il travaille tellement dur pour qu\u2019on garde le jaune. Il m\u2019a aid\u00e9 aussi ces derni\u00e8res saisons sur les classiques. C\u2019est formidable pour l\u2019\u00e9quipe. Je suis encore plus heureux que quand je gagne une \u00e9tape.\u00bb<\/p>\n<p>\n        17:31\n            <\/p>\n<p class=\"fig-live-post__title\" role=\"heading\" aria-level=\"3\">Le classement g\u00e9n\u00e9ral \u00e0 l\u2019issue de la 15e \u00e9tape<\/p>\n<p>\n        17:26\n            <\/p>\n<p class=\"fig-live-post__title\" role=\"heading\" aria-level=\"3\">\u00abLa radio n\u2019a pas fonctionn\u00e9\u00bb, explique le directeur sportif de la formation Tudor<\/p>\n<p class=\"fig-paragraph\">Julian Alaphilippe pensait avoir gagn\u00e9 l\u2019\u00e9tape mais il a seulement h\u00e9rit\u00e9 de la troisi\u00e8me place devant Wout Van Aert. La faute \u00e0 un probl\u00e8me de radio selon Raphael Meyer, directeur sportif de la formation Tudor. \u00abLa radio n\u2019a pas fonctionn\u00e9, c\u2019est pour cela qu\u2019il a pens\u00e9 \u00eatre premier\u00bb.<\/p>\n<p>\n        17:20\n            <\/p>\n<p class=\"fig-live-post__title\" role=\"heading\" aria-level=\"3\">Le dernier kilom\u00e8tre de Tim Wellens en vid\u00e9o<\/p>\n<p>\n        17:15\n            <\/p>\n<p class=\"fig-live-post__title\" role=\"heading\" aria-level=\"3\">Le Top 5 de l\u2019\u00e9tape<\/p>\n<p class=\"fig-paragraph\">1. Tim Wellens<br \/>2. Victor Campenaerts, \u00e0 1\u201928\u2019\u2019<br \/>3. Julian Alaphilippe, \u00e0 1\u201936\u2019\u2019<br \/>4. Wout van Aert, m.t.<br \/>5. Axel Laurance, m.t.<\/p>\n<p>\n        17:09\n            <\/p>\n<p class=\"fig-live-post__title\" role=\"heading\" aria-level=\"3\">La Belge de 34 ans a remport\u00e9 une \u00e9tape sur les trois Grands Tours<\/p>\n<p>\n        17:05\n            <\/p>\n<p class=\"fig-live-post__title\" role=\"heading\" aria-level=\"3\">Tim Wellens offre une cinqui\u00e8me victoire d\u2019\u00e9tape \u00e0 la Belgique et \u00e0 UAE<\/p>\n<p class=\"fig-paragraph\">Le champion de Belgique a \u00e9t\u00e9 plus fort que ses compagnons d\u2019\u00e9chapp\u00e9e pour\u00a0<a href=\"http:\/\/www.lefigaro.fr\/sports\/cyclisme\/tour-de-france\/tour-de-france-le-belge-tim-wellens-coequipier-de-pogacar-ecrase-la-15e-etape-apres-un-raid-en-solitaire-20250720\" data-fig-type=\"NewsFlash\" data-gtm-custom-categorie=\"navigation\" data-gtm-custom-action=\"crossclick\" data-gtm-custom-label=\"Contextuel\" data-gtm-event=\"customEventSPE\" data-fig-domain=\"LEFIGARO\" rel=\"nofollow noopener\" target=\"_blank\">remporter la 15e \u00e9tape du Tour de France \u00e0 Carcassonne<\/a>\u00a0apr\u00e8s 43km en solitaire. Il offre une cinqui\u00e8me victoire d\u2019\u00e9tape \u00e0 la Belgique apr\u00e8s Jasper Philipsen, Tim Merlier (x2) et Remco Evenepoel la veille de la f\u00eate nationale belge. Victor Campenaerts de la formation Visma-Lease a bike termine 2e et Julian Alaphilippe remporte le sprint pour la 3e place.<\/p>\n<p>\n        16:59\n            <\/p>\n<p class=\"fig-live-post__title\" role=\"heading\" aria-level=\"3\">Wellens \u00e0 5km de l\u2019arriv\u00e9e<\/p>\n<p class=\"fig-paragraph\">Dans un faux plat descendant jusqu\u2019\u00e0 l\u2019arriv\u00e9e, le Belge continue de rouler fort et pointe \u00e0 1\u201950\u2019\u2019 des poursuivants. Il commence d\u00e9j\u00e0 \u00e0 sourire \u00e0 la cam\u00e9ra du diffuseur. Van Aert est quant \u00e0 lui revenu sur le groupe des poursuivants pour disputer la deuxi\u00e8me place.<\/p>\n<p>\n        16:54\n            <\/p>\n<p class=\"fig-live-post__title\" role=\"heading\" aria-level=\"3\">Michael Storer \u00e9lu combatif du jour<\/p>\n<p>\n        16:48\n            <\/p>\n<p class=\"fig-live-post__title\" role=\"heading\" aria-level=\"3\">Dix choses que vous ne connaissez (peut-\u00eatre pas) sur Tadej Pogacar<\/p>\n<p class=\"fig-paragraph\">Sa vie calme et discr\u00e8te \u00e0 Monaco, sa passion pour les voitures de sport, son idole de jeunesse ou encore son go\u00fbt pour le jeu. D\u00e9couvrez quelques facettes cach\u00e9es du triple vainqueur du Tour de France\u00a0<a href=\"http:\/\/www.lefigaro.fr\/sports\/cyclisme\/tour-de-france\/tour-de-france-dix-choses-que-vous-ne-connaissez-peut-etre-pas-sur-tadej-pogacar-20250719\" data-fig-type=\"NewsFlash\" data-gtm-custom-categorie=\"navigation\" data-gtm-custom-action=\"crossclick\" data-gtm-custom-label=\"Contextuel\" data-gtm-event=\"customEventSPE\" data-fig-domain=\"LEFIGARO\" rel=\"nofollow noopener\" target=\"_blank\">sur notre site<\/a>.<\/p>\n<p>\n        16:43\n            <\/p>\n<p class=\"fig-live-post__title\" role=\"heading\" aria-level=\"3\">Le Belge file vers la victoire<\/p>\n<p class=\"fig-paragraph\">1\u201930\u2019\u2019 d\u2019avance pour le rouleur de la formation UAE Tim Wellens, habitu\u00e9 des raids solitaires. Le peloton continue lui aussi \u00e0 perdre du temps puisqu\u2019il pointe \u00e0 6\u201950\u2019\u2019 d\u00e9sormais.<\/p>\n<p>\n        16:38\n            <\/p>\n<p class=\"fig-live-post__title\" role=\"heading\" aria-level=\"3\">L\u2019attaque tranchante de Tim Wellens en vid\u00e9o<\/p>\n<p>\n        16:29\n            <\/p>\n<p class=\"fig-live-post__title\" role=\"heading\" aria-level=\"3\">40 secondes d\u2019avance pour Wellens<\/p>\n<p class=\"fig-paragraph\">Le coureur belge de l\u2019\u00e9quipe UAE a attaqu\u00e9 pr\u00e8s du sommet du Col de Fontbruno (non r\u00e9pertori\u00e9), et poss\u00e8de d\u00e9sormais 40 secondes d\u2019avance sur ses 5 poursuivants \u00e0 34km de l\u2019arriv\u00e9e.<\/p>\n<p>\n        16:21\n            <\/p>\n<p class=\"fig-live-post__title\" role=\"heading\" aria-level=\"3\">Tim Wellens met tout le monde dans le rouge<\/p>\n<p class=\"fig-paragraph\">Le champion de Belgique a plac\u00e9 une acc\u00e9l\u00e9ration d\u00e9vastatrice qui a fait exploser Warren Barguil, pourtant tr\u00e8s \u00e0 l\u2019aise jusqu\u2019ici, et le reste de ses anciens compagnons d\u2019\u00e9chapp\u00e9e. Le peloton est d\u00e9sormais point\u00e9 \u00e0 six minutes. Carlos Rodriguez a \u00e9t\u00e9 l\u00e2ch\u00e9.<\/p>\n<p>\n        16:19\n            <\/p>\n<p class=\"fig-live-post__title\" role=\"heading\" aria-level=\"3\">Huit coureurs en t\u00eate dont Warren Barguil<\/p>\n<p class=\"fig-paragraph\">Enfin, la jonction est faite entre les huit coureurs les plus forts du jour \u00e0 44km de l\u2019arriv\u00e9e, m\u00eame si Tim Wellens tente de contrer d\u2019embl\u00e9e.<\/p>\n<p>\n        16:16\n            <\/p>\n<p class=\"fig-live-post__title\" role=\"heading\" aria-level=\"3\">\u00c0 une semaine de Paris, faut-il continuer \u00e0 regarder le Tour de France vid\u00e9 de suspense ?<\/p>\n<p class=\"fig-paragraph\">Tadej Pogacar a, depuis longtemps, fait de ce Tour de France un cavalier seul. Mais les centres d\u2019int\u00e9r\u00eat ne manquent pas. C\u2019est notre\u00a0<a href=\"http:\/\/www.lefigaro.fr\/sports\/cyclisme\/tour-de-france\/a-une-semaine-de-paris-faut-il-continuer-a-regarder-le-tour-de-france-vide-de-suspense-20250719\" data-fig-type=\"NewsFlash\" data-gtm-custom-categorie=\"navigation\" data-gtm-custom-action=\"crossclick\" data-gtm-custom-label=\"Contextuel\" data-gtm-event=\"customEventSPE\" data-fig-domain=\"LEFIGARO\" rel=\"nofollow noopener\" target=\"_blank\">question du jour<\/a>.<\/p>\n<p>\n        16:10\n            <\/p>\n<p class=\"fig-live-post__title\" role=\"heading\" aria-level=\"3\">Les premiers poursuivants \u00e0 20 secondes<\/p>\n<p class=\"fig-paragraph\">\u00c0 48km de l\u2019arriv\u00e9e, un groupe de 4 coureurs (Rodriguez, Barguil, Vlasov et Powless) est toujours \u00e0 la poursuite des 4 hommes de t\u00eate avec seulement 20 secondes de retard.<\/p>\n<p>\n        16:02\n            <\/p>\n<p class=\"fig-live-post__title\" role=\"heading\" aria-level=\"3\">Storer s\u2019\u00e9chappe en solitaire<\/p>\n<p class=\"fig-paragraph\">L\u2019Australien de l\u2019\u00e9quipe Tudor semble tr\u00e8s en jambes et d\u00e9pose ses 3 anciens coll\u00e8gues d\u2019\u00e9chapp\u00e9s, m\u00eame si Simmons s\u2019accroche. 5 points pour lui au sommet du Pas de Sant (2e cat\u00e9gorie).<\/p>\n<p>\n        15:58\n            <\/p>\n<p class=\"fig-live-post__title\" role=\"heading\" aria-level=\"3\">Une \u00e9chapp\u00e9e \u00e0 quatre se forme<\/p>\n<p class=\"fig-paragraph\">Derri\u00e8re le duo Storer-Simmons, Campenaerts et Wellens s\u2019accrochent et prennent une r\u00e9elle option sur la victoire finale. Plus que 1 km avant le sommet du Pas de Sant.<\/p>\n<p>\n        15:54\n            <\/p>\n<p class=\"fig-live-post__title\" role=\"heading\" aria-level=\"3\">Le Pas de Sant en guise de derni\u00e8re difficult\u00e9 du jour<\/p>\n<p class=\"fig-paragraph\">C\u2019est un v\u00e9ritable mur qui se dresse face aux coureurs d\u00e9sormais\u00a0: le Pas de Sant, 2,9 km \u00e0 10,2% de moyenne. Michael Storer tente sa chance d\u00e8s le pied, seulement suivi par Quinn Simmons.<\/p>\n<p>\n        15:50\n            <\/p>\n<p class=\"fig-live-post__title\" role=\"heading\" aria-level=\"3\">Le groupe de t\u00eate s\u2019\u00e9toffe \u00e0 nouveau<\/p>\n<p class=\"fig-paragraph\">11 coureurs sont d\u00e9sormais en t\u00eate puisque Leknessund est rentr\u00e9, bient\u00f4t suivi de Barguil et Vlasov. 18\u2019\u2019 d\u2019avance pour eux devant le groupe Julian Alaphilippe, Jordan Jegat&#8230;<\/p>\n<p>\n        15:39\n            <\/p>\n<p class=\"fig-live-post__title\" role=\"heading\" aria-level=\"3\">La situation \u00e0 65 km de l\u2019arriv\u00e9e<\/p>\n<p class=\"fig-paragraph\">Victor Campenaerts (Visma-Lease a Bike), Tim Wellens (UAE), Matej Mohoric (Bahrain Victorious), Carlos Rodriguez (Ineos Grenadiers), Alexey Lutsenko (Israel-Premier Tech), Neilson Powless (EF), Quinn Simmons (Lidl-Trek) et Michael Storer (Tudor) ont 40\u2019\u2019 d\u2019avance sur Wout van Aert (Visma-Lease a Bike), Pascal Eenkhoorn (Soudal Quick-Step), Michael Valgren (EF Education-EasyPost), Santiago Buitrago (Bahrain Victorious), Axel Laurance (Ineos Grenadiers), Aleksandr Vlasov (Red Bull-Bora-Hansgrohe), Thibau Nys, Jasper Stuyven (Lidl-Trek), Guillaume Martin-Guyonnet, Valentin Madouas (Groupama-FDJ), Kaden Groves, Xandro Meurisse, Mathieu Van der Poel (Alpecin-Deceuninck), Julian Alaphilippe (Tudor), Ben O\u2019Connor (Jayco-AlUla), Cristian Rodriguez (Ark\u00e9a-B&amp;B Hotels), Ivan Romeo (Movistar), Cl\u00e9ment Berthet (Decathlon-Ag2r), Harold Tejada (XDS-Astana), Jordan Jegat, Matt\u00e9o Vercher (TotalEnergies), Warren Barguil, Tobias Lund Andresen, Frank Van den Broek (Picnic-PostNL), Jake Stewart (Israel-Premier Tech) et Andreas Leknessund (Uno-X). Leknessund a lui attaqu\u00e9 dans la descente et est intercal\u00e9 \u00e0 24\u2019\u2019 du groupe de t\u00eate. Le peloton est point\u00e9 \u00e0 2\u201955\u2019\u2019.<\/p>\n<p>\n        15:35\n            <\/p>\n<p class=\"fig-live-post__title\" role=\"heading\" aria-level=\"3\">Lenny Martinez assur\u00e9 de garder son maillot \u00e0 pois au moins jusqu\u2019\u00e0 mardi<\/p>\n<p>\n        15:30\n            <\/p>\n<p class=\"fig-live-post__title\" role=\"heading\" aria-level=\"3\">Manger la luzerne, saler la soupe, fumer la pipe, \u00eates-vous incollable sur les expressions du v\u00e9lo ?<\/p>\n<p class=\"fig-paragraph\">Le monde du cyclisme n\u2019a plus de secret pour vous et vous pensez ma\u00eetriser tout le jargon de ce sport\u00a0? Testez votre niveau avec\u00a0<a href=\"http:\/\/www.lefigaro.fr\/sports\/cyclisme\/tour-de-france\/tour-de-france-manger-la-luzerne-saler-la-soupe-fumer-la-pipe-etes-vous-incollable-sur-les-expressions-du-velo-20230629\" data-fig-type=\"NewsFlash\" data-gtm-custom-categorie=\"navigation\" data-gtm-custom-action=\"crossclick\" data-gtm-custom-label=\"Contextuel\" data-gtm-event=\"customEventSPE\" data-fig-domain=\"LEFIGARO\" rel=\"nofollow noopener\" target=\"_blank\">notre questionnaire<\/a>\u00a0!<\/p>\n<p>\n        15:24\n            <\/p>\n<p class=\"fig-live-post__title\" role=\"heading\" aria-level=\"3\">Lutsenko r\u00e9cup\u00e8re deux nouveaux points au classement de la montagne<\/p>\n<p class=\"fig-paragraph\">D\u00e9j\u00e0 4 points pour le coureur de la formation Jayco Alula. Il a devanc\u00e9 le co\u00e9quipier de Tadej Pogacar Tim Wellens en t\u00eate de la c\u00f4te de Sor\u00e8ze. Le groupe de poursuite est pass\u00e9 avec 40\u2019\u2019 de retard. Le peloton est point\u00e9 \u00e0 2\u201918\u2019\u2019. Rodriguez a rejoint la t\u00eate de course entre-temps.<\/p>\n<p>\n        15:19\n            <\/p>\n<p class=\"fig-live-post__title\" role=\"heading\" aria-level=\"3\">Probl\u00e8me m\u00e9canique pour Jonas Vingegaard<\/p>\n<p class=\"fig-paragraph\">Le Danois, vainqueur du Tour en 2022 et 2023, a chang\u00e9 de v\u00e9lo au milieu de la mont\u00e9e sans \u00eatre attendu par un co\u00e9quipier. Il devrait r\u00e9int\u00e9grer le peloton sans soucis.<\/p>\n<p>\n        15:17\n            <\/p>\n<p class=\"fig-live-post__title\" role=\"heading\" aria-level=\"3\">Carlos Rodriguez s\u2019\u00e9chappe en solitaire<\/p>\n<p class=\"fig-paragraph\">Alors que la formation UAE s\u2019est mise \u00e0 donner le tempo du peloton, un groupe de contre s\u2019est form\u00e9 avec notamment Guillaume Martin-Guyonnet, Jordan Jegat, Warren Barguil et Carlos Rodriguez. Ce dernier est sorti pour rejoindre la t\u00eate de course.<\/p>\n<p>\n        15:11\n            <\/p>\n<p class=\"fig-live-post__title\" role=\"heading\" aria-level=\"3\">La C\u00f4te de Sor\u00e8ze se pr\u00e9sente face \u00e0 l\u2019\u00e9chapp\u00e9e<\/p>\n<p class=\"fig-paragraph\">Cette C\u00f4te de troisi\u00e8me cat\u00e9gorie longue de 6,2 kilom\u00e8tres, avec des pentes moyennes de 5,5%, a permis de scinder l\u2019\u00e9chapp\u00e9e en deux groupes. Campenaerts, Wellens, Mohoric, Lutsenko, Powless, Simmons et Storer ont ainsi pris de l\u2019avance. Une minute d\u2019avance sur le peloton pour eux.<\/p>\n<p>\n        15:05\n            <\/p>\n<p class=\"fig-live-post__title\" role=\"heading\" aria-level=\"3\">Trois nouveaux coureurs font la jonction en t\u00eate<\/p>\n<p class=\"fig-paragraph\">Stuyven, Simmons et Storer ont flair\u00e9 le bon coup pour rallier l\u2019\u00e9chapp\u00e9e au km 77. Cl\u00e9ment Russo a lui \u00e9t\u00e9 l\u00e2ch\u00e9. Il ne reste donc plus qu\u2019un Fran\u00e7ais en t\u00eate\u00a0: Matt\u00e9o Vercher.<\/p>\n<p>\n        15:02\n            <\/p>\n<p class=\"fig-live-post__title\" role=\"heading\" aria-level=\"3\">Lutsenko r\u00e9cup\u00e8re les deux points du grimpeur<\/p>\n<p class=\"fig-paragraph\">Le kazakh a devanc\u00e9 Neilson Powless en t\u00eate de course alors que\u00a0<br \/>Laurence, Jorgensen, Narvaez et Van Poppel sont partis en contre dans la descente de la C\u00f4te de Saint-Ferr\u00e9ol.<\/p>\n<p>\n        14:58\n            <\/p>\n<p class=\"fig-live-post__title\" role=\"heading\" aria-level=\"3\">\u00c7a bouge dans le peloton<\/p>\n<p class=\"fig-paragraph\">Julian Alaphilippe a tent\u00e9 d\u2019acc\u00e9l\u00e9rer en t\u00eate de peloton au sommet de la C\u00f4te de Saint-Ferr\u00e9ol, suivi par Quinn Simmons. \u00c0 chaque fois, Tadej Pogacar en personne s\u2019est mis dans la roue. Plus que 20 secondes d\u2019avance pour les \u00e9chapp\u00e9s.<\/p>\n<p>\n        14:50\n            <\/p>\n<p class=\"fig-live-post__title\" role=\"heading\" aria-level=\"3\">La t\u00eate de course \u00e0 100 km de l\u2019arriv\u00e9e<\/p>\n<p class=\"fig-paragraph\">Les 15 coureurs \u00e0 l\u2019avant tente toujours de creuser l\u2019\u00e9cart au pied de la premi\u00e8re difficult\u00e9 du jour, la C\u00f4te de Saint-Ferr\u00e9ol (1,7 km \u00e0 7%).<\/p>\n<p>\n        14:47\n            <\/p>\n<p class=\"fig-live-post__title\" role=\"heading\" aria-level=\"3\">Lenny Martinez \u00e0 1\u201940\u2019\u2019 du peloton<\/p>\n<p class=\"fig-paragraph\">Le maillot \u00e0 pois, qui n\u2019a quasiment pas de points \u00e0 prendre ce dimanche, est distanc\u00e9 aux c\u00f4t\u00e9s de coureurs chevronn\u00e9s comme les fr\u00e8res Yates, Valentin Paret-Peintre et Marc Hirschi.<\/p>\n<p>\n        14:43\n            <\/p>\n<p class=\"fig-live-post__title\" role=\"heading\" aria-level=\"3\">Axel Laurance intercal\u00e9<\/p>\n<p class=\"fig-paragraph\">Le coureur breton de la formation Ineos Grenadiers est parti en contre mais le peloton roule fort derri\u00e8re lui. 45\u2019\u2019 de retard sur la t\u00eate de course pour lui.<\/p>\n<p>\n        14:41\n            <\/p>\n<p class=\"fig-live-post__title\" role=\"heading\" aria-level=\"3\">Mathieu Van der Poel r\u00e9cup\u00e8re les 20 points du sprint interm\u00e9diaire<\/p>\n<p class=\"fig-paragraph\">Sans avoir besoin de lutter, le vainqueur de la 2e \u00e9tape \u00e0 Boulogne-sur-Mer a pris les points du maillot vert devant ses compagnons d\u2019\u00e9chapp\u00e9e.<\/p>\n<p>\n        14:36\n            <\/p>\n<p class=\"fig-live-post__title\" role=\"heading\" aria-level=\"3\">52,2 km\/h de moyenne<\/p>\n<p class=\"fig-paragraph\">Le groupe de t\u00eate a parcouru 52,2 kilom\u00e8tres dans cette premi\u00e8re heure de course.<\/p>\n<p>\n        14:30\n            <\/p>\n<p class=\"fig-live-post__title\" role=\"heading\" aria-level=\"3\">\u00c0 nouveau des cassures dans le peloton<\/p>\n<p>\n        14:28\n            <\/p>\n<p class=\"fig-live-post__title\" role=\"heading\" aria-level=\"3\">Fin de l\u2019aventure pour Abrahamsen, Girmay et Stannard<\/p>\n<p class=\"fig-paragraph\">Les trois hommes intercal\u00e9s ont finalement \u00e9t\u00e9 repris par le peloton.<\/p>\n<p>\n        14:25\n            <\/p>\n<p class=\"fig-live-post__title\" role=\"heading\" aria-level=\"3\">\u00abLes hommes ont autant leur place sur le podium que les femmes\u00bb, Mathieu, 27 ans, l\u2019h\u00f4te du maillot \u00e0 pois du Tour de France<\/p>\n<p class=\"fig-paragraph\">Tout au long du Tour de France, Le Figaro va \u00e0 la rencontre de ceux qui font le Tour \u00e0 l\u2019ombre des coureurs. Aujourd\u2019hui, notre correspondant sur place a choisi de s\u2019int\u00e9resser \u00e0 l\u2019h\u00f4te du maillot \u00e0 pois du Tour de France. Un reportage \u00e0 retrouver\u00a0<a href=\"http:\/\/www.lefigaro.fr\/sports\/cyclisme\/tour-de-france\/les-hommes-ont-autant-leur-place-sur-le-podium-que-les-femmes-mathieu-27-ans-l-hote-du-maillot-a-pois-au-tour-de-france-20250720\" data-fig-type=\"NewsFlash\" data-gtm-custom-categorie=\"navigation\" data-gtm-custom-action=\"crossclick\" data-gtm-custom-label=\"Contextuel\" data-gtm-event=\"customEventSPE\" data-fig-domain=\"LEFIGARO\" rel=\"nofollow noopener\" target=\"_blank\">sur notre site<\/a>.<\/p>\n<p>\n        14:18\n            <\/p>\n<p class=\"fig-live-post__title\" role=\"heading\" aria-level=\"3\">Alaphilippe r\u00e9int\u00e8gre le peloton<\/p>\n<p class=\"fig-paragraph\">Juste apr\u00e8s le retour des principaux favoris aux c\u00f4t\u00e9s du maillot jaune, le Fran\u00e7ais de 33 ans a lui aussi retrouver sa place. K\u00e9vin Vauquelin, victime d\u2019un probl\u00e8me m\u00e9canique, est lui aussi pr\u00e9sent. Un retour \u00e0 la normale rendue difficile par plusieurs coureurs \u00e0 l\u2019avant qui essayent de profiter de cette accalmie pour rejoindre l\u2019\u00e9chapp\u00e9e.<\/p>\n<p>\n        14:13\n            <\/p>\n<p class=\"fig-live-post__title\" role=\"heading\" aria-level=\"3\">15 coureurs en t\u00eate d\u00e9sormais<\/p>\n<p class=\"fig-paragraph\">Van Aert, Wellens, Eenkhoorn, Lund Andresen, Stewart et De Lie ont rejoint le groupe Van der Poel. Abrahamsen est lui parti en contre aux c\u00f4t\u00e9s de Girmay, qui esp\u00e8re r\u00e9cup\u00e9rer quelques points au sprint interm\u00e9diaire, dans 21 km.<\/p>\n<p>\n        14:10\n            <\/p>\n<p class=\"fig-live-post__title\" role=\"heading\" aria-level=\"3\">K\u00e9vin Vauquelin \u00e9galement retard\u00e9<\/p>\n<p class=\"fig-paragraph\">Tadej Pogacar est le seul favori \u00e0 avoir \u00e9t\u00e9 \u00e9pargn\u00e9 par la chute, alors que Radio Tour annonce que K\u00e9vin Vauquelin fait partie des retardataires aux c\u00f4t\u00e9s de Jonas Vingegaard. Le Normand s\u2019appr\u00eate \u00e0 rentrer sur le maillot jaune.<\/p>\n<p>\n        14:05\n            <\/p>\n<p class=\"fig-live-post__title\" role=\"heading\" aria-level=\"3\">9 coureurs dans l\u2019\u00e9chapp\u00e9e<\/p>\n<p class=\"fig-paragraph\">V. Campenaerts (Visma Lease a Bike), M. Van der Poel (Alpecin-Deceuninck), N. Powless (EF Education &#8211; Easy Post), A. Lutsenko (Israel &#8211; Premier Tech), K. Groves (Alpecin-Deceuninck), C. Russo (Groupama-FDJ), M. Mohoric (Bahrain Victorious), J. Drizners (Lotto), M. Vercher (TotalEnergies)<\/p>\n<p>\n        14:01\n            <\/p>\n<p class=\"fig-live-post__title\" role=\"heading\" aria-level=\"3\">Van der Poel d\u00e9cha\u00een\u00e9 \u00e0 l\u2019avant<\/p>\n<p class=\"fig-paragraph\">Le N\u00e9erlandais est parvenu \u00e0 distancer le maillot vert Jonathan Milan. Il compte bien r\u00e9cup\u00e9rer les 20 points du sprint interm\u00e9diaire aujourd\u2019hui. Matteo Vercher est bien cal\u00e9 dans sa roue.<\/p>\n<p>\n        13:59\n            <\/p>\n<p class=\"fig-live-post__title\" role=\"heading\" aria-level=\"3\">Une minute de retard pour les retardataires sur le maillot jaune<\/p>\n<p class=\"fig-paragraph\">Retard\u00e9 par la chute, Vingegaard travaille pour revenir dans le peloton alors que Pogacar a eu pour consigne d\u2019attendre le reste du peloton. Lenny Martinez est aux c\u00f4t\u00e9s du Danois.<\/p>\n<p>\n        13:55\n            <\/p>\n<p class=\"fig-live-post__title\" role=\"heading\" aria-level=\"3\">Neilson Powless repris, le peloton disloqu\u00e9<\/p>\n<p class=\"fig-paragraph\">Les coureurs qui ont \u00e9t\u00e9 \u00e9pargn\u00e9s par la chute ne laissent pas passer l\u2019occasion d\u2019acc\u00e9l\u00e9rer, \u00e0 commencer par Van Aert et Van der Poel. Le maillot jaune ne suit pas les attaques et attend les coureurs qui jouent le g\u00e9n\u00e9ral.<\/p>\n<p>\n        13:52\n            <\/p>\n<p class=\"fig-live-post__title\" role=\"heading\" aria-level=\"3\">Julian Alaphilippe se rel\u00e8ve<\/p>\n<p class=\"fig-paragraph\">Apr\u00e8s avoir \u00e9t\u00e9 auscult\u00e9 bri\u00e8vement, le coureur de la formation Suisse Tudor a pu repartir. Il semble souffrir de l\u2019\u00e9paule gauche.<\/p>\n<p>\n        13:48\n            <\/p>\n<p class=\"fig-live-post__title\" role=\"heading\" aria-level=\"3\">Chute massive dans le peloton<\/p>\n<p class=\"fig-paragraph\">Les coureurs du peloton ont \u00e9t\u00e9 surpris \u00e0 la sortie d\u2019un rond-point. Julian Alaphilippe para\u00eet particuli\u00e8rement mal en point. Florian Lipowitz a pu se relever tandis que Tadej Pogacar et Jonas Vingegaard ont semble-t-il \u00e9t\u00e9 \u00e9pargn\u00e9s. 1\u201930\u2019\u2019 de retard pour le maillot blanc.<\/p>\n<p>\n        13:47\n            <\/p>\n<p class=\"fig-live-post__title\" role=\"heading\" aria-level=\"3\">Foss et Lutsenko relancent, Federov insiste<\/p>\n<p class=\"fig-paragraph\">Les deux coureurs kazakhs et le Norv\u00e9gien sont revenus \u00e0 12 secondes de l\u2019homme de t\u00eate, alors que le peloton r\u00e9duit l\u2019\u00e9cart sous l\u2019impulsion.<\/p>\n<p>\n        13:41\n            <\/p>\n<p class=\"fig-live-post__title\" role=\"heading\" aria-level=\"3\">Tronchon continue d\u2019insister<\/p>\n<p class=\"fig-paragraph\">Apr\u00e8s Bruno Armirail au kilom\u00e8tre 0, c\u2019est Bastien Tronchon de la formation Decathlon-AG2R qui tente de s\u2019\u00e9chapper aux c\u00f4t\u00e9s de Federov. Neilson Powless compte, lui, d\u00e9j\u00e0 47 secondes d\u2019avance.<\/p>\n<p>\n        13:36\n            <\/p>\n<p class=\"fig-live-post__title\" role=\"heading\" aria-level=\"3\">Neilson Powless en solitaire<\/p>\n<p class=\"fig-paragraph\">Le rouleur de la formation EF-Education Post a r\u00e9ussi \u00e0 prendre 8 secondes d\u2019avance sur le peloton.<\/p>\n<p>\n        13:31\n            <\/p>\n<p class=\"fig-live-post__title\" role=\"heading\" aria-level=\"3\">D\u00e9part r\u00e9el donn\u00e9<\/p>\n<p class=\"fig-paragraph\">Les \u00e9quipes de sprinteurs devraient contr\u00f4ler les 60 premiers kilom\u00e8tres en vue du sprint interm\u00e9diaire, m\u00eame si plusieurs coureurs dont Benjamin Thomas essayent de se d\u00e9tacher du peloton.<\/p>\n<p>\n        13:28\n            <\/p>\n<p class=\"fig-live-post__title\" role=\"heading\" aria-level=\"3\">Enfin une victoire fran\u00e7aise ?<\/p>\n<p class=\"fig-paragraph\">Apr\u00e8s 26 \u00e9tapes cons\u00e9cutives sans victoire tricolore, l\u2019inqui\u00e9tude grandit alors que l\u2019on approche d\u2019une troisi\u00e8me semaine p\u00e9rilleuse qui am\u00e8nera les coureurs dans les Alpes. Plusieurs pr\u00e9tendants dont Julian Alaphilippe comptent donc profiter du parcours accident\u00e9 du jour pour tirer leur \u00e9pingle du jeu.<\/p>\n<p>\n        13:22\n            <\/p>\n<p class=\"fig-live-post__title\" role=\"heading\" aria-level=\"3\">C\u2019est parti pour cette 15e \u00e9tape<\/p>\n<p class=\"fig-paragraph\">Les quatre maillots distinctifs ouvrent la marche devant un peloton de 166 coureurs d\u00e9sormais. \u00c0 noter que l\u2019Allemand Florian Lipowitz a r\u00e9cup\u00e9r\u00e9 le maillot blanc de meilleur jeune \u00e0 Remco Evenepoel.<\/p>\n<p>\n        13:17\n            <\/p>\n<p class=\"fig-live-post__title\" role=\"heading\" aria-level=\"3\">D\u00e9part fictif dans 3 minutes<\/p>\n<p class=\"fig-paragraph\">Habituellement long de 7,5km, le parcours du d\u00e9part fictif au d\u00e9part r\u00e9el a \u00e9t\u00e9 r\u00e9duit de 4km. Le d\u00e9part r\u00e9el sera donc donn\u00e9 \u00e0 13h30.<\/p>\n<p>\n        13:11\n            <\/p>\n<p class=\"fig-live-post__title\" role=\"heading\" aria-level=\"3\">Nouveau rebondissement dans la s\u00e9rie de la pancarte avec Julian Alaphilippe<\/p>\n<p class=\"fig-paragraph\">Le coureur fran\u00e7ais de 33 ans\u00a0<a href=\"http:\/\/www.lefigaro.fr\/sports\/cyclisme\/tour-de-france\/tour-de-france-quand-julian-alaphilippe-arrache-la-pancarte-d-une-spectatrice-pour-se-proteger-du-froid-20250719\" data-fig-type=\"NewsFlash\" data-gtm-custom-categorie=\"navigation\" data-gtm-custom-action=\"crossclick\" data-gtm-custom-label=\"Contextuel\" data-gtm-event=\"customEventSPE\" data-fig-domain=\"LEFIGARO\" rel=\"nofollow noopener\" target=\"_blank\">s\u2019\u00e9tait empar\u00e9 d\u2019un carton tendu par une spectatrice samedi<\/a>\u00a0pour se prot\u00e9ger du vent. Une poign\u00e9e de minutes plus tard, il s\u2019en est excus\u00e9. Il s\u2019est amus\u00e9 de cet \u00e9pisode ce dimanche.<\/p>\n<p>\n        13:07\n            <\/p>\n<p class=\"fig-live-post__title\" role=\"heading\" aria-level=\"3\">\u00abTadej Pogacar ? Il peut finir par lasser\u00bb, s\u2019inqui\u00e8te Pierre Rolland<\/p>\n<p class=\"fig-paragraph\">L\u2019ancien grimpeur fran\u00e7ais fait le point sur le Tour de France apr\u00e8s deux semaines de course \u00e9cras\u00e9es par le Slov\u00e8ne. Entretien \u00e0 retrouver\u00a0<a href=\"http:\/\/www.lefigaro.fr\/sports\/cyclisme\/tour-de-france\/tour-de-france-pogacar-il-peut-finir-par-lasser-s-inquiete-pierre-rolland-20250720\" data-fig-type=\"NewsFlash\" data-gtm-custom-categorie=\"navigation\" data-gtm-custom-action=\"crossclick\" data-gtm-custom-label=\"Contextuel\" data-gtm-event=\"customEventSPE\" data-fig-domain=\"LEFIGARO\" rel=\"nofollow noopener\" target=\"_blank\">sur le site du Figaro<\/a>.<\/p>\n<p>\n        13:03\n            <\/p>\n<p class=\"fig-live-post__title\" role=\"heading\" aria-level=\"3\">18e abandon sur la Grande Boucle<\/p>\n<p class=\"fig-paragraph\">Lennert Van Eetvelt ne prendra pas le d\u00e9part de la 15e \u00e9tape. Le coureur de la formation Lotto jette l\u2019\u00e9ponge apr\u00e8s plusieurs chutes subies lors des deux premi\u00e8res semaines de course.<\/p>\n<p>\n        13:00\n            <\/p>\n<p class=\"fig-live-post__title\" role=\"heading\" aria-level=\"3\">Retour sur la journ\u00e9e de la veille<\/p>\n<p class=\"fig-paragraph\">La 14e \u00e9tape entre Pau et Luchon-Superbagn\u00e8res faisait figure d\u2019\u00e9tape reine des Pyr\u00e9n\u00e9es. Apr\u00e8s deux victoires cons\u00e9cutives de Tadej Pogacar, tout le monde le voyait poursuivre la s\u00e9rie au sommet de la station haut-garonnaise. C\u2019est finalement\u00a0<a href=\"http:\/\/www.lefigaro.fr\/sports\/cyclisme\/tour-de-france\/tour-de-france-arensman-s-impose-a-luchon-superbagneres-pogacar-grappille-encore-du-temps-sur-vingegaard-20250719\" data-fig-type=\"NewsFlash\" data-gtm-custom-categorie=\"navigation\" data-gtm-custom-action=\"crossclick\" data-gtm-custom-label=\"Contextuel\" data-gtm-event=\"customEventSPE\" data-fig-domain=\"LEFIGARO\" rel=\"nofollow noopener\" target=\"_blank\">Thymen Arensman<\/a>\u00a0qui s\u2019est impos\u00e9 apr\u00e8s 36km en solitaire, le maillot jaune devant se contenter de la 2e place. \u00c0 noter l\u2019abandon du maillot blanc et 3e du classement provisoire<a href=\"http:\/\/www.lefigaro.fr\/sports\/cyclisme\/tour-de-france\/tour-de-france-coup-de-tonnerre-remco-evenepoel-contraint-a-l-abandon-20250719\" data-fig-type=\"NewsFlash\" data-gtm-custom-categorie=\"navigation\" data-gtm-custom-action=\"crossclick\" data-gtm-custom-label=\"Contextuel\" data-gtm-event=\"customEventSPE\" data-fig-domain=\"LEFIGARO\" rel=\"nofollow noopener\" target=\"_blank\">\u00a0Remco Evenepoel<\/a>\u00a0d\u00e8s les premi\u00e8res pentes du Tourmalet.<\/p>\n<p>\n        12:54\n            <\/p>\n<p class=\"fig-live-post__title\" role=\"heading\" aria-level=\"3\">Parcours, horaires, favoris et curiosit\u00e9s de la quinzi\u00e8me \u00e9tape<\/p>\n<p class=\"fig-paragraph\">Apr\u00e8s un triptyque pyr\u00e9n\u00e9en intense, le peloton prend la route de l\u2019Aube. Trois ascensions attendent les coureurs, dont deux de 3e cat\u00e9gorie. Tout ce qu\u2019il faut savoir sur la course et ses \u00e0-c\u00f4t\u00e9s\u00a0<a href=\"http:\/\/www.lefigaro.fr\/sports\/cyclisme\/tour-de-france\/tour-de-france-2025-parcours-horaires-favoris-et-curiosites-de-la-quinzieme-etape-20250720\" data-fig-type=\"NewsFlash\" data-gtm-custom-categorie=\"navigation\" data-gtm-custom-action=\"crossclick\" data-gtm-custom-label=\"Contextuel\" data-gtm-event=\"customEventSPE\" data-fig-domain=\"LEFIGARO\" rel=\"nofollow noopener\" target=\"_blank\">sur notre site<\/a>.<\/p>\n<p>\n        12:46\n            <\/p>\n<p class=\"fig-live-post__title\" role=\"heading\" aria-level=\"3\">Bonjour \u00e0 tous !<\/p>\n<p class=\"fig-paragraph\">Bienvenue sur notre site pour suivre en live comment\u00e9 la 15e \u00e9tape du Tour de France qui reliera Muret \u00e0 Carcassonne. Au programme, 169,3 km promis aux baroudeurs avant la journ\u00e9e de repos demain.<\/p>\n<p>                Les publications appara\u00eetront ici<\/p>\n<p>        Fermer<\/p>\n","protected":false},"excerpt":{"rendered":"17:39 \u00abJe suis encore plus heureux que quand je gagne une \u00e9tape\u00bb, assure Pogacar Le maillot jaune est&hellip;\n","protected":false},"author":2,"featured_media":261381,"comment_status":"","ping_status":"","sticky":false,"template":"","format":"standard","meta":{"footnotes":""},"categories":[1411],"tags":[1154,207,1011,27,60,210],"class_list":{"0":"post-261380","1":"post","2":"type-post","3":"status-publish","4":"format-standard","5":"has-post-thumbnail","7":"category-cyclisme","8":"tag-cycling","9":"tag-cyclisme","10":"tag-fr","11":"tag-france","12":"tag-sports","13":"tag-tour-de-france"},"share_on_mastodon":{"url":"https:\/\/pubeurope.com\/@fr\/114886331827285522","error":""},"_links":{"self":[{"href":"https:\/\/www.europesays.com\/fr\/wp-json\/wp\/v2\/posts\/261380","targetHints":{"allow":["GET"]}}],"collection":[{"href":"https:\/\/www.europesays.com\/fr\/wp-json\/wp\/v2\/posts"}],"about":[{"href":"https:\/\/www.europesays.com\/fr\/wp-json\/wp\/v2\/types\/post"}],"author":[{"embeddable":true,"href":"https:\/\/www.europesays.com\/fr\/wp-json\/wp\/v2\/users\/2"}],"replies":[{"embeddable":true,"href":"https:\/\/www.europesays.com\/fr\/wp-json\/wp\/v2\/comments?post=261380"}],"version-history":[{"count":0,"href":"https:\/\/www.europesays.com\/fr\/wp-json\/wp\/v2\/posts\/261380\/revisions"}],"wp:featuredmedia":[{"embeddable":true,"href":"https:\/\/www.europesays.com\/fr\/wp-json\/wp\/v2\/media\/261381"}],"wp:attachment":[{"href":"https:\/\/www.europesays.com\/fr\/wp-json\/wp\/v2\/media?parent=261380"}],"wp:term":[{"taxonomy":"category","embeddable":true,"href":"https:\/\/www.europesays.com\/fr\/wp-json\/wp\/v2\/categories?post=261380"},{"taxonomy":"post_tag","embeddable":true,"href":"https:\/\/www.europesays.com\/fr\/wp-json\/wp\/v2\/tags?post=261380"}],"curies":[{"name":"wp","href":"https:\/\/api.w.org\/{rel}","templated":true}]}}