{"id":261386,"date":"2025-07-20T15:46:12","date_gmt":"2025-07-20T15:46:12","guid":{"rendered":"https:\/\/www.europesays.com\/fr\/261386\/"},"modified":"2025-07-20T15:46:12","modified_gmt":"2025-07-20T15:46:12","slug":"une-sculpture-en-metal-derobee-au-bord-de-letang-de-bridore","status":"publish","type":"post","link":"https:\/\/www.europesays.com\/fr\/261386\/","title":{"rendered":"une sculpture en m\u00e9tal d\u00e9rob\u00e9e au bord de l\u2019\u00e9tang de Bridor\u00e9"},"content":{"rendered":"<p>Elle tr\u00f4nait sur les bords de l\u2019\u00e9tang de Bridor\u00e9, qu\u2019elle \u00e9gayait depuis deux ans. La sculpture en m\u00e9tal repr\u00e9sentant une grenouille, r\u00e9alis\u00e9e par <a target=\"_self\" href=\"https:\/\/www.lanouvellerepublique.fr\/loches\/loches-une-sculpture-metallique-derobee-a-l-atelier-de-ferronnerie-d-art-du-terrier\" rel=\"nofollow noopener\">les artistes lochois Grom et Fanfan<\/a>, a \u00e9t\u00e9 vol\u00e9e, dans la nuit du vendredi 18\u00a0juillet 2025. Elle a \u00e9t\u00e9 d\u00e9coup\u00e9e \u00e0 sa base, \u00ab\u00a0certainement avec une meuleuse\u00a0\u00bb, pr\u00e9cise la maire, Pascale Morel, dans un post publi\u00e9 sur Facebook.<\/p>\n<p>Une plainte d\u00e9pos\u00e9e<\/p>\n<p>Contact\u00e9e ce dimanche, l\u2019\u00e9dile indique que la mairie a port\u00e9 plainte, samedi apr\u00e8s-midi. Une enqu\u00eate est ouverte, confi\u00e9e \u00e0 la communaut\u00e9 de brigades de Loches. D\u2019autres d\u00e9t\u00e9riorations ont aussi \u00e9t\u00e9 constat\u00e9es, pr\u00e9cise-t-elle, notamment des d\u00e9chets laiss\u00e9s sur place. \u00ab\u00a0La derni\u00e8re fois, c\u2019\u00e9tait d\u00e9j\u00e0 plusieurs jours de travail pour l\u2019employ\u00e9 communal\u00a0\u00bb, s\u2019agace l\u2019\u00e9lue.<\/p>\n<p><img alt=\"La sculpture a \u00e9t\u00e9 d\u00e9coup\u00e9e \u00e0 sa base.\" loading=\"lazy\" width=\"980\" height=\"573\" decoding=\"async\" data-nimg=\"1\" class=\"img-responsive spinner-show\" style=\"color:transparent;background-size:cover;background-position:50% 50%;background-repeat:no-repeat;background-image:url(&quot;data:image\/svg+xml;charset=utf-8,%3Csvg xmlns='http:\/\/www.w3.org\/2000\/svg' viewBox='0 0 980 573'%3E%3Cfilter id='b' color-interpolation-filters='sRGB'%3E%3CfeGaussianBlur stdDeviation='20'\/%3E%3CfeColorMatrix values='1 0 0 0 0 0 1 0 0 0 0 0 1 0 0 0 0 0 100 -1' result='s'\/%3E%3CfeFlood x='0' y='0' width='100%25' height='100%25'\/%3E%3CfeComposite operator='out' in='s'\/%3E%3CfeComposite in2='SourceGraphic'\/%3E%3CfeGaussianBlur stdDeviation='20'\/%3E%3C\/filter%3E%3Cimage width='100%25' height='100%25' x='0' y='0' preserveAspectRatio='none' style='filter: url(%23b);' href='https:\/\/images.lanouvellerepublique.fr\/image\/upload\/t_88w\/f_auto\/687ce2e4adb8e866018b45a5.jpg'\/%3E%3C\/svg%3E&quot;)\"   src=\"https:\/\/www.europesays.com\/fr\/wp-content\/uploads\/2025\/07\/687ce2e4adb8e866018b45a5.jpg\"\/><\/p>\n<p style=\"background-color:#F2F2F2;padding:5px;margin-top:0px;margin-bottom:10px\">La sculpture a \u00e9t\u00e9 d\u00e9coup\u00e9e \u00e0 sa base.<br \/> \u00a9 Photo NR, Julien Lucas<\/p>\n<p>Une double peine pour la commune de Bridor\u00e9, qui concourt pour l\u2019obtention d\u2019une premi\u00e8re fleur au label des \u00ab\u00a0Villes et villages fleuris\u00a0\u00bb, dont la sculpture \u00e9tait un \u00e9l\u00e9ment d\u2019embellissement. \u00ab\u00a0Beaucoup d\u2019efforts r\u00e9duits \u00e0 n\u00e9ant en peu de temps\u00a0!\u00a0\u00bb, d\u00e9plore-t-elle.<\/p>\n","protected":false},"excerpt":{"rendered":"Elle tr\u00f4nait sur les bords de l\u2019\u00e9tang de Bridor\u00e9, qu\u2019elle \u00e9gayait depuis deux ans. La sculpture en m\u00e9tal&hellip;\n","protected":false},"author":2,"featured_media":261387,"comment_status":"","ping_status":"","sticky":false,"template":"","format":"standard","meta":{"footnotes":""},"categories":[1358],"tags":[1392,1348,1384,1385,40115,1386,58,59,274,1011,27,3381,1387],"class_list":{"0":"post-261386","1":"post","2":"type-post","3":"status-publish","4":"format-standard","5":"has-post-thumbnail","7":"category-arts-et-design","8":"tag-a-la-une-local","9":"tag-arts","10":"tag-arts-and-design","11":"tag-arts-et-design","12":"tag-bridore","13":"tag-design","14":"tag-divertissement","15":"tag-entertainment","16":"tag-faits-divers-justice","17":"tag-fr","18":"tag-france","19":"tag-gendarmerie","20":"tag-indre-et-loire"},"share_on_mastodon":{"url":"https:\/\/pubeurope.com\/@fr\/114886344146596763","error":""},"_links":{"self":[{"href":"https:\/\/www.europesays.com\/fr\/wp-json\/wp\/v2\/posts\/261386","targetHints":{"allow":["GET"]}}],"collection":[{"href":"https:\/\/www.europesays.com\/fr\/wp-json\/wp\/v2\/posts"}],"about":[{"href":"https:\/\/www.europesays.com\/fr\/wp-json\/wp\/v2\/types\/post"}],"author":[{"embeddable":true,"href":"https:\/\/www.europesays.com\/fr\/wp-json\/wp\/v2\/users\/2"}],"replies":[{"embeddable":true,"href":"https:\/\/www.europesays.com\/fr\/wp-json\/wp\/v2\/comments?post=261386"}],"version-history":[{"count":0,"href":"https:\/\/www.europesays.com\/fr\/wp-json\/wp\/v2\/posts\/261386\/revisions"}],"wp:featuredmedia":[{"embeddable":true,"href":"https:\/\/www.europesays.com\/fr\/wp-json\/wp\/v2\/media\/261387"}],"wp:attachment":[{"href":"https:\/\/www.europesays.com\/fr\/wp-json\/wp\/v2\/media?parent=261386"}],"wp:term":[{"taxonomy":"category","embeddable":true,"href":"https:\/\/www.europesays.com\/fr\/wp-json\/wp\/v2\/categories?post=261386"},{"taxonomy":"post_tag","embeddable":true,"href":"https:\/\/www.europesays.com\/fr\/wp-json\/wp\/v2\/tags?post=261386"}],"curies":[{"name":"wp","href":"https:\/\/api.w.org\/{rel}","templated":true}]}}