{"id":261388,"date":"2025-07-20T15:47:11","date_gmt":"2025-07-20T15:47:11","guid":{"rendered":"https:\/\/www.europesays.com\/fr\/261388\/"},"modified":"2025-07-20T15:47:11","modified_gmt":"2025-07-20T15:47:11","slug":"en-grande-difficulte-financiere-lune-des-plus-vieilles-librairies-jeunesse-pourrait-fermer-ses-portes","status":"publish","type":"post","link":"https:\/\/www.europesays.com\/fr\/261388\/","title":{"rendered":"en grande difficult\u00e9 financi\u00e8re, l&rsquo;une des plus vieilles librairies jeunesse pourrait fermer ses portes"},"content":{"rendered":"<p class=\"article__intro\">L&rsquo;une des plus vieilles librairies jeunesse de France pourrait bient\u00f4t fermer ses portes. Depuis 50 ans, la librairie Comptines, \u00e0 Bordeaux, s&rsquo;est sp\u00e9cialis\u00e9e dans les livres pour enfants. Mais la conjoncture \u00e9conomique et le d\u00e9sint\u00e9r\u00eat des jeunes pour livres ont pouss\u00e9 sa g\u00e9rante \u00e0 demander son placement en redressement judiciaire.<\/p>\n<p>\n      La Quotidienne Soci\u00e9t\u00e9\n    <\/p>\n<p>\n      De la vie quotidienne aux grands enjeux, recevez tous les jours les sujets qui font la soci\u00e9t\u00e9 locale, comme la justice, l\u2019\u00e9ducation, la sant\u00e9 et la famille.\n    <\/p>\n<p>    France T\u00e9l\u00e9visions utilise votre adresse e-mail afin de vous envoyer la newsletter \u00ab\u00a0La Quotidienne Soci\u00e9t\u00e9\u00a0\u00bb. Vous pouvez vous d\u00e9sinscrire \u00e0 tout moment via le lien en bas de cette newsletter. <a target=\"_blank\" href=\"https:\/\/www.francetelevisions.fr\/groupe\/confidentialite\/politique-de-confidentialite\/politique-de-confidentialite-de-france-televisions-6503\" rel=\"nofollow noopener\">Notre politique de confidentialit\u00e9<\/a><\/p>\n<p>Sa devanture rouge fait partie du paysage de la rue Duffour Dubergier, situ\u00e9e \u00e0 quelques encablures de la cath\u00e9drale Saint-Andr\u00e9 \u00e0 Bordeaux. Plus vieille librairie sp\u00e9cialis\u00e9e dans les ouvrages jeunesse de France, la librairie Comptines propose aux enfants des milliers de livres et bande dessin\u00e9e depuis plus de 50 ans.<\/p>\n<p>Pourtant, depuis quelques mois, l&rsquo;institution bordelaise fait face \u00e0 de grandes difficult\u00e9s financi\u00e8res. Elle a \u00e9t\u00e9 contrainte de se placer en redressement judiciaire.<\/p>\n<p><a data-article-figure=\"\" href=\"https:\/\/france3-regions.franceinfo.fr\/image\/ndHkQq1rdiFCM3vz25Z7KjFnslo\/1920x1080\/regions\/2025\/07\/20\/33-la-plus-ancienne-librairie-enfantine-de-bx-en-danger-00-01-01-24-687cc2b14925f243093342.jpg\" data-pswp-width=\"1920\" data-pswp-height=\"1080\" target=\"_blank\" rel=\"nofollow noopener\"><\/p>\n<p>          <img width=\"600\" height=\"400\" class=\"article-image lazy\" data-src=\"https:\/\/www.europesays.com\/fr\/wp-content\/uploads\/2025\/07\/33-la-plus-ancienne-librairie-enfantine-de-bx-en-danger-00-01-01-24-687cc2b14925f243093342.jpg\" alt=\"La librairie Comptines existe depuis plus de 50 ans. C'est l'une des plus anciennes sp\u00e9cialis\u00e9es de France.\" fetchpriority=\"high\" as=\"image\"\/><\/p>\n<p>\n            La librairie Comptines existe depuis plus de 50 ans. C&rsquo;est l&rsquo;une des plus anciennes sp\u00e9cialis\u00e9es de France.<br \/>\n                           \u2022<br \/>\n                                      \u00a9 France 3 Aquitaine\n                      <\/p>\n<p><\/a><\/p>\n<p>Dans les rayons, Nathalie Ventax a une astuce pour camoufler les trous qui se sont form\u00e9s de part et d\u2019autre. \u201cOn met beaucoup de livres devant, on les dispose de fa\u00e7on \u00e0 dissimuler les trous, explique la g\u00e9rante de la librairie. On ressort aussi des choses qui sont moins pris\u00e9es que l\u2019on n\u2019avait pas vu depuis longtemps en attendant que les cartons arrivent.\u201d<\/p>\n<p><a data-article-figure=\"\" href=\"https:\/\/france3-regions.franceinfo.fr\/image\/O7i3sX6QnK0Hj_9ka90UOES_bB0\/1920x1080\/regions\/2025\/07\/20\/33-la-plus-ancienne-librairie-enfantine-de-bx-en-danger-00-00-13-01-687cc2f5c57ea072485369.jpg\" data-pswp-width=\"1920\" data-pswp-height=\"1080\" target=\"_blank\" rel=\"nofollow noopener\"><\/p>\n<p>          <img width=\"600\" height=\"400\" class=\"article-image lazy\" data-src=\"https:\/\/www.europesays.com\/fr\/wp-content\/uploads\/2025\/07\/33-la-plus-ancienne-librairie-enfantine-de-bx-en-danger-00-00-13-01-687cc2f5c57ea072485369.jpg\" alt=\"Nathalie Ventax a d\u00fb r\u00e9duire ses r\u00e9f\u00e9rences de 10.000 \u00e0 4.000.\" fetchpriority=\"high\" as=\"image\"\/><\/p>\n<p>\n            Nathalie Ventax a d\u00fb r\u00e9duire ses r\u00e9f\u00e9rences de 10.000 \u00e0 4.000.<br \/>\n                           \u2022<br \/>\n                                      \u00a9 France 3 Aquitaine\n                      <\/p>\n<p><\/a><\/p>\n<p>De 10\u00a0000 r\u00e9f\u00e9rences en moyenne, la librairie n\u2019en propose aujourd\u2019hui que 4\u00a0000. C\u2019est l\u2019une des cons\u00e9quences d\u2019une situation financi\u00e8re qui s\u2019aggrave, depuis pr\u00e8s de quatre ans : elle n\u2019a pas pu renouveler ses stocks, faute de tr\u00e9sorerie. \u201cToutes nos dettes ne sont pas encore r\u00e9pertori\u00e9es, mais on est aux alentours de 180\u00a0000 euros\u00a0\u00bb, confie Nathalie Ventax.<\/p>\n<p>Ces dettes concernent d\u2019abord les loyers, \u00e0 raison de 10\u00a0000 euros par trimestre que la g\u00e9rante ne peut plus payer sans mettre la cl\u00e9 sous la porte. \u201cIl y a aussi les factures des fournisseurs, \u00e9diteurs et transporteurs que nous n\u2019avons pas pu r\u00e9gler depuis le mois de janvier\u201d, poursuit la g\u00e9rante de la librairie.<\/p>\n<p>La cause : un d\u00e9sint\u00e9r\u00eat des jeunes pour la litt\u00e9rature, qui gagne chaque ann\u00e9e du terrain. Aujourd\u2019hui, ils passent dix fois plus de temps sur un \u00e9cran, qu\u2019\u00e0 lire un livre. \u201cC\u2019est clair qu\u2019il y a une baisse de fr\u00e9quentation et en parall\u00e8le, les gens nous demandent plus de conseils pour des BD que pour des romans. On voit une tendance \u00e0 la lecture de choses rapides\u201d, analyse Nathalie Ventax.<\/p>\n<blockquote class=\"ftvi_content_quote\">\n<p class=\"ftvi_citation_quote\">On a eu des journ\u00e9es sinistres \u00e0 300 ou 400 euros. Avant, cela pouvait monter jusqu\u2019\u00e0 800 euros.<\/p>\n<p>Nathalie Ventax<\/p>\n<p class=\"ftvi_citation_source\">G\u00e9rante de la librairie Comptines<\/p>\n<\/blockquote>\n<p>Un d\u00e9sint\u00e9r\u00eat conjugu\u00e9 \u00e0 une conjoncture \u00e9conomique morose. \u201cDe nombreux contrats publics se sont aussi arr\u00eat\u00e9s\u201d, explique la g\u00e9rante. Autant de param\u00e8tres qui ont divis\u00e9 par deux son chiffre d\u2019affaires, estim\u00e9 \u00e0 400\u00a0000 euros avant 2022.<\/p>\n<p><a data-article-figure=\"\" href=\"https:\/\/france3-regions.franceinfo.fr\/image\/ARqpQRpQP19HVHXL00FvZZ2_hO4\/1920x1080\/regions\/2025\/07\/20\/33-la-plus-ancienne-librairie-enfantine-de-bx-en-danger-00-00-37-18-687cc42f6774e236808557.jpg\" data-pswp-width=\"1920\" data-pswp-height=\"1080\" target=\"_blank\" rel=\"nofollow noopener\"><\/p>\n<p>          <img width=\"600\" height=\"400\" class=\"article-image lazy\" data-src=\"https:\/\/www.europesays.com\/fr\/wp-content\/uploads\/2025\/07\/33-la-plus-ancienne-librairie-enfantine-de-bx-en-danger-00-00-37-18-687cc42f6774e236808557.jpg\" alt=\"Nathalie Ventax fait face \u00e0 des dettes d'environ 180.000 euros. Sa librairie plac\u00e9e en redressement judiciaire, elle esp\u00e8re pouvoir passer la p\u00e9riode des f\u00eates.\" fetchpriority=\"high\" as=\"image\"\/><\/p>\n<p>\n            Nathalie Ventax fait face \u00e0 des dettes d&rsquo;environ 180.000 euros. Sa librairie plac\u00e9e en redressement judiciaire, elle esp\u00e8re pouvoir passer la p\u00e9riode des f\u00eates.<br \/>\n                           \u2022<br \/>\n                                      \u00a9 France 3 Aquitaine\n                      <\/p>\n<p><\/a><\/p>\n<p>Face \u00e0 une chute perp\u00e9tuelle des ventes depuis 2022, la librairie s&rsquo;est vue contrainte de demander un placement en redressement judiciaire. La proc\u00e9dure en cours lui a ainsi permis de geler ces dettes, pour quelques mois. \u201cOn a jusqu\u2019\u00e0 No\u00ebl. Si on n\u2019arrive pas \u00e0 vendre \u00e0 cette p\u00e9riode, ce sera la fin\u201d, pr\u00e9sage Nathalie Ventax.<\/p>\n<blockquote class=\"ftvi_content_quote\">\n<p class=\"ftvi_citation_quote\">Il me reste 5.000 euros de tr\u00e9sorerie, qui peut permettre de faire de nouvelles commandes et continuer \u00e0 faire tourner le magasin.<\/p>\n<p>Nathalie Ventax<\/p>\n<p class=\"ftvi_citation_source\">G\u00e9rante de la librairie Comptines<\/p>\n<\/blockquote>\n<p>Un regret pour les habitu\u00e9s de l\u2019\u00e9tablissement. \u201cJe viens ici depuis 40 ans. Ce que j\u2019aime c\u2019est leur sp\u00e9cialit\u00e9, je sais que je vais toujours trouver quelque chose, que ce soit des contes anciens que je lisais petite ou des d\u00e9couvertes\u201d, confie une grand-m\u00e8re.<\/p>\n<p><a data-article-figure=\"\" href=\"https:\/\/france3-regions.franceinfo.fr\/image\/sdh5e_laV3iFAy_Ru77EBP77Lc8\/1920x1080\/regions\/2025\/07\/20\/33-la-plus-ancienne-librairie-enfantine-de-bx-en-danger-00-01-32-16-687cc364c3ed0494342412.jpg\" data-pswp-width=\"1920\" data-pswp-height=\"1080\" target=\"_blank\" rel=\"nofollow noopener\"><\/p>\n<p>          <img width=\"600\" height=\"400\" class=\"article-image lazy\" data-src=\"https:\/\/www.europesays.com\/fr\/wp-content\/uploads\/2025\/07\/33-la-plus-ancienne-librairie-enfantine-de-bx-en-danger-00-01-32-16-687cc364c3ed0494342412.jpg\" alt=\"Pour survivre, la librairie a r\u00e9colt\u00e9 plus de 7.000 euros gr\u00e2ce \u00e0 une cagnotte en ligne.\" fetchpriority=\"high\" as=\"image\"\/><\/p>\n<p>\n            Pour survivre, la librairie a r\u00e9colt\u00e9 plus de 7.000 euros gr\u00e2ce \u00e0 une cagnotte en ligne.<br \/>\n                           \u2022<br \/>\n                                      \u00a9 France 3 Aquitaine\n                      <\/p>\n<p><\/a><\/p>\n<p>Ce combat pour survivre, la libraire l\u2019a entam\u00e9 en 2022. \u201cOn a eu un audit pour comprendre ce qui n\u2019allait pas. On a \u00e9t\u00e9 aid\u00e9 par la R\u00e9gion, le centre national du libre, une association d\u2019\u00e9diteurs pour redresser la barre, mais cela n\u2019a pas fonctionn\u00e9\u201d, soupire Nathalie Ventax. <a target=\"_blank\" rel=\"noopener noreferrer nofollow\" href=\"https:\/\/fr.ulule.com\/sauvons-la-librairie-comptines\/\">Une cagnotte en ligne<\/a> leur a \u00e9galement permis de r\u00e9colter 7\u00a0550 euros.<\/p>\n<p>Si elle passe la p\u00e9riode des F\u00eates, moment d\u00e9terminant pour les ventes du secteur, Nathalie envisage des actions fortes pour continuer d\u2019exister : moins de r\u00e9f\u00e9rences, moins de personnel, r\u00e9duire la surface et proposer plus de livres pour adultes voire d\u00e9velopper la papeterie et les jeux.<\/p>\n","protected":false},"excerpt":{"rendered":"L&rsquo;une des plus vieilles librairies jeunesse de France pourrait bient\u00f4t fermer ses portes. Depuis 50 ans, la librairie&hellip;\n","protected":false},"author":2,"featured_media":261389,"comment_status":"","ping_status":"","sticky":false,"template":"","format":"standard","meta":{"footnotes":""},"categories":[1357],"tags":[1379,58,59,1011,27,1380],"class_list":{"0":"post-261388","1":"post","2":"type-post","3":"status-publish","4":"format-standard","5":"has-post-thumbnail","7":"category-livres","8":"tag-books","9":"tag-divertissement","10":"tag-entertainment","11":"tag-fr","12":"tag-france","13":"tag-livres"},"share_on_mastodon":{"url":"https:\/\/pubeurope.com\/@fr\/114886347471935847","error":""},"_links":{"self":[{"href":"https:\/\/www.europesays.com\/fr\/wp-json\/wp\/v2\/posts\/261388","targetHints":{"allow":["GET"]}}],"collection":[{"href":"https:\/\/www.europesays.com\/fr\/wp-json\/wp\/v2\/posts"}],"about":[{"href":"https:\/\/www.europesays.com\/fr\/wp-json\/wp\/v2\/types\/post"}],"author":[{"embeddable":true,"href":"https:\/\/www.europesays.com\/fr\/wp-json\/wp\/v2\/users\/2"}],"replies":[{"embeddable":true,"href":"https:\/\/www.europesays.com\/fr\/wp-json\/wp\/v2\/comments?post=261388"}],"version-history":[{"count":0,"href":"https:\/\/www.europesays.com\/fr\/wp-json\/wp\/v2\/posts\/261388\/revisions"}],"wp:featuredmedia":[{"embeddable":true,"href":"https:\/\/www.europesays.com\/fr\/wp-json\/wp\/v2\/media\/261389"}],"wp:attachment":[{"href":"https:\/\/www.europesays.com\/fr\/wp-json\/wp\/v2\/media?parent=261388"}],"wp:term":[{"taxonomy":"category","embeddable":true,"href":"https:\/\/www.europesays.com\/fr\/wp-json\/wp\/v2\/categories?post=261388"},{"taxonomy":"post_tag","embeddable":true,"href":"https:\/\/www.europesays.com\/fr\/wp-json\/wp\/v2\/tags?post=261388"}],"curies":[{"name":"wp","href":"https:\/\/api.w.org\/{rel}","templated":true}]}}