{"id":261395,"date":"2025-07-20T15:51:12","date_gmt":"2025-07-20T15:51:12","guid":{"rendered":"https:\/\/www.europesays.com\/fr\/261395\/"},"modified":"2025-07-20T15:51:12","modified_gmt":"2025-07-20T15:51:12","slug":"israel-bouscule-les-oceans-son-sous-marin-autonome-fascine-lallemagne-et-lotan","status":"publish","type":"post","link":"https:\/\/www.europesays.com\/fr\/261395\/","title":{"rendered":"Isra\u00ebl bouscule les oc\u00e9ans : son sous-marin autonome fascine l\u2019Allemagne et l\u2019OTAN"},"content":{"rendered":"<p><img fetchpriority=\"high\" decoding=\"async\" width=\"1024\" height=\"502\" src=\"https:\/\/www.europesays.com\/fr\/wp-content\/uploads\/2025\/07\/Image-4-10-1024x502.jpeg\" alt=\"\" class=\"wp-image-217120\"  \/><img loading=\"lazy\" decoding=\"async\" width=\"1600\" height=\"784\" src=\"https:\/\/www.europesays.com\/fr\/wp-content\/uploads\/2025\/07\/PHOTO-2023-09-26-13-13-13_orw1ng.jpg\" alt=\"BlueWhale unmanned submarine credit: IAI\"\/><strong>BlueWhale unmanned submarine credit: IAI<\/strong><\/p>\n<p>Le monde entier regarde Isra\u00ebl avec \u00e9tonnement cette semaine, apr\u00e8s que la marine allemande a test\u00e9, en mer Baltique, le BlueWhale, un sous\u2011marin autonome r\u00e9volutionnaire d\u00e9velopp\u00e9 par l\u2019industrie a\u00e9rospatiale isra\u00e9lienne et la soci\u00e9t\u00e9 allemande ATLAS Elektronik.<br \/>Face \u00e0 la mont\u00e9e des menaces sous\u2011marines, l\u2019Allemagne a men\u00e9 deux semaines d\u2019essais intensifs dans le cadre de son programme \u00ab\u202fMarine 2035\u202f\u00bb, en collaboration avec le centre d\u2019expertise de l\u2019OTAN, qui a int\u00e9gr\u00e9 le BlueWhale dans ses syst\u00e8mes de renseignement maritime.<\/p>\n<p>Ce g\u00e9ant sans \u00e9quipage mesure 10,9 m\u00e8tres de long, pour un diam\u00e8tre de 1,12\u202fm\u00e8tre et un poids de 5,5 tonnes. Il accomplit des missions de reconnaissance discr\u00e8te, d\u00e9tecte sous\u2011marins et mines marines, collecte des donn\u00e9es acoustiques et cartographie les fonds marins \u2014 le tout sans mettre en danger de vies humaines, et \u00e0 co\u00fbts et maintenance minimaux.<br \/>Gr\u00e2ce \u00e0 ses syst\u00e8mes sonar avanc\u00e9s, il peut op\u00e9rer plusieurs semaines de mani\u00e8re autonome, rep\u00e9rer des cibles en mer comme sur terre, transmettre des informations en temps r\u00e9el, et rivaliser avec des sous\u2011marins habit\u00e9s.<\/p>\n<p>Le BlueWhale incarne la vision d\u2019Isra\u00ebl\u202f: cr\u00e9er des solutions audacieuses pour relever les d\u00e9fis s\u00e9curitaires modernes. Sa capacit\u00e9 \u00e0 prot\u00e9ger sans exposer d\u2019\u00e9quipage en fait un outil strat\u00e9gique d\u00e9j\u00e0 salu\u00e9 par Berlin comme une pierre angulaire de la modernisation navale du XXI\u1d49 si\u00e8cle.<\/p>\n<p><strong>\u00a9 Andr\u00e9 Simon Mamou<\/strong><\/p>\n","protected":false},"excerpt":{"rendered":"BlueWhale unmanned submarine credit: IAI Le monde entier regarde Isra\u00ebl avec \u00e9tonnement cette semaine, apr\u00e8s que la marine&hellip;\n","protected":false},"author":2,"featured_media":261396,"comment_status":"","ping_status":"","sticky":false,"template":"","format":"standard","meta":{"footnotes":""},"categories":[10],"tags":[1011,27,72,71],"class_list":{"0":"post-261395","1":"post","2":"type-post","3":"status-publish","4":"format-standard","5":"has-post-thumbnail","7":"category-sante","8":"tag-fr","9":"tag-france","10":"tag-health","11":"tag-sante"},"share_on_mastodon":{"url":"https:\/\/pubeurope.com\/@fr\/114886363401675556","error":""},"_links":{"self":[{"href":"https:\/\/www.europesays.com\/fr\/wp-json\/wp\/v2\/posts\/261395","targetHints":{"allow":["GET"]}}],"collection":[{"href":"https:\/\/www.europesays.com\/fr\/wp-json\/wp\/v2\/posts"}],"about":[{"href":"https:\/\/www.europesays.com\/fr\/wp-json\/wp\/v2\/types\/post"}],"author":[{"embeddable":true,"href":"https:\/\/www.europesays.com\/fr\/wp-json\/wp\/v2\/users\/2"}],"replies":[{"embeddable":true,"href":"https:\/\/www.europesays.com\/fr\/wp-json\/wp\/v2\/comments?post=261395"}],"version-history":[{"count":0,"href":"https:\/\/www.europesays.com\/fr\/wp-json\/wp\/v2\/posts\/261395\/revisions"}],"wp:featuredmedia":[{"embeddable":true,"href":"https:\/\/www.europesays.com\/fr\/wp-json\/wp\/v2\/media\/261396"}],"wp:attachment":[{"href":"https:\/\/www.europesays.com\/fr\/wp-json\/wp\/v2\/media?parent=261395"}],"wp:term":[{"taxonomy":"category","embeddable":true,"href":"https:\/\/www.europesays.com\/fr\/wp-json\/wp\/v2\/categories?post=261395"},{"taxonomy":"post_tag","embeddable":true,"href":"https:\/\/www.europesays.com\/fr\/wp-json\/wp\/v2\/tags?post=261395"}],"curies":[{"name":"wp","href":"https:\/\/api.w.org\/{rel}","templated":true}]}}