{"id":261405,"date":"2025-07-20T15:56:12","date_gmt":"2025-07-20T15:56:12","guid":{"rendered":"https:\/\/www.europesays.com\/fr\/261405\/"},"modified":"2025-07-20T15:56:12","modified_gmt":"2025-07-20T15:56:12","slug":"elections-au-japon-cuisant-revers-pour-le-premier-ministre-ishiba-son-avenir-en-suspens-actualites","status":"publish","type":"post","link":"https:\/\/www.europesays.com\/fr\/261405\/","title":{"rendered":"Elections au Japon: cuisant revers pour le Premier ministre Ishiba, son avenir en suspens : Actualit\u00e9s"},"content":{"rendered":"<p class=\"lead \">La coalition gouvernementale du Premier ministre japonais Shigeru Ishiba a perdu la majorit\u00e9 \u00e0 la chambre haute du Parlement lors d&rsquo;\u00e9lections dimanche, un revers cuisant sur fond d&rsquo;inflation et de forte pouss\u00e9e du parti d&rsquo;extr\u00eame droite Sanseito.<\/p>\n<p class=\"lead \">Alors que 125 des 248 si\u00e8ges \u00e9taient renouvel\u00e9s lors du scrutin, le Parti lib\u00e9ral-d\u00e9mocrate (PLD, droite conservatrice) de M. Ishiba et son alli\u00e9 Komeito (centre-droit) n&rsquo;ont gagn\u00e9 que 41 si\u00e8ges, selon les projections de la t\u00e9l\u00e9vision NHK. Loin des 50 n\u00e9cessaires pour conserver leur majorit\u00e9. <\/p>\n<p class=\"lead \">Le parti populiste anti-immigration Sanseito, au slogan \u00ab\u00a0Le Japon d&rsquo;abord\u00a0\u00bb, fait lui une tr\u00e8s forte perc\u00e9e avec 16 si\u00e8ges remport\u00e9s selon les sondages sortie des urnes, alors qu&rsquo;il n&rsquo;en tient que deux dans l&rsquo;assembl\u00e9e actuelle.<\/p>\n<p class=\"lead \">De quoi exacerber les sp\u00e9culations sur une d\u00e9mission de Shigeru Ishiba, 68 ans, en fonction depuis dix mois seulement.<\/p>\n<p class=\"lead \">\u00ab\u00a0La situation est difficile, nous devons l&rsquo;examiner tr\u00e8s humblement et s\u00e9rieusement\u00a0\u00bb, a comment\u00e9 dimanche soir M. Ishiba. Questionn\u00e9 sur son avenir, il a r\u00e9pondu: \u00ab\u00a0Nous ne pouvons rien faire avant d&rsquo;avoir vu les r\u00e9sultats finaux, mais je me montrerai conscient de ma responsabilit\u00e9\u00a0\u00bb.<\/p>\n<p class=\"lead \">\u00ab\u00a0D&rsquo;un c\u00f4t\u00e9, certains consid\u00e8rent que les n\u00e9gociations commerciales toujours en cours avec l&rsquo;admnistration Trump pourraient lui offrir un sursis. De l&rsquo;autre, le Premier ministre lui-m\u00eame avait d\u00e9clar\u00e9 viser 50 si\u00e8ges: avec un r\u00e9sultat en-de\u00e7\u00e0, il serait probablement logique qu&rsquo;il d\u00e9missionne\u00a0\u00bb, a indiqu\u00e9 \u00e0 la NHK Koji Nakakita, professeur \u00e0 l&rsquo;Universit\u00e9 Chuo.<\/p>\n<p class=\"lead \">\u00ab\u00a0Il pourrait \u00eatre remplac\u00e9 par quelqu&rsquo;un d&rsquo;autre, mais on ne sait pas encore qui\u00a0\u00bb, confirme \u00e0 l&rsquo;AFP Hidehiro Yamamoto, professeur de politique \u00e0 l&rsquo;Universit\u00e9 de Tsukuba.<\/p>\n<p class=\"lead \">La coalition gouvernementale est d\u00e9j\u00e0 en minorit\u00e9 \u00e0 la chambre basse du Parlement, depuis une d\u00e9b\u00e2cle aux \u00e9lections l\u00e9gislatives anticip\u00e9es de l&rsquo;automne &#8211;que M. Ishiba avait lui-m\u00eame convoqu\u00e9es apr\u00e8s avoir pris en septembre la t\u00eate du PLD.<\/p>\n<p class=\"lead \">Le PLD gouverne le Japon de mani\u00e8re quasi ininterrompue depuis 1955, malgr\u00e9 de fr\u00e9quents changements de dirigeants.<\/p>\n<p class=\"lead \">Le Japon pourrait d\u00e9sormais entrer \u00ab\u00a0en terrain inconnu, avec un gouvernement en minorit\u00e9 dans les deux chambres du Parlement, situation in\u00e9dite depuis la Seconde Guerre mondiale\u00a0\u00bb, rappelle Toru Yoshida, professeur de sciences politiques \u00e0 l&rsquo;Universit\u00e9 Doshisha.<\/p>\n<p class=\"lead \"> Faute d&rsquo;une coalition alternative entre des partis d&rsquo;opposition fragment\u00e9s et incompatibles entre eux, \u00ab\u00a0le sc\u00e9nario probable pourrait d\u00e9sormais \u00eatre une grande coalition entre le PLD et le Parti d\u00e9mocrate constitutionnel\u00a0\u00bb (centre-gauche), principale force d&rsquo;opposition, estime Hidehiro Yamamoto.<\/p>\n<p class=\"lead \">-Prix du riz-<\/p>\n<p class=\"lead \">Minoritaires \u00e0 la chambre basse, le PLD et Komeito devaient d\u00e9j\u00e0 transiger avec l&rsquo;opposition pour faire voter leurs textes, alors m\u00eame que la conjoncture s&rsquo;assombrit.<\/p>\n<p class=\"lead \">L&rsquo;inflation reste forte (+3,3% en juin hors produits frais), tir\u00e9e par une vertigineuse flamb\u00e9e des prix du riz qui ont doubl\u00e9 en l&rsquo;espace d&rsquo;un an.<\/p>\n<p class=\"lead \">\u00ab\u00a0Les prix de base augmentent, mais je suis surtout inquiet que les salaires n&rsquo;augmentent pas\u00a0\u00bb, soupirait dimanche Atsushi Matsuura, 54 ans, dans un bureau de vote de Tokyo.<\/p>\n<p class=\"lead \">Pour att\u00e9nuer l&rsquo;impact inflationniste, Shigeru Ishiba a \u00e9tendu les aides au logement, prolong\u00e9 des subventions \u00e0 l&rsquo;\u00e9nergie, et s&rsquo;est engag\u00e9 \u00e0 verser des ch\u00e8ques d&rsquo;aides aux citoyens. Les autorit\u00e9s ont \u00e9galement d\u00e9bloqu\u00e9 une partie des r\u00e9serves strat\u00e9giques de riz pour faire baisser les prix, sans succ\u00e8s pour l&rsquo;heure.<\/p>\n<p class=\"lead \">Par ailleurs, l&rsquo;offensive douani\u00e8re de Donald Trump a fait plonger d&rsquo;un quart les ventes automobiles vers les Etats-Unis, un secteur qui repr\u00e9sente 8% des emplois dans l&rsquo;archipel. La menace de surtaxes g\u00e9n\u00e9ralis\u00e9es de 25% au 1er ao\u00fbt fragilise le tissu \u00e9conomique nippon, tr\u00e8s d\u00e9pendant des exportations.<\/p>\n<p class=\"lead \">Alors que le n\u00e9gociateur japonais s&rsquo;est rendu \u00e0 sept reprises aux Etats-Unis, les pourparlers avec Washington s&rsquo;enlisent. Avant l&rsquo;\u00e9lection, Shigeru Ishiba avait affich\u00e9 une strat\u00e9gie maximaliste consistant \u00e0 r\u00e9clamer l&rsquo;\u00e9limination totale des droits de douane. <\/p>\n<p class=\"lead \">Les march\u00e9s financiers s&rsquo;inqui\u00e8tent, eux, des d\u00e9rives budg\u00e9taires, les massifs plans de relance et d&rsquo;aides du gouvernement Ishiba aggravant un endettement d\u00e9j\u00e0 lourd. Plusieurs \u00e9missions obligataires de Tokyo ont \u00e9t\u00e9 boud\u00e9es ces derniers mois, faisant s&rsquo;envoler les taux nippons.<\/p>\n<p class=\"lead \">&#8211; \u00ab\u00a0Le Japon d&rsquo;abord\u00a0\u00bb &#8211;<\/p>\n<p class=\"lead \">La pouss\u00e9e du Sanseito, qui empi\u00e8te sur le vote PLD, \u00e9tait \u00e9galement surveill\u00e9e de pr\u00e8s.<\/p>\n<p class=\"lead \">Cette formation pr\u00f4ne des \u00ab\u00a0r\u00e8gles et restrictions durcies\u00a0\u00bb en mati\u00e8re d&rsquo;immigration, fustige le \u00ab\u00a0mondialisme\u00a0\u00bb, d\u00e9nonce les politiques de genre \u00ab\u00a0radicales\u00a0\u00bb, et appelle \u00e0 refondre les strat\u00e9gies de vaccination et de d\u00e9carbonation. <\/p>\n<p class=\"lead \">Sous pression en raison de positions jug\u00e9es prorusses, le Sanseito a farouchement ni\u00e9 avoir tout lien avec Moscou.<\/p>\n<p class=\"lead \">\u00ab\u00a0Ils expriment ce que je pense mais que je ne pouvais pas dire depuis longtemps\u00a0\u00bb, confiait r\u00e9cemment \u00e0 l&rsquo;AFP une \u00e9lectrice lors d&rsquo;un rassemblement du parti.<\/p>\n","protected":false},"excerpt":{"rendered":"La coalition gouvernementale du Premier ministre japonais Shigeru Ishiba a perdu la majorit\u00e9 \u00e0 la chambre haute du&hellip;\n","protected":false},"author":2,"featured_media":261406,"comment_status":"","ping_status":"","sticky":false,"template":"","format":"standard","meta":{"footnotes":""},"categories":[5],"tags":[13790,11910,11,1011,27,14,2070,12,1050,316,28],"class_list":{"0":"post-261405","1":"post","2":"type-post","3":"status-publish","4":"format-standard","5":"has-post-thumbnail","7":"category-international","8":"tag-conomie","9":"tag-lections","10":"tag-actualites","11":"tag-fr","12":"tag-france","13":"tag-international","14":"tag-japon","15":"tag-news","16":"tag-parlement","17":"tag-politique","18":"tag-world"},"share_on_mastodon":{"url":"https:\/\/pubeurope.com\/@fr\/114886382909206387","error":""},"_links":{"self":[{"href":"https:\/\/www.europesays.com\/fr\/wp-json\/wp\/v2\/posts\/261405","targetHints":{"allow":["GET"]}}],"collection":[{"href":"https:\/\/www.europesays.com\/fr\/wp-json\/wp\/v2\/posts"}],"about":[{"href":"https:\/\/www.europesays.com\/fr\/wp-json\/wp\/v2\/types\/post"}],"author":[{"embeddable":true,"href":"https:\/\/www.europesays.com\/fr\/wp-json\/wp\/v2\/users\/2"}],"replies":[{"embeddable":true,"href":"https:\/\/www.europesays.com\/fr\/wp-json\/wp\/v2\/comments?post=261405"}],"version-history":[{"count":0,"href":"https:\/\/www.europesays.com\/fr\/wp-json\/wp\/v2\/posts\/261405\/revisions"}],"wp:featuredmedia":[{"embeddable":true,"href":"https:\/\/www.europesays.com\/fr\/wp-json\/wp\/v2\/media\/261406"}],"wp:attachment":[{"href":"https:\/\/www.europesays.com\/fr\/wp-json\/wp\/v2\/media?parent=261405"}],"wp:term":[{"taxonomy":"category","embeddable":true,"href":"https:\/\/www.europesays.com\/fr\/wp-json\/wp\/v2\/categories?post=261405"},{"taxonomy":"post_tag","embeddable":true,"href":"https:\/\/www.europesays.com\/fr\/wp-json\/wp\/v2\/tags?post=261405"}],"curies":[{"name":"wp","href":"https:\/\/api.w.org\/{rel}","templated":true}]}}