{"id":261415,"date":"2025-07-20T16:05:12","date_gmt":"2025-07-20T16:05:12","guid":{"rendered":"https:\/\/www.europesays.com\/fr\/261415\/"},"modified":"2025-07-20T16:05:12","modified_gmt":"2025-07-20T16:05:12","slug":"troisieme-etape-de-notre-tour-des-iles-les-embiez-lile-aux-loisirs","status":"publish","type":"post","link":"https:\/\/www.europesays.com\/fr\/261415\/","title":{"rendered":"Troisi\u00e8me \u00e9tape de notre tour des \u00eeles: Les Embiez, l\u2019\u00eele aux loisirs"},"content":{"rendered":"<p>D\u00e8s le d\u00e9part, l\u2019\u00eele des Embiez, entour\u00e9e des \u00eeles du Gaou et du Grand Rouveau (qui appartiennent toujours \u00e0 la Ville), est destin\u00e9e \u00e0 accueillir le grand public avec, selon son fondateur Paul Ricard, \u00ab\u00a0tout ce qu\u2019il faut pour \u00eatre heureux: le silence, la d\u00e9contraction, l\u2019absence de circulation automobile, les joies de la mer, les promenades \u00e0 pied, \u00e0 cheval ou \u00e0 bicyclette, que sais-je encore?\u00a0\u00bb<\/p>\n<p>Pr\u00e8s de 70 ans plus tard, le pari semble avoir \u00e9t\u00e9 tenu. Les espaces naturels, notamment la pin\u00e8de, le vignoble et le littoral, ont \u00e9t\u00e9 pr\u00e9serv\u00e9s.\u00a0Et de nombreux am\u00e9nagements ont \u00e9t\u00e9 r\u00e9alis\u00e9s afin de transformer l\u2019\u00eele en cit\u00e9 baln\u00e9aire \u00ab\u00a0verte\u00a0\u00bb.<\/p>\n<p>\u00ab\u00a0Une cit\u00e9 des loisirs\u00a0\u00bb<\/p>\n<p>Huit ans apr\u00e8s avoir achet\u00e9 l\u2019\u00eele de Bendor \u00e0 Bandol, Paul Ricard met le cap sur l\u2019archipel des Embiez et ses 95 hectares.<\/p>\n<p>\u00c0 l\u2019\u00e9poque, le chef d\u2019entreprise d\u00e9crit ainsi les lieux: \u00ab\u00a0un vignoble, une vieille tour en ruines du haut de laquelle des g\u00e9n\u00e9rations de veilleurs avaient scrut\u00e9 l\u2019horizon dans la crainte d\u2019y voir s\u2019inscrire la sombre silhouette des bateaux barbaresques, d\u2019antiques canons encadrant un fort d\u00e9saffect\u00e9, des marais salants et une belle pin\u00e8de\u00a0\u00bb.<\/p>\n<p>Visionnaire, l\u2019homme d\u2019affaires souhaite \u00ab\u00a0pr\u00e9figurer la cit\u00e9 des loisirs de demain, si les hommes ont la sagesse de cr\u00e9er dans la paix, comme nous avons voulu le faire ici\u2026\u00a0\u00bb<\/p>\n<p>\u00c0 commencer par le premier port de la M\u00e9diterran\u00e9e r\u00e9serv\u00e9 \u00e0 la plaisance, qui accueille aujourd\u2019hui 750 voiliers et d\u00e9riveurs. Mais aussi des h\u00f4tels, des restaurants, des commerces, un mus\u00e9e de la mer\u2026<\/p>\n<p>\u00c9cologiste de la premi\u00e8re heure, \u00ab\u00a0le patron\u00a0\u00bb, comme il se faisait appeler, m\u00e8ne de grands travaux d\u2019adduction d\u2019eau et d\u2019assainissement.<\/p>\n<p>Mais aucun d\u00e9chet n\u2019est rejet\u00e9 au large. Les eaux us\u00e9es sont retrait\u00e9es pour irriguer la v\u00e9g\u00e9tation. Des arbres et des fleurs sont plant\u00e9s par les jardiniers.<\/p>\n<p>Un espace de s\u00e9r\u00e9nit\u00e9 \u00e0 seulement 12 minutes en bateau du continent\u2026 et qui s\u2019anime d\u2019avril \u00e0 octobre.<\/p>\n<p>              <img ci-src=\"https:\/\/www.varmatin.com\/balade\/protec\/DATA_ART_15933017-kfUDqhIr.jpg?vh=ce885f&amp;ci_seal=c4bf58fc97\" alt=\"\"\/><br \/>\n        Le concours de p\u00e9tanque de l\u2019amicale bouliste des Embiez aura lieu les 26 juillet et 30 ao\u00fbt la place centrale.  <strong>DR.<\/strong> <\/p>\n<p>Un sentier am\u00e9nag\u00e9 de six kilom\u00e8tres permet de faire le tour de l\u2019\u00eele en une heure environ. \u00c0 pied, \u00e0 v\u00e9lo ou en rosalie. Car les v\u00e9hicules \u00e0 moteur sont interdits.<\/p>\n<p>Au programme: pique-nique dans la pin\u00e8de, d\u00e9gustation de vins issus du domaine viticole bio de 10 hectares, baignade dans les criques, partie de p\u00e9tanque ou activit\u00e9s nautiques.<\/p>\n<p>Des anciens salins \u00e0 la tour de la marine \u2013 point culminant de l\u2019\u00eele \u00e0 65m d\u2019altitude \u2013 en passant par la lagune du Brusc, chaque pas offre un point de vue exceptionnel sur ce site class\u00e9 Natura 2000.<\/p>\n<p>Seuls deux lieux sont inaccessibles au grand public: la propri\u00e9t\u00e9 de la famille Ricard, et l\u2019institut oc\u00e9anographique.<\/p>\n<p>Producteurs locaux<\/p>\n<p>Un march\u00e9 de producteurs se tient chaque lundi matin sur la place du village. Entre les soupes au poisson, le marchand de cade proven\u00e7ale et le stand d\u2019olives et de tapenades, les plaisanciers et les visiteurs s\u2019arrachent les p\u00e2tisseries maison de Manon Fleuriau.<\/p>\n<p>\u00ab\u00a0Ici, sur les Embiez, c\u2019est familial. Les gens aiment bien l\u2019ambiance du march\u00e9 proven\u00e7al, avec les petits producteurs locaux. Et il y a vraiment que des gens du coin, que des produits d\u2019ici\u00a0\u00bb.<\/p>\n<p>\u00ab\u00a0Par exemple Antoine, de l\u2019autre c\u00f4t\u00e9, qui fait les produits corses ou Julien et ses fromages, \u00e7a doit faire une quinzaine d\u2019ann\u00e9es qu\u2019ils viennent sur l\u2019\u00eele, pr\u00e9sente la cr\u00e9atrice de la p\u00e2tisserie Les Gourmandises de Cannelle. J\u2019ai 33 ans, et \u00e7a fait 33 ans que je viens sur l\u2019\u00eele! Je suis venue en tant que touriste. Apr\u00e8s, j\u2019ai boss\u00e9 une dizaine d\u2019ann\u00e9es dans les restaurants et pendant deux ans, je faisais m\u00eame partie des 25 personnes qui habitaient sur l\u2019\u00eele \u00e0 l\u2019ann\u00e9e.\u00a0\u00bb<\/p>\n<p>Des gourmands attir\u00e9s par les bons produits locaux, et aussi les nombreuses animations.<\/p>\n<p>\u00ab\u00a0L\u2019\u00eele des Embiez, \u00e7a repr\u00e9sente la convivialit\u00e9 et l\u2019authenticit\u00e9. On y vient pour son esprit de famille, pour l\u2019art de vivre du Sud. Et aussi pour les petites plages et les criques, que ce soit \u00e0 l\u2019ombre des pins ou au soleil. Et on y vient bien s\u00fbr pour les activit\u00e9s et les animations durant les vacances scolaires, qu\u2019elles soient terrestres ou maritimes\u00a0\u00bb, pr\u00e9sente Sophie Allione, adjointe de la direction marketing et communication pour la soci\u00e9t\u00e9 Paul-Ricard.<\/p>\n<p>Les quelque 120.000 visiteurs qui se rendent sur l\u2019\u00eele chaque ann\u00e9e appr\u00e9cient \u00ab\u00a0l\u2019ambiance du village\u00a0\u00bb.<\/p>\n<p>              <img ci-src=\"https:\/\/www.varmatin.com\/balade\/protec\/DATA_ART_15933074-iFwCNetc.jpg?vh=95260c&amp;ci_seal=d171cba384\" alt=\"\"\/><br \/>\n        Avec ses stands culinaires et ses concerts face \u00e0 la mer, la soir\u00e9e plage attire chaque \u00e9t\u00e9 de nombreux visiteurs et plaisanciers. <strong>DR.<\/strong> <\/p>\n<p>                                Des animations de qualit\u00e9<\/p>\n<p>\u00ab\u00a0On est vraiment sur une \u00eele vivante et anim\u00e9e tout l\u2019\u00e9t\u00e9. Toutes les semaines on a des shows. Il n\u2019y a une journ\u00e9e pendant la semaine o\u00f9 il n\u2019y a pas un petit \u00e9v\u00e9nement.\u00a0Pour les Pacific et les Havana Days, il y a une tr\u00e8s grande sc\u00e8ne de spectacle et on va avoir des danseurs, des chanteurs\u2026 On fait plus de 350 couverts lors de ces soir\u00e9es. Donc c\u2019est vraiment un super moment\u00a0\u00bb, invite Camille Jouffrais, manager au restaurant Le BBQ.<\/p>\n<p>\u00ab\u00a0Cet \u00e9t\u00e9 on va retrouver du cin\u00e9ma en plein air, de la musique live sur la sc\u00e8ne de la place centrale, des soir\u00e9es plage sur l\u2019esplanade avec des ateliers culinaires, le week-end d\u00e9di\u00e9 \u00e0 la Polyn\u00e9sie, la Camargue aux Embiez, avec des chevaux camarguais mont\u00e9s et un groupe gipsy\u2026\u00a0\u00bb, annonce Marco Bravin, r\u00e9gisseur et programmateur \u00e9v\u00e9nementiel des Embiez.<\/p>\n<p>\u00c0 ne pas manquer \u00e9galement, la journ\u00e9e et la nuit des \u00e9toiles le lundi 28 juillet; des activit\u00e9s et une conf\u00e9rence sont propos\u00e9es en int\u00e9rieur durant la journ\u00e9e et en fin de journ\u00e9e, les curieux sont invit\u00e9s \u00e0 observer la voie lact\u00e9e au-dessus des Embiez.<\/p>\n<p>Autre \u00e9toile montante de la saison estivale, la jeune chanteuse franco-br\u00e9silienne Luiza donnera un concert le samedi 9 ao\u00fbt, pour l\u2019ann\u00e9e du Br\u00e9sil en France.<\/p>\n<p>Et pour les plus romantiques, rendez-vous \u00e0 l\u2019Esplanade, sur la face ouest des Embiez, pour admirer l\u2019un des plus beaux couchers de soleil sur la c\u00f4te varoise.<\/p>\n<p>              <img ci-src=\"https:\/\/www.varmatin.com\/balade\/protec\/DATA_ART_15933014-SeudEPAH.jpg?vh=bb54db&amp;ci_seal=82d73119f7\" alt=\"\"\/><br \/>\n        Les criques sont facilement accessibles gr\u00e2ce au sentier pi\u00e9tonnier qui fait le tour de l\u2019\u00eele. <strong>DR.<\/strong> <\/p>\n<p>            Les temps forts de l\u2019\u00e9t\u00e9 et les infos pratiques<\/p>\n<p>&#8211; Sunset et DJ : tous les mardis jusqu\u2019au 19 ao\u00fbt, bar l\u2019esplanade de 19 h \u00e0 23 h 30.<\/p>\n<p>-Pacific Days : dimanche 20 juillet, week-end polyn\u00e9sien : stands, menu polyn\u00e9sien, concert et spectacle tahitien, messe polyn\u00e9sienne.<\/p>\n<p>&#8211; La Camargue aux Embiez : samedi 26 et dimanche 27 juillet, week-end camarguais : march\u00e9, tour de poney, sortie de cavaliers, concert, roussata\u00efo.<\/p>\n<p>&#8211; Concours de l\u2019Amicale bouliste Concours de p\u00e9tanque les 26 juillet et 30 ao\u00fbt, boulodrome de la place centrale.<\/p>\n<p>&#8211; La journ\u00e9e et nuit des \u00e9toiles : lundi 28 juillet, plan\u00e9tarium, conf\u00e9rence, nuit des \u00e9toiles : observation de la lune, du ciel profond, pr\u00e9sentation au laser des constellations du ciel d\u2019\u00e9t\u00e9 et la Voie Lact\u00e9e, observation au t\u00e9lescope.<\/p>\n<p>-Soir\u00e9e plage : mercredi 30 juillet et 13 ao\u00fbt, concert, stands culinaires et bars face \u00e0 la mer.<\/p>\n<p>&#8211; Journ\u00e9e des collectionneurs : dimanche 3 ao\u00fbt, exposition des objets vintage Ricard qui ont marqu\u00e9 l\u2019histoire de la marque.<\/p>\n<p>&#8211; Soir\u00e9e Havana : samedi 23 ao\u00fbt, bar \u00e0 mojito, initiation \u00e0 la salsa, concert.<\/p>\n<p>&#8211; Kids Club : jusqu\u2019au 15 ao\u00fbt, jeux coop\u00e9ratifs, ateliers cr\u00e9atifs, rallyes nature, d\u00e9fis ludiques autour des \u00e9cosyst\u00e8mes de l\u2019\u00eele, les plantes et les gestes pour pr\u00e9server l\u2019environnement.<\/p>\n<p><strong>Comment y aller?<\/strong><br \/>&#13;<br \/>\nToute l\u2019ann\u00e9e depuis le port du Brusc \u00e0 Six-Fours-les-Plages (en 12 minutes). Tarifs aller-retour: adulte 21 euros \/ enfant 12 euros. En saison estivale, du 4 juin au 28 septembre 2025, depuis le port de Sanary-sur-Mer (en 20 minutes). Tarifs aller-retour: adulte 22 euros \/ enfant 13 euros. Horaires maritimes haute saison 2025: 1er bateau \u00e0 7h et dernier bateau \u00e0 23h45 pour rejoindre l\u2019\u00eele \/ 1er bateau \u00e0 7h15 et dernier bateau \u00e0 0h30 pour rejoindre le Brusc. Navette retour \u00e0 1h30 : samedi 26 juillet, mercredi 30 juillet. Informations : <a href=\"http:\/\/www.lesilespaulricard.com\" target=\"_blank\" rel=\"noopener\">www.lesilespaulricard.com<\/a><\/p>\n<p><strong>O\u00f9 se restaurer?<\/strong><br \/>&#13;<br \/>\nAvec neuf points de restauration, les visiteurs ont le choix : cuisine de la mer, viandes et poissons grill\u00e9s, cuisine m\u00e9diterran\u00e9enne, tapas &#8211; bars, boulangerie, glacier\u2026<\/p>\n<p><strong>O\u00f9 dormir?<\/strong><br \/>&#13;<br \/>\nL\u2019\u00eele des Embiez dispose de 217 h\u00e9bergements repr\u00e9sentant un total de 317 chambres r\u00e9parties en 61 chambres d\u2019h\u00f4tel 4 \u00e9toiles, 135 appartements, huit suites premium, un mas proven\u00e7al (comprenant six chambres dans la b\u00e2tisse principale et sept chambres ind\u00e9pendantes). R\u00e9servations : <a href=\"http:\/\/www.lesilespaulricard.com\" target=\"_blank\" rel=\"noopener\">www.lesilespaulricard.com<\/a><\/p>\n<p><strong>Que faire?<\/strong><br \/>&#13;<br \/>\nLes visiteurs ont acc\u00e8s \u00e0 une large gamme d\u2019activit\u00e9s : un spa Cinq Mondes, une base nautique (paddle, kayak, voile, wing foil), des terrains de tennis et de p\u00e9tanque, une location de v\u00e9los et de rosalies, des activit\u00e9s bien-\u00eatre et sportives, des sentiers p\u00e9destres pour faire le tour de l\u2019\u00eele, le petit train, les plages et les criques, des expositions, et des animations et des \u00e9v\u00e9nements durant les vacances scolaires\u2026 Bref, aux Embiez, difficile de s\u2019ennuyer!<\/p>\n","protected":false},"excerpt":{"rendered":"D\u00e8s le d\u00e9part, l\u2019\u00eele des Embiez, entour\u00e9e des \u00eeles du Gaou et du Grand Rouveau (qui appartiennent toujours&hellip;\n","protected":false},"author":2,"featured_media":261416,"comment_status":"","ping_status":"","sticky":false,"template":"","format":"standard","meta":{"footnotes":""},"categories":[9619],"tags":[1111,11,7552,1777,674,1011,27,1393,12,882,25,2310],"class_list":{"0":"post-261415","1":"post","2":"type-post","3":"status-publish","4":"format-standard","5":"has-post-thumbnail","7":"category-toulon","8":"tag-actu","9":"tag-actualites","10":"tag-balade","11":"tag-eu","12":"tag-europe","13":"tag-fr","14":"tag-france","15":"tag-loisirs","16":"tag-news","17":"tag-provence-alpes-cote-dazur","18":"tag-republique-francaise","19":"tag-toulon"},"share_on_mastodon":{"url":"https:\/\/pubeurope.com\/@fr\/114886418268066102","error":""},"_links":{"self":[{"href":"https:\/\/www.europesays.com\/fr\/wp-json\/wp\/v2\/posts\/261415","targetHints":{"allow":["GET"]}}],"collection":[{"href":"https:\/\/www.europesays.com\/fr\/wp-json\/wp\/v2\/posts"}],"about":[{"href":"https:\/\/www.europesays.com\/fr\/wp-json\/wp\/v2\/types\/post"}],"author":[{"embeddable":true,"href":"https:\/\/www.europesays.com\/fr\/wp-json\/wp\/v2\/users\/2"}],"replies":[{"embeddable":true,"href":"https:\/\/www.europesays.com\/fr\/wp-json\/wp\/v2\/comments?post=261415"}],"version-history":[{"count":0,"href":"https:\/\/www.europesays.com\/fr\/wp-json\/wp\/v2\/posts\/261415\/revisions"}],"wp:featuredmedia":[{"embeddable":true,"href":"https:\/\/www.europesays.com\/fr\/wp-json\/wp\/v2\/media\/261416"}],"wp:attachment":[{"href":"https:\/\/www.europesays.com\/fr\/wp-json\/wp\/v2\/media?parent=261415"}],"wp:term":[{"taxonomy":"category","embeddable":true,"href":"https:\/\/www.europesays.com\/fr\/wp-json\/wp\/v2\/categories?post=261415"},{"taxonomy":"post_tag","embeddable":true,"href":"https:\/\/www.europesays.com\/fr\/wp-json\/wp\/v2\/tags?post=261415"}],"curies":[{"name":"wp","href":"https:\/\/api.w.org\/{rel}","templated":true}]}}