{"id":261421,"date":"2025-07-20T16:09:12","date_gmt":"2025-07-20T16:09:12","guid":{"rendered":"https:\/\/www.europesays.com\/fr\/261421\/"},"modified":"2025-07-20T16:09:12","modified_gmt":"2025-07-20T16:09:12","slug":"40-ans-apres-christine-quitte-cette-ecole-pres-de-rouen","status":"publish","type":"post","link":"https:\/\/www.europesays.com\/fr\/261421\/","title":{"rendered":"40 ans apr\u00e8s, Christine quitte cette \u00e9cole pr\u00e8s de Rouen"},"content":{"rendered":"<p>            Par<br \/>\n        <strong><br \/>\n            <a href=\"https:\/\/actu.fr\/auteur\/laredaction\" title=\"Consulter tous les articles de R\u00e9daction Normandie\" rel=\"nofollow noopener\" target=\"_blank\">R\u00e9daction Normandie<\/a><br \/>\n        <\/strong><\/p>\n<p>        Publi\u00e9 le<\/p>\n<p>            20 juil. 2025 \u00e0 18h05        <\/p>\n<p>C\u2019\u00e9tait la veille de tr\u00e8s grandes vacances pour Christine Queval, ATSEM (agent territorial sp\u00e9cialis\u00e9 des \u00e9coles maternelles) <strong>\u00e0 l\u2019\u00e9cole maternelle Arthur Rimbaud depuis 40\u00a0ans<\/strong>, \u00e0 <a href=\"https:\/\/actu.fr\/normandie\/saint-aubin-celloville_76558\" rel=\"nofollow noopener\" target=\"_blank\">Saint-Aubin-Celloville<\/a>. \u00c0 la fin de son service du soir, elle a \u00e9t\u00e9 dirig\u00e9e vers la salle des Friez, o\u00f9 une haie d\u2019honneur surprise, form\u00e9e de parents, d\u2019enfants et d\u2019\u00e9lus, l\u2019attendait.<\/p>\n<p>Bienveillance et professionnalisme<\/p>\n<p class=\" wall-content\">Le maire, Maxime Dehail, n\u2019a pas prononc\u00e9 le discours que l\u2019on fait habituellement pour un agent partant \u00e0 la retraite : \u00ab Je vais parler de mon exp\u00e9rience de papa. Christine, vous avez su \u00e9tablir une relation de confiance avec les parents. Pour nos enfants,<strong> vous \u00e9tiez une seconde maman<\/strong>. Vous les avez fait grandir en d\u00e9veloppant leur autonomie. J\u2019ai rencontr\u00e9 en vous une personne passionn\u00e9e par son travail et nous avons \u00e9chang\u00e9, \u00e0 plusieurs reprises, sur notre philosophie de vie. J\u2019ai une pens\u00e9e pour vos coll\u00e8gues que vous allez quitter et avec lesquels vous faisiez un v\u00e9ritable travail d\u2019\u00e9quipe \u00bb.<\/p>\n<p>Fleurs, cadeaux et messages<\/p>\n<p class=\" wall-content\">Les parents, \u00e0 l\u2019\u00e9vidence, partageaient les propos du maire. De nombreuses familles ont offert cadeaux, fleurs et petits messages \u00e0 la jeune retrait\u00e9e. <strong>Visiblement tr\u00e8s \u00e9mue,<\/strong> Christine Queval a fait ses adieux aux enfants, petits et grands, venus sp\u00e9cialement pour elle.<\/p>\n<p>    <img   decoding=\"async\" loading=\"lazy\" class=\"size-large\" src=\"https:\/\/www.europesays.com\/fr\/wp-content\/uploads\/2025\/07\/6b50a838bc6866f50a838bc683360av-768x640.jpg\" alt=\"Un dernier c\u00e2lin pour Christine Queval.\" width=\"768\" height=\"640\"\/><br \/>\n    Un dernier c\u00e2lin pour Christine Queval. \u00a9Le Bulletin<\/p>\n<p class=\" wall-content\">\u00ab C\u2019est dur de partir. Ce qui me manquera le plus, c\u2019est la relation avec les enfants. J\u2019ai toujours fait comme si c\u2019\u00e9taient les miens. \u00bb<\/p>\n<p>Les enfants, toujours les enfants<\/p>\n<p class=\" wall-content\">Christine Queval a \u00e9videmment des projets pour son temps libre. \u00ab Je vais m\u2019inscrire pour des activit\u00e9s d\u2019art plastique, j\u2019adore cela. \u00bb<\/p>\n<p>    <img   decoding=\"async\" loading=\"lazy\" class=\"size-large\" src=\"https:\/\/www.europesays.com\/fr\/wp-content\/uploads\/2025\/07\/d4038a57bc686f8038a57bc68ec038v-768x640.jpg\" alt=\"Le maire, Maxime Dehail, salue la bienveillance et le professionalisme de Christine Queval.\" width=\"768\" height=\"640\"\/><br \/>\n    Le maire de saint-Aubin-Celloville, Maxime Dehail, salue la bienveillance et le professionalisme de Christine Queval. \u00a9Le Bulletin<\/p>\n<p class=\" wall-content\">Elle n\u2019a pas l\u2019intention de s\u2019\u00e9loigner trop longtemps des enfants : \u00ab J\u2019aimerais aider b\u00e9n\u00e9volement dans une pouponni\u00e8re\u2026 \u00bb. Elle a d\u2019ailleurs d\u00e9j\u00e0 une piste. Le vendredi 4 juillet, c\u2019\u00e9tait donc son dernier jour \u00e0 l\u2019\u00e9cole, avec des projets plein la t\u00eate.<\/p>\n<p>Suivez l\u2019actualit\u00e9 de Rouen <a href=\"https:\/\/www.whatsapp.com\/channel\/0029VaKfnf99hXF2ddApFB1D\" rel=\"nofollow noopener\" target=\"_blank\">sur notre cha\u00eene WhatsApp<\/a> et <a href=\"https:\/\/www.tiktok.com\/@76actu.fr?lang=fr\" rel=\"nofollow noopener\" target=\"_blank\">sur notre compte TikTok<\/a><\/p>\n<p class=\" wall-content\">Suivez toute l\u2019actualit\u00e9 de vos villes et m\u00e9dias favoris en vous inscrivant \u00e0 <a href=\"https:\/\/moncompte.actu.fr\" title=\"D\u00e9couvez Mon Actu\" rel=\"nofollow noopener\" data-trk=\"{&quot;cta&quot;:{&quot;action&quot;:&quot;https:\\\/\\\/moncompte.actu.fr&quot;,&quot;category&quot;:&quot;mon compte&quot;,&quot;from&quot;:&quot;article footer&quot;,&quot;name&quot;:&quot;Mon actu&quot;,&quot;type&quot;:&quot;cta&quot;}}\" target=\"_blank\">Mon Actu<\/a>.<\/p>\n<p>                    <script async src=\"\/\/www.tiktok.com\/embed.js\"><\/script><\/p>\n","protected":false},"excerpt":{"rendered":"Par R\u00e9daction Normandie Publi\u00e9 le 20 juil. 2025 \u00e0 18h05 C\u2019\u00e9tait la veille de tr\u00e8s grandes vacances pour&hellip;\n","protected":false},"author":2,"featured_media":261422,"comment_status":"","ping_status":"","sticky":false,"template":"","format":"standard","meta":{"footnotes":""},"categories":[9587],"tags":[1111,11,1057,1777,674,1011,27,12,5161,25,9590,104],"class_list":{"0":"post-261421","1":"post","2":"type-post","3":"status-publish","4":"format-standard","5":"has-post-thumbnail","7":"category-rouen","8":"tag-actu","9":"tag-actualites","10":"tag-education","11":"tag-eu","12":"tag-europe","13":"tag-fr","14":"tag-france","15":"tag-news","16":"tag-normandie","17":"tag-republique-francaise","18":"tag-rouen","19":"tag-societe"},"share_on_mastodon":{"url":"https:\/\/pubeurope.com\/@fr\/114886434239177675","error":""},"_links":{"self":[{"href":"https:\/\/www.europesays.com\/fr\/wp-json\/wp\/v2\/posts\/261421","targetHints":{"allow":["GET"]}}],"collection":[{"href":"https:\/\/www.europesays.com\/fr\/wp-json\/wp\/v2\/posts"}],"about":[{"href":"https:\/\/www.europesays.com\/fr\/wp-json\/wp\/v2\/types\/post"}],"author":[{"embeddable":true,"href":"https:\/\/www.europesays.com\/fr\/wp-json\/wp\/v2\/users\/2"}],"replies":[{"embeddable":true,"href":"https:\/\/www.europesays.com\/fr\/wp-json\/wp\/v2\/comments?post=261421"}],"version-history":[{"count":0,"href":"https:\/\/www.europesays.com\/fr\/wp-json\/wp\/v2\/posts\/261421\/revisions"}],"wp:featuredmedia":[{"embeddable":true,"href":"https:\/\/www.europesays.com\/fr\/wp-json\/wp\/v2\/media\/261422"}],"wp:attachment":[{"href":"https:\/\/www.europesays.com\/fr\/wp-json\/wp\/v2\/media?parent=261421"}],"wp:term":[{"taxonomy":"category","embeddable":true,"href":"https:\/\/www.europesays.com\/fr\/wp-json\/wp\/v2\/categories?post=261421"},{"taxonomy":"post_tag","embeddable":true,"href":"https:\/\/www.europesays.com\/fr\/wp-json\/wp\/v2\/tags?post=261421"}],"curies":[{"name":"wp","href":"https:\/\/api.w.org\/{rel}","templated":true}]}}