{"id":261428,"date":"2025-07-20T16:13:12","date_gmt":"2025-07-20T16:13:12","guid":{"rendered":"https:\/\/www.europesays.com\/fr\/261428\/"},"modified":"2025-07-20T16:13:12","modified_gmt":"2025-07-20T16:13:12","slug":"cest-le-15-aout-tous-les-jours-le-stationnement-payant-dans-leur-rue-a-rennes-a-change-la-vie-de-ces-riverains","status":"publish","type":"post","link":"https:\/\/www.europesays.com\/fr\/261428\/","title":{"rendered":"\u00ab\u00a0C\u2019est le 15\u00a0ao\u00fbt tous les jours\u00a0\u00bb\u00a0: le stationnement payant dans leur rue \u00e0 Rennes a chang\u00e9 la vie de ces riverains"},"content":{"rendered":"<p>Le 24 mars 2025, le conseil municipal avait vot\u00e9 l\u2019extension du p\u00e9rim\u00e8tre de stationnement payant dans plusieurs rues de quartiers autour du centre-ville. Une disposition prise pour \u00ab r\u00e9guler la place de la voiture \u00bb dans la ville selon la municipalit\u00e9. L\u2019id\u00e9e est notamment de s\u2019attaquer aux voitures ventouses qui squattent r\u00e9guli\u00e8rement les places de parking dans ces diff\u00e9rents secteurs. Ainsi l\u2019adjointe d\u00e9l\u00e9gu\u00e9e aux Mobilit\u00e9s et aux d\u00e9placements, Val\u00e9rie Faucheux, expliquait derni\u00e8rement : \u00ab Certains habitants nous ont suppli\u00e9s de passer ces rues en stationnement payant. Ils ne pouvaient plus se garer autour de chez eux. C\u2019\u00e9tait devenu trop compliqu\u00e9. Du jour au lendemain, \u00e7a a chang\u00e9, ils nous ont remerci\u00e9s \u00bb. Ce samedi, pas de difficult\u00e9 pour trouver une place pour se garer rue Mauconseil dans le quartier sud gare. Mais pour les habitants rencontr\u00e9s sur place cela n\u2019\u00e9tait pas le cas il y a encore un mois.<\/p>\n<p>\u00ab Jamais de place alors qu\u2019on habite ici \u00bb<\/p>\n<p>En effet depuis le 16 juin, des horodateurs jalonnent la chauss\u00e9e tout le long de la rue, du boulevard Georges Pompidou jusqu\u2019\u00e0 la rue Colonel Pechot, ainsi que sur deux rues perpendiculaires. Ce sont des riverains qui se sont mobilis\u00e9s pour voir leur rue passer en stationnement payant. C\u2019est le cas de Catherine qui habite le quartier depuis 39 ans : \u00ab Avant on devait tourner et tourner longtemps. C\u2019\u00e9tait difficile de trouver une place. Les gens mettaient leurs voitures l\u00e0 pendant une semaine, quinze jours ou trois semaines. D\u2019autres aussi garaient leurs voitures et prenaient le bus pour aller bosser. C\u2019\u00e9tait compliqu\u00e9. On ne trouvait jamais de place alors qu\u2019on habite ici. Beaucoup comme nous n\u2019ont pas de garage dans cette rue. Alors on a r\u00e9clam\u00e9 et insist\u00e9 pour que \u00e7a devienne payant. Maintenant, c\u2019est le 15 ao\u00fbt tous les jours. On est ravis \u00bb.<\/p>\n<p><img decoding=\"async\" src=\"https:\/\/www.europesays.com\/fr\/wp-content\/uploads\/2025\/07\/687d13680c13dc31000c6b07.1.jpeg\" width=\"480\" height=\"300\" class=\"web_golden_m\" loading=\"lazy\" alt=\"\u00ab\u00a0On a fini par demander qu\u2019il y ait des horodateurs dans la rue\u00a0\u00bb.\"\/>\u00ab\u00a0On a fini par demander qu\u2019il y ait des horodateurs dans la rue\u00a0\u00bb. (Le T\u00e9l\u00e9gramme\/Erwan Miloux)\u00ab Tarif r\u00e9sidentiel \u00bb<\/p>\n<p>Nicolas a emm\u00e9nag\u00e9 il y a quatre mois et constate aussi une diff\u00e9rence : \u00ab C\u2019est vrai qu\u2019avant il n\u2019y avait pas beaucoup de place pour se garer. C\u2019est vrai que l\u00e0 ce sont les vacances, mais maintenant qu\u2019il y a les parcm\u00e8tres, il y a quand m\u00eame plus de places libres. En contrepartie on doit payer pour stationner. Il existe un tarif pr\u00e9f\u00e9rentiel pour les r\u00e9sidents du quartier. C\u2019est 14 \u20ac par mois. Bon d\u2019un autre c\u00f4t\u00e9 \u00e7a garantit au moins d\u2019avoir une place dans le coin. Au final je trouve \u00e7a arrangeant \u00bb.<\/p>\n<p>\u00ab Les voitures qui restaient des semaines ont disparu \u00bb<\/p>\n<p>Marilyne, qui habite une maison de la rue depuis 28 ans, se gare juste devant sa porte et ne cache pas sa satisfaction : \u00ab C\u2019est quelque chose que je ne pouvais pas faire il y a encore quelque temps. Rien que pour porter ses courses jusque chez soi c\u2019est vraiment pratique. Au d\u00e9but le stationnement \u00e9tait gratuit. Au fil du temps les gens sont venus se garer ici. On n\u2019est pas tr\u00e8s loin de la gare. Certains laissaient leur voiture ici avant de prendre le train. On voyait r\u00e9guli\u00e8rement des gens partir avec des grosses valises. On a fini par demander qu\u2019il y ait des horodateurs dans la rue. Depuis que c\u2019est le cas, les voitures qui restaient pendant des semaines ont disparu. On a retrouv\u00e9 une certaine qui\u00e9tude. Il y a de nouveau de la place. Le tarif pour les r\u00e9sidents de 14 \u20ac par mois reste raisonnable, notamment en comparaison avec le prix d\u2019une location d\u2019un garage \u00bb.<\/p>\n<p>\u00c0 la recherche d\u2019endroits gratuits dans d\u2019autres rues<\/p>\n<p>Si les habitants de la rue Mauconseil appr\u00e9cient cette mesure, d\u2019autres un peu plus loin, l\u00e0 o\u00f9 le stationnement reste pour l\u2019heure gratuit, s\u2019inqui\u00e8tent de voir les voitures venir se garer dans les rues alentour. Alain habite rue de la Courrouze, une rue parall\u00e8le \u00e0 la rue de Mauconseil, depuis 45 ans : \u00ab C\u2019est simple les gens qui se trouvent dans la zone d\u2019\u00e0 c\u00f4t\u00e9 devenue payante vont faire le tour et ils se gareront, comme ici, o\u00f9 les places sont encore gratuites. Derni\u00e8rement on cherchant \u00e0 me garer, j\u2019ai constat\u00e9 que sur la rue payante il y avait des places mais plus aucune devant chez moi. On sent bien que les gens cherchent de nouveaux endroits gratuits \u00bb<\/p>\n<p>Depuis le 16 juin, ce sont ainsi 700 places de stationnement qui sont devenues payantes aux abords du centre-ville de Rennes.<\/p>\n","protected":false},"excerpt":{"rendered":"Le 24 mars 2025, le conseil municipal avait vot\u00e9 l\u2019extension du p\u00e9rim\u00e8tre de stationnement payant dans plusieurs rues&hellip;\n","protected":false},"author":2,"featured_media":261429,"comment_status":"","ping_status":"","sticky":false,"template":"","format":"standard","meta":{"footnotes":""},"categories":[2821],"tags":[1111,11,829,21017,765,1777,674,1011,27,848,12,584,25],"class_list":{"0":"post-261428","1":"post","2":"type-post","3":"status-publish","4":"format-standard","5":"has-post-thumbnail","7":"category-rennes","8":"tag-actu","9":"tag-actualites","10":"tag-bretagne","11":"tag-deplacements-a-rennes","12":"tag-en-continu","13":"tag-eu","14":"tag-europe","15":"tag-fr","16":"tag-france","17":"tag-ille-et-vilaine","18":"tag-news","19":"tag-rennes","20":"tag-republique-francaise"},"share_on_mastodon":{"url":"https:\/\/pubeurope.com\/@fr\/114886449908770399","error":""},"_links":{"self":[{"href":"https:\/\/www.europesays.com\/fr\/wp-json\/wp\/v2\/posts\/261428","targetHints":{"allow":["GET"]}}],"collection":[{"href":"https:\/\/www.europesays.com\/fr\/wp-json\/wp\/v2\/posts"}],"about":[{"href":"https:\/\/www.europesays.com\/fr\/wp-json\/wp\/v2\/types\/post"}],"author":[{"embeddable":true,"href":"https:\/\/www.europesays.com\/fr\/wp-json\/wp\/v2\/users\/2"}],"replies":[{"embeddable":true,"href":"https:\/\/www.europesays.com\/fr\/wp-json\/wp\/v2\/comments?post=261428"}],"version-history":[{"count":0,"href":"https:\/\/www.europesays.com\/fr\/wp-json\/wp\/v2\/posts\/261428\/revisions"}],"wp:featuredmedia":[{"embeddable":true,"href":"https:\/\/www.europesays.com\/fr\/wp-json\/wp\/v2\/media\/261429"}],"wp:attachment":[{"href":"https:\/\/www.europesays.com\/fr\/wp-json\/wp\/v2\/media?parent=261428"}],"wp:term":[{"taxonomy":"category","embeddable":true,"href":"https:\/\/www.europesays.com\/fr\/wp-json\/wp\/v2\/categories?post=261428"},{"taxonomy":"post_tag","embeddable":true,"href":"https:\/\/www.europesays.com\/fr\/wp-json\/wp\/v2\/tags?post=261428"}],"curies":[{"name":"wp","href":"https:\/\/api.w.org\/{rel}","templated":true}]}}